{"id":62830,"date":"2026-03-06T11:18:07","date_gmt":"2026-03-06T11:18:07","guid":{"rendered":"https:\/\/bihavadis.com\/?p=62830"},"modified":"2026-03-06T11:18:07","modified_gmt":"2026-03-06T11:18:07","slug":"meksikada-el-mencho-sevgilisi-takip-edilerek-bulundu","status":"publish","type":"post","link":"https:\/\/bihavadis.com\/index.php\/2026\/03\/06\/meksikada-el-mencho-sevgilisi-takip-edilerek-bulundu\/","title":{"rendered":"Meksika\u2019da \u201cEl Mencho\u201d sevgilisi takip edilerek bulundu"},"content":{"rendered":"<p>Meksika&#8217;da d\u00fcn \u00f6ld\u00fcr\u00fclen Jalisco Yeni Nesil Karteli (CJNG) lideri &#8220;El Mencho&#8221; lakapl\u0131 Nemesio Oseguera&#8217;n\u0131n ard\u0131ndan \u00fclke genelinde kar\u0131\u015f\u0131kl\u0131k devam ederken, Meksika Devlet Ba\u015fkan\u0131 Claudia Sheinbaum ile Meksika Savunma Bakan\u0131 Ricardo Trevilla Trejo ortak bas\u0131n toplant\u0131s\u0131 d\u00fczenledi.<\/p>\n<p>Bakan Trejo, El Mencho&#8217;ya y\u00f6nelik operasyonun ABD deste\u011fi ile d\u00fczenlendi\u011fini belirterek, <b><em>&#8220;ABD kurumlar\u0131 ve istihbarat te\u015fkilatlar\u0131ndan da faydaland\u0131k ve bu sayede El Mencho&#8217;nun bilgi a\u011flar\u0131n\u0131 \u00e7\u00f6kertebildik ve operasyona devam edebildik. Bildi\u011finiz gibi istihbarat s\u00fcreci \u00e7ok karma\u015f\u0131kt\u0131r. \u00c7ok zaman gerektirir. \u00c7e\u015fitli kaynaklardan \u00e7ok say\u0131da ipucu ve bilgi toplamak gerekir&#8221;<\/em><\/b> dedi.<\/p>\n<p><strong>KONUMU SEVG\u0130L\u0130S\u0130 TAK\u0130P ED\u0130LEREK BULUNDU<\/strong><\/p>\n<p>El Mencho&#8217;nun sakland\u0131\u011f\u0131 yere sevgilisini takip ederek ula\u015ft\u0131klar\u0131n\u0131 a\u00e7\u0131klayan Bakan Trejo, El Mencho&#8217;nun sevgilisinin kim oldu\u011funun ise bir ba\u015fka ki\u015fi \u00fczerinden tespit edildi\u011fini belirtti. El Mencho&#8217;nun sevgilisinin Jalisco eyaletinde yer alan Tapalpa&#8217;da bir m\u00fclke kadar takip edildi\u011fini aktaran Bakan Trejo,<b><em> &#8220;21 \u015eubat&#8217;ta kad\u0131n m\u00fclk\u00fc terk etti ve El Mencho&#8217;nun o konumda kald\u0131\u011f\u0131na dair bilgi al\u0131nd\u0131&#8221; <\/em><\/b>dedi.<\/p>\n<p>Bilginin ard\u0131ndan operasyona ye\u015fil \u0131\u015f\u0131k verildi\u011fini ifade eden Bakan Trejo, bask\u0131nda El Mencho&#8217;nun yan\u0131 s\u0131ra 8 kartel \u00fcyesinin daha etkisiz hale getirildi\u011fini a\u00e7\u0131klayarak, g\u00fcvenlik g\u00fc\u00e7leri ile kartel \u00fcyeleri aras\u0131nda \u015fiddetli \u00e7at\u0131\u015fma ya\u015fand\u0131\u011f\u0131n\u0131 belirtti. Trejo, ayr\u0131ca operasyon s\u0131ras\u0131nda m\u00fchimmat ve f\u00fcze rampalar\u0131n\u0131n ele ge\u00e7irildi\u011fini aktard\u0131.<\/p>\n<p><img decoding=\"async\" src=\"https:\/\/bihavadis.com\/wp-content\/uploads\/2026\/03\/meksikada-el-mencho-sevgilisi-takip-edilerek-bulundu-0-ls4KE8s2.jpg\"\/><\/p>\n<p><strong>&#8220;EN \u00d6NEML\u0130 \u015eEY BARI\u015e VE G\u00dcVENL\u0130\u011e\u0130 SA\u011eLAMAK&#8221;<\/strong><\/p>\n<p>Devlet Ba\u015fkan\u0131 Sheinbaum ise, \u00fclke genelinde devam eden \u00e7at\u0131\u015fmalara de\u011finerek, s\u00fckunet \u00e7a\u011fr\u0131s\u0131nda bulundu. Sheinbaum,<em><b> &#8220;\u015eu anda en \u00f6nemli \u015fey, t\u00fcm Meksika halk\u0131 i\u00e7in bar\u0131\u015f ve g\u00fcvenli\u011fi sa\u011flamak. Bug\u00fcn, durum daha sakin ve h\u00fck\u00fcmet var, silahl\u0131 kuvvetler var, g\u00fcvenlik kabinesi var ve \u00e7ok say\u0131da koordinasyon var&#8221; <\/b><\/em>ifadelerini kulland\u0131.<\/p>\n<p>Sheinbaum, vatanda\u015flara g\u00fcvenli\u011fin sa\u011flanaca\u011f\u0131 s\u00f6z\u00fcn\u00fc verdi.<\/p>\n<p><img decoding=\"async\" src=\"https:\/\/bihavadis.com\/wp-content\/uploads\/2026\/03\/meksikada-el-mencho-sevgilisi-takip-edilerek-bulundu-1-ZwVfypnv.jpg\"\/><\/p>\n<p><strong>KARTEL OPERAYONA \u015e\u0130DDETLE KAR\u015eILIK VERD\u0130<\/strong><\/p>\n<p>Meksika g\u00fcvenlik g\u00fc\u00e7leri, Jalisco Yeni Nesil Karteli (CJNG) lideri<em><b> &#8220;El Mencho&#8221;<\/b><\/em> lakapl\u0131 Nemesio Oseguera&#8217;n\u0131n yakalanmas\u0131 i\u00e7in Jalisco eyaletinde yer alan Tapalpa \u015fehrinde bir askeri operasyon ger\u00e7ekle\u015ftirmi\u015fti.<\/p>\n<p>Meksika Savunma Bakanl\u0131\u011f\u0131, 4 kartel \u00fcyesinin \u00e7\u0131kan \u00e7at\u0131\u015fma s\u0131ras\u0131nda olay yerinde \u00f6ld\u00fcr\u00fcld\u00fc\u011f\u00fcn\u00fc, aralar\u0131nda El Mencho&#8217;nun da bulundu\u011fu 3 kartel \u00fcyesinin ise hava yoluyla Mexico City&#8217;ye nakledilirken hayatlar\u0131n\u0131 kaybetti\u011fini a\u00e7\u0131klam\u0131\u015ft\u0131. 2 kartel \u00fcyesinin sa\u011f olarak yakaland\u0131\u011f\u0131, 3 g\u00fcvenlik g\u00fcc\u00fc personelinin de yaraland\u0131\u011f\u0131 aktar\u0131lm\u0131\u015ft\u0131.<\/p>\n<p>El Mencho&#8217;nun \u00f6l\u00fcm\u00fc \u00fczerine bir\u00e7ok kentte ara\u00e7lar\u0131 ate\u015fe veren Jalisco Yeni Nesil Karteli (CJNG) \u00fcyeleri, Guadalajara Uluslararas\u0131 Havaliman\u0131&#8217;na sald\u0131rm\u0131\u015ft\u0131. Kartel \u00fcyelerinin g\u00fcvenlik g\u00fc\u00e7leri ile \u00e7at\u0131\u015fmaya girdi\u011fi bildirilmi\u015fti.<\/p>\n<p><img decoding=\"async\" src=\"https:\/\/bihavadis.com\/wp-content\/uploads\/2026\/03\/meksikada-el-mencho-sevgilisi-takip-edilerek-bulundu-2-7EAuA9l5.jpg\"\/> <\/p>\n<div> <span><strong>Kaynak:<\/strong> \u0130hlas Haber Ajans\u0131 (\u0130HA)<\/span> <\/div>\n","protected":false},"excerpt":{"rendered":"<p>Meksika&#8217;da d\u00fcn \u00f6ld\u00fcr\u00fclen Jalisco Yeni Nesil Karteli (CJNG) lideri &#8220;El Mencho&#8221; lakapl\u0131 Nemesio Oseguera&#8217;n\u0131n ard\u0131ndan \u00fclke genelinde kar\u0131\u015f\u0131kl\u0131k devam ederken, Meksika Devlet Ba\u015fkan\u0131 Claudia Sheinbaum ile Meksika Savunma Bakan\u0131 Ricardo Trevilla Trejo &#8230;<\/p>\n","protected":false},"author":1,"featured_media":62831,"comment_status":"open","ping_status":"open","sticky":false,"template":"","format":"standard","meta":{"footnotes":""},"categories":[6],"tags":[436,7176,3023,318,7336],"class_list":["post-62830","post","type-post","status-publish","format-standard","has-post-thumbnail","hentry","category-dunya","tag-bakan","tag-kartel","tag-meksika","tag-operasyon","tag-trejo"],"_links":{"self":[{"href":"https:\/\/bihavadis.com\/index.php\/wp-json\/wp\/v2\/posts\/62830","targetHints":{"allow":["GET"]}}],"collection":[{"href":"https:\/\/bihavadis.com\/index.php\/wp-json\/wp\/v2\/posts"}],"about":[{"href":"https:\/\/bihavadis.com\/index.php\/wp-json\/wp\/v2\/types\/post"}],"author":[{"embeddable":true,"href":"https:\/\/bihavadis.com\/index.php\/wp-json\/wp\/v2\/users\/1"}],"replies":[{"embeddable":true,"href":"https:\/\/bihavadis.com\/index.php\/wp-json\/wp\/v2\/comments?post=62830"}],"version-history":[{"count":1,"href":"https:\/\/bihavadis.com\/index.php\/wp-json\/wp\/v2\/posts\/62830\/revisions"}],"predecessor-version":[{"id":62835,"href":"https:\/\/bihavadis.com\/index.php\/wp-json\/wp\/v2\/posts\/62830\/revisions\/62835"}],"wp:featuredmedia":[{"embeddable":true,"href":"https:\/\/bihavadis.com\/index.php\/wp-json\/wp\/v2\/media\/62831"}],"wp:attachment":[{"href":"https:\/\/bihavadis.com\/index.php\/wp-json\/wp\/v2\/media?parent=62830"}],"wp:term":[{"taxonomy":"category","embeddable":true,"href":"https:\/\/bihavadis.com\/index.php\/wp-json\/wp\/v2\/categories?post=62830"},{"taxonomy":"post_tag","embeddable":true,"href":"https:\/\/bihavadis.com\/index.php\/wp-json\/wp\/v2\/tags?post=62830"}],"curies":[{"name":"wp","href":"https:\/\/api.w.org\/{rel}","templated":true}]}}