{"id":62836,"date":"2026-03-06T11:21:12","date_gmt":"2026-03-06T11:21:12","guid":{"rendered":"https:\/\/bihavadis.com\/?p=62836"},"modified":"2026-03-06T11:21:12","modified_gmt":"2026-03-06T11:21:12","slug":"kadinlar-karagolde-bulustu","status":"publish","type":"post","link":"https:\/\/bihavadis.com\/index.php\/2026\/03\/06\/kadinlar-karagolde-bulustu\/","title":{"rendered":"Kad\u0131nlar Karag\u00f6l&#8217;de Bulu\u015ftu"},"content":{"rendered":"<p> Ankara&#8217;n\u0131n \u00c7ubuk il\u00e7esinde, Kad\u0131n El \u0130\u015fleri At\u00f6lyesi kursiyerlerine y\u00f6nelik &#8220;\u0130l\u00e7emizin G\u00fczelliklerini Tan\u0131yal\u0131m&#8221; temas\u0131yla Karag\u00f6l gezisi d\u00fczenlendi.<\/p>\n<p>\u00c7ubuk Belediyesi Bas\u0131n Yay\u0131n ve Halkla \u0130li\u015fkiler M\u00fcd\u00fcrl\u00fc\u011f\u00fc ile Halk E\u011fitimi Merkezi i\u015fbirli\u011finde y\u00fcr\u00fct\u00fclen proje kapsam\u0131nda, kad\u0131nlara y\u00f6nelik meslek edindirme ve sosyal faaliyetleri kapsayan Kad\u0131n El \u0130\u015fleri At\u00f6lyesi kursiyerleri Karag\u00f6l Tabiat Park\u0131&#8217;nda do\u011fayla i\u00e7 i\u00e7e vakit ge\u00e7irdi.<\/p>\n<p>Kursiyerlerden Kamile Erdo\u011fmu\u015f, etkinli\u011fin kendileri i\u00e7in moral oldu\u011funu belirterek, arkada\u015flar\u0131yla birlikte vakit ge\u00e7irme f\u0131rsat\u0131 bulduklar\u0131n\u0131 s\u00f6yledi.<\/p>\n<p>Nadide G\u00fcnyen ise kendilerine bu imkan\u0131n sa\u011flanmas\u0131ndan duyduklar\u0131 memnuniyeti dile getirerek, \u00c7ubuklu kad\u0131nlar\u0131n bu t\u00fcr sosyal etkinliklere ihtiyac\u0131 duydu\u011funu ifade etti.<\/p>\n<p>K\u0131\u015f mevsiminde ilk defa Karag\u00f6l&#8217;e geldi\u011fini vurgulayan kursiyerlerden Hatice Esim de Karag\u00f6l&#8217;\u00fc k\u0131\u015f mevsiminde g\u00f6rmenin kendisi i\u00e7in farkl\u0131 bir deneyim oldu\u011funu belirterek, benzer etkinliklerin devam etmesini temenni etti.<\/p>\n<p>Kursiyerlerden Asl\u0131 Bozkurt ise Karag\u00f6l&#8217;de kar manzaras\u0131yla kar\u015f\u0131la\u015fman\u0131n kendilerini mutlu etti\u011fini belirterek, etkinli\u011fin sosyal a\u00e7\u0131dan kendilerine katk\u0131 sa\u011flad\u0131\u011f\u0131n\u0131 kaydetti.<\/p>\n<p>Gezinin ard\u0131ndan kursiyerler, K\u0131\u015flac\u0131k Mahallesi&#8217;nde belediyeye ait sosyal tesiste \u00e7e\u015fitli etkinliklere kat\u0131ld\u0131, ikramlarda bulunuldu.<\/p>\n","protected":false},"excerpt":{"rendered":"<p>\u00c7ubuk&#8217;ta kad\u0131n kursiyerlere y\u00f6nelik &#8216;Karag\u00f6l&#8217; gezisi d\u00fczenlendi, moral ve sosyal etkile\u015fim sa\u011fland\u0131.<\/p>\n","protected":false},"author":1,"featured_media":62837,"comment_status":"open","ping_status":"open","sticky":false,"template":"","format":"standard","meta":{"footnotes":""},"categories":[9,4,13],"tags":[2951],"class_list":["post-62836","post","type-post","status-publish","format-standard","has-post-thumbnail","hentry","category-genel","category-gundem","category-son-dakika","tag-karagol"],"_links":{"self":[{"href":"https:\/\/bihavadis.com\/index.php\/wp-json\/wp\/v2\/posts\/62836","targetHints":{"allow":["GET"]}}],"collection":[{"href":"https:\/\/bihavadis.com\/index.php\/wp-json\/wp\/v2\/posts"}],"about":[{"href":"https:\/\/bihavadis.com\/index.php\/wp-json\/wp\/v2\/types\/post"}],"author":[{"embeddable":true,"href":"https:\/\/bihavadis.com\/index.php\/wp-json\/wp\/v2\/users\/1"}],"replies":[{"embeddable":true,"href":"https:\/\/bihavadis.com\/index.php\/wp-json\/wp\/v2\/comments?post=62836"}],"version-history":[{"count":1,"href":"https:\/\/bihavadis.com\/index.php\/wp-json\/wp\/v2\/posts\/62836\/revisions"}],"predecessor-version":[{"id":62838,"href":"https:\/\/bihavadis.com\/index.php\/wp-json\/wp\/v2\/posts\/62836\/revisions\/62838"}],"wp:featuredmedia":[{"embeddable":true,"href":"https:\/\/bihavadis.com\/index.php\/wp-json\/wp\/v2\/media\/62837"}],"wp:attachment":[{"href":"https:\/\/bihavadis.com\/index.php\/wp-json\/wp\/v2\/media?parent=62836"}],"wp:term":[{"taxonomy":"category","embeddable":true,"href":"https:\/\/bihavadis.com\/index.php\/wp-json\/wp\/v2\/categories?post=62836"},{"taxonomy":"post_tag","embeddable":true,"href":"https:\/\/bihavadis.com\/index.php\/wp-json\/wp\/v2\/tags?post=62836"}],"curies":[{"name":"wp","href":"https:\/\/api.w.org\/{rel}","templated":true}]}}