{"id":62896,"date":"2026-03-06T12:03:05","date_gmt":"2026-03-06T12:03:05","guid":{"rendered":"https:\/\/bihavadis.com\/?p=62896"},"modified":"2026-03-06T12:03:05","modified_gmt":"2026-03-06T12:03:05","slug":"bursanin-turizm-ve-ticaret-vizyonu-ummanda-guclendi","status":"publish","type":"post","link":"https:\/\/bihavadis.com\/index.php\/2026\/03\/06\/bursanin-turizm-ve-ticaret-vizyonu-ummanda-guclendi\/","title":{"rendered":"Bursa&#8217;n\u0131n turizm ve ticaret vizyonu Umman&#8217;da g\u00fc\u00e7lendi"},"content":{"rendered":"<p> Bursa K\u00fclt\u00fcr Turizm ve Tan\u0131tma Birli\u011fi ve Y\u0131ld\u0131r\u0131m Belediye Ba\u015fkan\u0131 Oktay Y\u0131lmaz, fuar kapsam\u0131nda ger\u00e7ekle\u015ftirilen temaslar, Bursa ile Umman aras\u0131ndaki turizm ili\u015fkilerinin geli\u015ftirilmesine \u00f6nemli katk\u0131 sundu\u011funu s\u00f6yledi.<\/p>\n<p>Bursa K\u00fclt\u00fcr Turizm ve Tan\u0131tma Birli\u011fi, Umman&#8217;\u0131n ba\u015fkenti Maskat&#8217;ta 2-4 \u015eubat tarihleri aras\u0131nda d\u00fczenlenen OMN-EX Uluslararas\u0131 Fuar ve Forumuna kat\u0131larak Bursa&#8217;n\u0131n turizm ve ticaret potansiyelini uluslararas\u0131 alanda tan\u0131tt\u0131. A\u00e7\u0131l\u0131\u015f\u0131nda Bursa K\u00fclt\u00fcr Turizm ve Tan\u0131tma Birli\u011fi ve Y\u0131ld\u0131r\u0131m Belediye Ba\u015fkan\u0131 Oktay Y\u0131lmaz&#8217;\u0131n yan\u0131 s\u0131ra Bilal Erdo\u011fan ve sekt\u00f6r temsilcilerinin de kat\u0131ld\u0131\u011f\u0131 fuar kapsam\u0131nda ger\u00e7ekle\u015ftirilen temaslar, Bursa ile Umman aras\u0131ndaki turizm ili\u015fkilerinin geli\u015ftirilmesine \u00f6nemli katk\u0131 sundu.<\/p>\n<p>Oman Convention &#038; Exhibition Centre&#8217;da d\u00fczenlenen organizasyonda, Birli\u011fin \u00fc\u00e7 g\u00fcn boyunca ziyaret\u00e7ilere a\u00e7\u0131k olan stand\u0131nda; Bursa&#8217;n\u0131n tarihi ve k\u00fclt\u00fcrel miras\u0131, do\u011fal g\u00fczellikleri, gastronomi zenginli\u011fi ve d\u00f6rt mevsime yay\u0131lan turizm imkanlar\u0131 kapsaml\u0131 \u015fekilde tan\u0131t\u0131ld\u0131. Osmanl\u0131&#8217;n\u0131n ilk ba\u015fkenti olan Bursa, ayn\u0131 zamanda g\u00fc\u00e7l\u00fc sanayi altyap\u0131s\u0131, ihracat kapasitesi ve ticaret hacmiyle de uluslararas\u0131 ziyaret\u00e7ilerin ilgisini \u00e7ekti.<\/p>\n<p>Fuara, Bursa K\u00fclt\u00fcr Turizm ve Tan\u0131tma Birli\u011fi ve Y\u0131ld\u0131r\u0131m Belediye Ba\u015fkan\u0131 Oktay Y\u0131lmaz ba\u015fkanl\u0131\u011f\u0131nda; Bursa&#8217;dan gelen turizm acenteleri ve sekt\u00f6r temsilcilerinden olu\u015fan bir heyet kat\u0131l\u0131m sa\u011flad\u0131. Fuar s\u00fcresince Ummanl\u0131 turizm profesyonelleri ile Bursal\u0131 firmalar aras\u0131nda birebir g\u00f6r\u00fc\u015fmeler ger\u00e7ekle\u015ftirilerek, kar\u015f\u0131l\u0131kl\u0131 i\u015f birli\u011fi ve ortak turizm projelerine y\u00f6nelik \u00f6nemli ad\u0131mlar at\u0131ld\u0131. OMN-EX Fuar\u0131&#8217;n\u0131 ziyaret eden aileler ise, kendileri i\u00e7in \u00f6zel olarak haz\u0131rlanan Bursa turizm paketlerini inceleme ve do\u011frudan Bursa merkezli acenteler arac\u0131l\u0131\u011f\u0131yla sat\u0131n alma imkan\u0131 buldu. Bu uygulama, Bursa&#8217;n\u0131n do\u011frudan pazarlama yakla\u015f\u0131m\u0131n\u0131 ve s\u00fcrd\u00fcr\u00fclebilir turizm vizyonunu \u00f6n plana \u00e7\u0131kard\u0131.<\/p>\n<p>Fuar program\u0131n\u0131n yan\u0131 s\u0131ra Ba\u015fkan Oktay Y\u0131lmaz, Umman&#8217;daki ziyaretleri kapsam\u0131nda \u00e7e\u015fitli \u00fcst d\u00fczey temaslarda da bulundu. Bu \u00e7er\u00e7evede Y\u0131lmaz, Umman K\u00fclt\u00fcr Miras\u0131 ve Turizm Bakanl\u0131\u011f\u0131 Bakan Yard\u0131mc\u0131s\u0131 Azzan bin Qassim Al Busaidi ve Tan\u0131t\u0131mlar Genel M\u00fcd\u00fcr\u00fc Haitham Al Gassani ile bir toplant\u0131 ger\u00e7ekle\u015ftirdi. Toplant\u0131da, k\u00fclt\u00fcr turizmi ve sa\u011fl\u0131k turizmi ba\u015fta olmak \u00fczere turizmin t\u00fcm alanlar\u0131nda Bursa&#8217;n\u0131n potansiyeli ele al\u0131n\u0131rken; iki \u00fclke aras\u0131nda kar\u015f\u0131l\u0131kl\u0131 turist hareketlili\u011finin art\u0131r\u0131lmas\u0131na y\u00f6nelik tan\u0131t\u0131m ve i\u015f birli\u011fi imkanlar\u0131 de\u011ferlendirildi. Ba\u015fkan Y\u0131lmaz ayr\u0131ca, T\u00fcrkiye Cumhuriyeti Umman B\u00fcy\u00fckel\u00e7isi Prof. Dr. Muhammet Hekimo\u011flu&#8217;nu ziyaret etti. Ziyarette, Bursa&#8217;n\u0131n Umman pazar\u0131nda daha etkin tan\u0131t\u0131lmas\u0131, iki \u00fclke aras\u0131nda turizm ve ticaret alan\u0131nda geli\u015ftirilebilecek yeni i\u015f birlikleri ile kurumsal ili\u015fkilerin g\u00fc\u00e7lendirilmesi konular\u0131 ele al\u0131nd\u0131.<\/p>\n<p>Fuar\u0131n Bursa a\u00e7\u0131s\u0131ndan olduk\u00e7a verimli ge\u00e7ti\u011fini belirten Bursa K\u00fclt\u00fcr Turizm ve Tan\u0131tma Birli\u011fi Ba\u015fkan\u0131 Oktay Y\u0131lmaz, &#8220;Fuara kat\u0131l\u0131m\u0131m\u0131z ve burada ger\u00e7ekle\u015ftirdi\u011fimiz temaslar ile Bursa&#8217;n\u0131n uluslararas\u0131 turizm pazar\u0131ndaki g\u00f6r\u00fcn\u00fcrl\u00fc\u011f\u00fcn\u00fc art\u0131rmay\u0131 ve Umman ba\u015fta olmak \u00fczere K\u00f6rfez \u00fclkelerinden Bursa&#8217;ya y\u00f6nelik turizm talebini g\u00fc\u00e7lendirmeyi hedefliyoruz. OMN-EX Fuar\u0131 ve Forumu kapsam\u0131nda y\u00fcr\u00fct\u00fclen \u00e7al\u0131\u015fmalar\u0131n, Bursa ile Umman aras\u0131ndaki dostane ili\u015fkilerin peki\u015fmesine ve uzun vadeli turizm ve ticaret i\u015f birliklerinin hayata ge\u00e7irilmesine katk\u0131 sa\u011flamas\u0131n\u0131 umuyoruz&#8221; ifadelerini kulland\u0131. &#8211; BURSA<\/p>\n","protected":false},"excerpt":{"rendered":"<p>Bursa K\u00fclt\u00fcr Turizm ve Tan\u0131tma Birli\u011fi, OMN-EX Fuar\u0131&#8217;na kat\u0131larak Bursa&#8217;n\u0131n turizm potansiyelini uluslararas\u0131 alanda tan\u0131tt\u0131. Ba\u015fkan Oktay Y\u0131lmaz, yap\u0131lan temaslar\u0131n Bursa ile Umman aras\u0131ndaki turizm ili\u015fkilerine \u00f6nemli katk\u0131 sundu\u011funu belirtti.<\/p>\n","protected":false},"author":1,"featured_media":62897,"comment_status":"open","ping_status":"open","sticky":false,"template":"","format":"standard","meta":{"footnotes":""},"categories":[8],"tags":[516,512,433,511,3051],"class_list":["post-62896","post","type-post","status-publish","format-standard","has-post-thumbnail","hentry","category-ekonomi","tag-baskan","tag-bursa","tag-fuar","tag-turizm","tag-umman"],"_links":{"self":[{"href":"https:\/\/bihavadis.com\/index.php\/wp-json\/wp\/v2\/posts\/62896","targetHints":{"allow":["GET"]}}],"collection":[{"href":"https:\/\/bihavadis.com\/index.php\/wp-json\/wp\/v2\/posts"}],"about":[{"href":"https:\/\/bihavadis.com\/index.php\/wp-json\/wp\/v2\/types\/post"}],"author":[{"embeddable":true,"href":"https:\/\/bihavadis.com\/index.php\/wp-json\/wp\/v2\/users\/1"}],"replies":[{"embeddable":true,"href":"https:\/\/bihavadis.com\/index.php\/wp-json\/wp\/v2\/comments?post=62896"}],"version-history":[{"count":1,"href":"https:\/\/bihavadis.com\/index.php\/wp-json\/wp\/v2\/posts\/62896\/revisions"}],"predecessor-version":[{"id":62898,"href":"https:\/\/bihavadis.com\/index.php\/wp-json\/wp\/v2\/posts\/62896\/revisions\/62898"}],"wp:featuredmedia":[{"embeddable":true,"href":"https:\/\/bihavadis.com\/index.php\/wp-json\/wp\/v2\/media\/62897"}],"wp:attachment":[{"href":"https:\/\/bihavadis.com\/index.php\/wp-json\/wp\/v2\/media?parent=62896"}],"wp:term":[{"taxonomy":"category","embeddable":true,"href":"https:\/\/bihavadis.com\/index.php\/wp-json\/wp\/v2\/categories?post=62896"},{"taxonomy":"post_tag","embeddable":true,"href":"https:\/\/bihavadis.com\/index.php\/wp-json\/wp\/v2\/tags?post=62896"}],"curies":[{"name":"wp","href":"https:\/\/api.w.org\/{rel}","templated":true}]}}