{"id":62935,"date":"2026-03-06T12:30:08","date_gmt":"2026-03-06T12:30:08","guid":{"rendered":"https:\/\/bihavadis.com\/?p=62935"},"modified":"2026-03-06T12:30:08","modified_gmt":"2026-03-06T12:30:08","slug":"antalyada-yasayan-almanya-vatandasi-evinde-olu-bulundu","status":"publish","type":"post","link":"https:\/\/bihavadis.com\/index.php\/2026\/03\/06\/antalyada-yasayan-almanya-vatandasi-evinde-olu-bulundu\/","title":{"rendered":"Antalya&#8217;da ya\u015fayan Almanya vatanda\u015f\u0131 evinde \u00f6l\u00fc bulundu"},"content":{"rendered":"<p>Antalya&#8217;n\u0131n Alanya il\u00e7esinde \u015f\u00fcpheli \u00f6l\u00fcm&#8230;<\/p>\n<p>Ya\u015fam\u0131n\u0131 il\u00e7ede s\u00fcrd\u00fcren Almanya uyruklu Wolfgang Brendel&#8217;e telefonla ula\u015famayan yak\u0131nlar\u0131, durumu 112 Acil \u00c7a\u011fr\u0131 Merkezi&#8217;ne bildirdi.<\/p>\n<p>\u0130hbar \u00fczerine adrese sa\u011fl\u0131k ve polis ekipleri sevk edildi.<\/p>\n<p><strong>HAYATINI KAYBETT\u0130\u011e\u0130 TESP\u0130T ED\u0130LD\u0130<\/strong><\/p>\n<p>Eve giren ekipler, Brendel&#8217;i hareketsiz halde yatarken buldu.<\/p>\n<p>Sa\u011fl\u0131k ekiplerinin yapt\u0131\u011f\u0131 kontrolde ya\u015fl\u0131 adam\u0131n hayat\u0131n\u0131 kaybetti\u011fi belirlendi.<\/p>\n<p><img decoding=\"async\" src=\"https:\/\/bihavadis.com\/wp-content\/uploads\/2026\/03\/antalyada-yasayan-almanya-vatandasi-evinde-olu-bulundu-0-dU2PE8w3.jpg\"\/><\/p>\n<p><strong>\u0130NCELEME YAPILDI<\/strong><\/p>\n<p>Olay yeri inceleme ekipleri ve cumhuriyet savc\u0131s\u0131n\u0131n yapt\u0131\u011f\u0131 incelemenin ard\u0131ndan Brendel&#8217;in cenazesi, Alanya Belediyesi morguna kald\u0131r\u0131ld\u0131.<\/p>\n<p><img decoding=\"async\" src=\"https:\/\/bihavadis.com\/wp-content\/uploads\/2026\/03\/antalyada-yasayan-almanya-vatandasi-evinde-olu-bulundu-1-t73CruI1.jpg\"\/><\/p>\n<p><img decoding=\"async\" src=\"https:\/\/bihavadis.com\/wp-content\/uploads\/2026\/03\/antalyada-yasayan-almanya-vatandasi-evinde-olu-bulundu-2-d8R3LszW.jpg\"\/><\/p>\n<p><img decoding=\"async\" src=\"https:\/\/bihavadis.com\/wp-content\/uploads\/2026\/03\/antalyada-yasayan-almanya-vatandasi-evinde-olu-bulundu-3-NeI5h8kD.jpg\"\/> <\/p>\n<div> <span><strong>Kaynak:<\/strong> \u0130hlas Haber Ajans\u0131 (\u0130HA)<\/span> <\/div>\n","protected":false},"excerpt":{"rendered":"<p>Antalya&#8217;n\u0131n Alanya il\u00e7esinde \u015f\u00fcpheli \u00f6l\u00fcm&#8230; Ya\u015fam\u0131n\u0131 il\u00e7ede s\u00fcrd\u00fcren Almanya uyruklu Wolfgang Brendel&#8217;e telefonla ula\u015famayan yak\u0131nlar\u0131, durumu 112 Acil \u00c7a\u011fr\u0131 Merkezi&#8217;ne bildirdi. \u0130hbar \u00fczerine adrese sa\u011fl\u0131k ve polis ekipleri sevk edildi. HAYATINI &#8230;<\/p>\n","protected":false},"author":1,"featured_media":62936,"comment_status":"open","ping_status":"open","sticky":false,"template":"","format":"standard","meta":{"footnotes":""},"categories":[4,13],"tags":[],"class_list":["post-62935","post","type-post","status-publish","format-standard","has-post-thumbnail","hentry","category-gundem","category-son-dakika"],"_links":{"self":[{"href":"https:\/\/bihavadis.com\/index.php\/wp-json\/wp\/v2\/posts\/62935","targetHints":{"allow":["GET"]}}],"collection":[{"href":"https:\/\/bihavadis.com\/index.php\/wp-json\/wp\/v2\/posts"}],"about":[{"href":"https:\/\/bihavadis.com\/index.php\/wp-json\/wp\/v2\/types\/post"}],"author":[{"embeddable":true,"href":"https:\/\/bihavadis.com\/index.php\/wp-json\/wp\/v2\/users\/1"}],"replies":[{"embeddable":true,"href":"https:\/\/bihavadis.com\/index.php\/wp-json\/wp\/v2\/comments?post=62935"}],"version-history":[{"count":1,"href":"https:\/\/bihavadis.com\/index.php\/wp-json\/wp\/v2\/posts\/62935\/revisions"}],"predecessor-version":[{"id":62941,"href":"https:\/\/bihavadis.com\/index.php\/wp-json\/wp\/v2\/posts\/62935\/revisions\/62941"}],"wp:featuredmedia":[{"embeddable":true,"href":"https:\/\/bihavadis.com\/index.php\/wp-json\/wp\/v2\/media\/62936"}],"wp:attachment":[{"href":"https:\/\/bihavadis.com\/index.php\/wp-json\/wp\/v2\/media?parent=62935"}],"wp:term":[{"taxonomy":"category","embeddable":true,"href":"https:\/\/bihavadis.com\/index.php\/wp-json\/wp\/v2\/categories?post=62935"},{"taxonomy":"post_tag","embeddable":true,"href":"https:\/\/bihavadis.com\/index.php\/wp-json\/wp\/v2\/tags?post=62935"}],"curies":[{"name":"wp","href":"https:\/\/api.w.org\/{rel}","templated":true}]}}