{"id":62950,"date":"2026-03-06T12:39:06","date_gmt":"2026-03-06T12:39:06","guid":{"rendered":"https:\/\/bihavadis.com\/?p=62950"},"modified":"2026-03-06T12:39:06","modified_gmt":"2026-03-06T12:39:06","slug":"babasinin-izinden-gidiyor-yildiz-futbolcunun-oglu-chelseade","status":"publish","type":"post","link":"https:\/\/bihavadis.com\/index.php\/2026\/03\/06\/babasinin-izinden-gidiyor-yildiz-futbolcunun-oglu-chelseade\/","title":{"rendered":"Babas\u0131n\u0131n izinden gidiyor! Y\u0131ld\u0131z futbolcunun o\u011flu Chelsea&#8217;de"},"content":{"rendered":"<p>Bir d\u00f6nem Galatasaray formas\u0131 giyen Emmanuel Eboue&#8217;nin o\u011flu Mathis Eboue, kariyerinde \u00f6nemli bir ad\u0131m att\u0131. 16 ya\u015f\u0131ndaki gen\u00e7 futbolcu, Chelsea ile ilk profesyonel s\u00f6zle\u015fmesini imzalad\u0131.<\/p>\n<p><b>CHELSEA&#8217;DEN RESM\u0130 \u0130MZA<\/b><\/p>\n<p>Chelsea Kul\u00fcb\u00fc, Mathis Eboue&#8217;nin 17. ya\u015f g\u00fcn\u00fcn\u00fcn ard\u0131ndan akademiden profesyonelli\u011fe ge\u00e7i\u015f yapt\u0131\u011f\u0131n\u0131 duyurdu. Ocak 2025&#8217;te Watford&#8217;dan Chelsea altyap\u0131s\u0131na transfer olan gen\u00e7 oyuncu, k\u0131sa s\u00fcrede kul\u00fcp i\u00e7inde dikkat \u00e7ekmeyi ba\u015fard\u0131.<\/p>\n<p><b>WATFORD&#8217;DAN CHELSEA&#8217;YE HIZLI Y\u00dcKSEL\u0130\u015e<\/b><\/p>\n<p>Mathis Eboue, Watford formas\u0131 giydi\u011fi d\u00f6nemde hen\u00fcz 16 ya\u015f\u0131ndayken 21 ya\u015f alt\u0131 tak\u0131m\u0131nda forma giyerek erken ya\u015fta geli\u015fimini ortaya koymu\u015ftu. Chelsea&#8217;ye transferinin ard\u0131ndan hem saha i\u00e7indeki performans\u0131 hem de profesyonel yakla\u015f\u0131m\u0131yla \u00f6ne \u00e7\u0131kt\u0131.<\/p>\n<p><b>U18 VE GEN\u00c7LER L\u0130G\u0130 PERFORMANSI<\/b><\/p>\n<p>Gen\u00e7 ofansif orta saha oyuncusu, Chelsea&#8217;deki ilk tam sezonuna U18 tak\u0131m\u0131nda ba\u015flad\u0131. Crystal Palace deplasman\u0131nda 4-2 kazan\u0131lan ma\u00e7ta gol atan Eboue, UEFA Gen\u00e7lik Ligi&#8217;nde de ilk kez forma giydi ve Benfica&#8217;y\u0131 5-2 yendikleri kar\u015f\u0131la\u015fmada sahada yer ald\u0131.<\/p>\n<p>Bu sezon Chelsea U18 tak\u0131m\u0131yla 16 ma\u00e7a \u00e7\u0131kan Mathis Eboue, t\u00fcm kulvarlarda 3 gol kaydederek tak\u0131m\u0131n d\u00fczenli isimlerinden biri haline geldi.<\/p>\n","protected":false},"excerpt":{"rendered":"<p>Galatasaray&#8217;\u0131n eski futbolcusu Emmanuel Eboue&#8217;nin 16 ya\u015f\u0131ndaki o\u011flu Mathis Eboue, Chelsea ile ilk profesyonel s\u00f6zle\u015fmesini imzalad\u0131.<\/p>\n","protected":false},"author":1,"featured_media":0,"comment_status":"open","ping_status":"open","sticky":false,"template":"","format":"standard","meta":{"footnotes":""},"categories":[14],"tags":[7023,340,379],"class_list":["post-62950","post","type-post","status-publish","format-standard","hentry","category-spor","tag-chelsea","tag-genc","tag-yas"],"_links":{"self":[{"href":"https:\/\/bihavadis.com\/index.php\/wp-json\/wp\/v2\/posts\/62950","targetHints":{"allow":["GET"]}}],"collection":[{"href":"https:\/\/bihavadis.com\/index.php\/wp-json\/wp\/v2\/posts"}],"about":[{"href":"https:\/\/bihavadis.com\/index.php\/wp-json\/wp\/v2\/types\/post"}],"author":[{"embeddable":true,"href":"https:\/\/bihavadis.com\/index.php\/wp-json\/wp\/v2\/users\/1"}],"replies":[{"embeddable":true,"href":"https:\/\/bihavadis.com\/index.php\/wp-json\/wp\/v2\/comments?post=62950"}],"version-history":[{"count":1,"href":"https:\/\/bihavadis.com\/index.php\/wp-json\/wp\/v2\/posts\/62950\/revisions"}],"predecessor-version":[{"id":62951,"href":"https:\/\/bihavadis.com\/index.php\/wp-json\/wp\/v2\/posts\/62950\/revisions\/62951"}],"wp:attachment":[{"href":"https:\/\/bihavadis.com\/index.php\/wp-json\/wp\/v2\/media?parent=62950"}],"wp:term":[{"taxonomy":"category","embeddable":true,"href":"https:\/\/bihavadis.com\/index.php\/wp-json\/wp\/v2\/categories?post=62950"},{"taxonomy":"post_tag","embeddable":true,"href":"https:\/\/bihavadis.com\/index.php\/wp-json\/wp\/v2\/tags?post=62950"}],"curies":[{"name":"wp","href":"https:\/\/api.w.org\/{rel}","templated":true}]}}