{"id":62982,"date":"2026-03-06T13:03:10","date_gmt":"2026-03-06T13:03:10","guid":{"rendered":"https:\/\/bihavadis.com\/?p=62982"},"modified":"2026-03-06T13:03:10","modified_gmt":"2026-03-06T13:03:10","slug":"kayserispor-olaganustu-genel-kurulu-21-subatta","status":"publish","type":"post","link":"https:\/\/bihavadis.com\/index.php\/2026\/03\/06\/kayserispor-olaganustu-genel-kurulu-21-subatta\/","title":{"rendered":"Kayserispor Ola\u011fan\u00fcst\u00fc Genel Kurulu 21 \u015eubat&#8217;ta"},"content":{"rendered":"<p>S\u00fcper Lig ekiplerinden Kayserispor&#8217;un Se\u00e7imli Ola\u011fan\u00fcst\u00fc Genel Kurulu 21 \u015eubat Cumartesi g\u00fcn\u00fc yap\u0131lacak.<\/p>\n<p>S\u00fcper Lig tak\u0131mlar\u0131ndan Kayserispor, Se\u00e7imli Ola\u011fan\u00fcst\u00fc Genel Kurul yapacak. Sar\u0131-k\u0131rm\u0131z\u0131l\u0131 kul\u00fcpten yap\u0131lan a\u00e7\u0131klamaya g\u00f6re 21 \u015eubat 2026 Cumartesi g\u00fcn\u00fc Se\u00e7imli Ola\u011fan\u00fcst\u00fc Genel Kurul ger\u00e7ekle\u015ftirilecek. Genel kurul, \u00e7o\u011funluk sa\u011flanamamas\u0131 halinde ise 28 \u015eubat&#8217;a yap\u0131lacak.<\/p>\n<p>Kayserispor&#8217;dan konuyla ilgili yap\u0131lan a\u00e7\u0131klamada, &#8220;Y\u00f6netim kurulumuz ba\u015fkan ve \u00fcyelerin i\u015ftiraki ile toplanarak 21.02.2026 Cumartesi g\u00fcn\u00fc Kadir Has Kongre Merkezi Konferans salonunda saat 11.00&#8217;de g\u00fcndem maddelerini g\u00f6r\u00fc\u015fmek \u00fczere Ola\u011fan\u00fcst\u00fc Se\u00e7imli Genel Kurul yap\u0131lmas\u0131na, \u00e7o\u011funluk sa\u011flanamad\u0131\u011f\u0131 takdirde toplant\u0131n\u0131n bir (1) hafta sonra ayn\u0131 yer ve saatte yap\u0131lmas\u0131na oy birli\u011fi ile karar verilmi\u015ftir&#8221; denildi. &#8211; KAYSER\u0130<\/p>\n","protected":false},"excerpt":{"rendered":"<p>Kayserispor, Se\u00e7imli Ola\u011fan\u00fcst\u00fc Genel Kurul&#8217;unu 21 \u015eubat 2026&#8217;da yapacak.<\/p>\n","protected":false},"author":1,"featured_media":62983,"comment_status":"open","ping_status":"open","sticky":false,"template":"","format":"standard","meta":{"footnotes":""},"categories":[14],"tags":[4716],"class_list":["post-62982","post","type-post","status-publish","format-standard","has-post-thumbnail","hentry","category-spor","tag-genel-kurul"],"_links":{"self":[{"href":"https:\/\/bihavadis.com\/index.php\/wp-json\/wp\/v2\/posts\/62982","targetHints":{"allow":["GET"]}}],"collection":[{"href":"https:\/\/bihavadis.com\/index.php\/wp-json\/wp\/v2\/posts"}],"about":[{"href":"https:\/\/bihavadis.com\/index.php\/wp-json\/wp\/v2\/types\/post"}],"author":[{"embeddable":true,"href":"https:\/\/bihavadis.com\/index.php\/wp-json\/wp\/v2\/users\/1"}],"replies":[{"embeddable":true,"href":"https:\/\/bihavadis.com\/index.php\/wp-json\/wp\/v2\/comments?post=62982"}],"version-history":[{"count":1,"href":"https:\/\/bihavadis.com\/index.php\/wp-json\/wp\/v2\/posts\/62982\/revisions"}],"predecessor-version":[{"id":62984,"href":"https:\/\/bihavadis.com\/index.php\/wp-json\/wp\/v2\/posts\/62982\/revisions\/62984"}],"wp:featuredmedia":[{"embeddable":true,"href":"https:\/\/bihavadis.com\/index.php\/wp-json\/wp\/v2\/media\/62983"}],"wp:attachment":[{"href":"https:\/\/bihavadis.com\/index.php\/wp-json\/wp\/v2\/media?parent=62982"}],"wp:term":[{"taxonomy":"category","embeddable":true,"href":"https:\/\/bihavadis.com\/index.php\/wp-json\/wp\/v2\/categories?post=62982"},{"taxonomy":"post_tag","embeddable":true,"href":"https:\/\/bihavadis.com\/index.php\/wp-json\/wp\/v2\/tags?post=62982"}],"curies":[{"name":"wp","href":"https:\/\/api.w.org\/{rel}","templated":true}]}}