{"id":62994,"date":"2026-03-06T13:12:06","date_gmt":"2026-03-06T13:12:06","guid":{"rendered":"https:\/\/bihavadis.com\/?p=62994"},"modified":"2026-03-06T13:12:06","modified_gmt":"2026-03-06T13:12:06","slug":"galatasarayda-martyna-lukasik-ile-yollar-ayrildi","status":"publish","type":"post","link":"https:\/\/bihavadis.com\/index.php\/2026\/03\/06\/galatasarayda-martyna-lukasik-ile-yollar-ayrildi\/","title":{"rendered":"Galatasaray&#8217;da Martyna Lukasik ile yollar ayr\u0131ld\u0131"},"content":{"rendered":"<p>Galatasaray Kad\u0131n Voleybol Tak\u0131m\u0131, Polonyal\u0131 sma\u00e7\u00f6r Martyna Lukasik ile kar\u015f\u0131l\u0131kl\u0131 anla\u015farak yollar\u0131n ayr\u0131ld\u0131\u011f\u0131n\u0131 duyurdu.<\/p>\n<p>Sar\u0131-k\u0131rm\u0131z\u0131l\u0131 kul\u00fcb\u00fcn sosyal medya platformundaki hesab\u0131ndan payla\u015f\u0131m\u0131nda, <em><b>&#8220;Martyna Lukasik ile kar\u015f\u0131l\u0131kl\u0131 anla\u015farak yollar\u0131m\u0131z\u0131 ay\u0131rm\u0131\u015f bulunmaktay\u0131z. Martyna Lukasik&#8217;e verdi\u011fi hizmetler i\u00e7in te\u015fekk\u00fcr eder, bundan sonraki kariyerinde ba\u015far\u0131lar dileriz.&#8221; <\/b><\/em>ifadeleri kullan\u0131ld\u0131.<\/p>\n<p><img decoding=\"async\" src=\"https:\/\/bihavadis.com\/wp-content\/uploads\/2026\/03\/galatasarayda-martyna-lukasik-ile-yollar-ayrildi-0-VaAcYaAQ.jpg\"\/><\/p>\n<p><strong>K\u0130RALANMI\u015eTI<\/strong><\/p>\n<p>Lukasik, ge\u00e7en haziran ay\u0131nda \u0130talya ekibi Imoco Volley Conegliano&#8217;dan 1 y\u0131ll\u0131\u011f\u0131na kiralanm\u0131\u015ft\u0131.<\/p>\n<div> <span><strong>Kaynak:<\/strong> Ensonhaber Haber Merkezi<\/span> <\/div>\n","protected":false},"excerpt":{"rendered":"<p>Galatasaray Kad\u0131n Voleybol Tak\u0131m\u0131, Polonyal\u0131 sma\u00e7\u00f6r Martyna Lukasik ile kar\u015f\u0131l\u0131kl\u0131 anla\u015farak yollar\u0131n ayr\u0131ld\u0131\u011f\u0131n\u0131 duyurdu. Sar\u0131-k\u0131rm\u0131z\u0131l\u0131 kul\u00fcb\u00fcn sosyal medya platformundaki hesab\u0131ndan payla\u015f\u0131m\u0131nda, &#8220;Martyna Lukasik ile kar\u015f\u0131l\u0131kl\u0131 anla\u015farak &#8230;<\/p>\n","protected":false},"author":1,"featured_media":62995,"comment_status":"open","ping_status":"open","sticky":false,"template":"","format":"standard","meta":{"footnotes":""},"categories":[14],"tags":[],"class_list":["post-62994","post","type-post","status-publish","format-standard","has-post-thumbnail","hentry","category-spor"],"_links":{"self":[{"href":"https:\/\/bihavadis.com\/index.php\/wp-json\/wp\/v2\/posts\/62994","targetHints":{"allow":["GET"]}}],"collection":[{"href":"https:\/\/bihavadis.com\/index.php\/wp-json\/wp\/v2\/posts"}],"about":[{"href":"https:\/\/bihavadis.com\/index.php\/wp-json\/wp\/v2\/types\/post"}],"author":[{"embeddable":true,"href":"https:\/\/bihavadis.com\/index.php\/wp-json\/wp\/v2\/users\/1"}],"replies":[{"embeddable":true,"href":"https:\/\/bihavadis.com\/index.php\/wp-json\/wp\/v2\/comments?post=62994"}],"version-history":[{"count":1,"href":"https:\/\/bihavadis.com\/index.php\/wp-json\/wp\/v2\/posts\/62994\/revisions"}],"predecessor-version":[{"id":62997,"href":"https:\/\/bihavadis.com\/index.php\/wp-json\/wp\/v2\/posts\/62994\/revisions\/62997"}],"wp:featuredmedia":[{"embeddable":true,"href":"https:\/\/bihavadis.com\/index.php\/wp-json\/wp\/v2\/media\/62995"}],"wp:attachment":[{"href":"https:\/\/bihavadis.com\/index.php\/wp-json\/wp\/v2\/media?parent=62994"}],"wp:term":[{"taxonomy":"category","embeddable":true,"href":"https:\/\/bihavadis.com\/index.php\/wp-json\/wp\/v2\/categories?post=62994"},{"taxonomy":"post_tag","embeddable":true,"href":"https:\/\/bihavadis.com\/index.php\/wp-json\/wp\/v2\/tags?post=62994"}],"curies":[{"name":"wp","href":"https:\/\/api.w.org\/{rel}","templated":true}]}}