{"id":62998,"date":"2026-03-06T13:15:10","date_gmt":"2026-03-06T13:15:10","guid":{"rendered":"https:\/\/bihavadis.com\/?p=62998"},"modified":"2026-03-06T13:15:10","modified_gmt":"2026-03-06T13:15:10","slug":"epsteinin-oldugu-gece-hucre-bolgesine-bir-mahkumun-girdigi-tespit-edildi","status":"publish","type":"post","link":"https:\/\/bihavadis.com\/index.php\/2026\/03\/06\/epsteinin-oldugu-gece-hucre-bolgesine-bir-mahkumun-girdigi-tespit-edildi\/","title":{"rendered":"Epstein&#8217;in \u00f6ld\u00fc\u011f\u00fc gece h\u00fccre b\u00f6lgesine bir mahk\u00fbmun girdi\u011fi tespit edildi"},"content":{"rendered":"<p>Yeni yay\u0131mlanan FBI belgelerine g\u00f6re, Jeffrey Epstein&#8217;in \u00f6ld\u00fc\u011f\u00fc gece cezaevindeki h\u00fccre b\u00f6lgesine bir mahk\u00fbmun girdi\u011fi tespit edildi.<\/p>\n<p>G\u00fcvenlik kameralar\u0131na yans\u0131yan gizemli g\u00f6r\u00fcnt\u00fclerde, \u00f6l\u00fcm gecesi \u00fcnl\u00fc cinsel su\u00e7lunun h\u00fccresinin yak\u0131nlar\u0131nda turuncu renkli bir fig\u00fcr\u00fcn hareket etti\u011fi a\u00e7\u0131k\u00e7a g\u00f6r\u00fcl\u00fcyor. ABD Adalet Bakanl\u0131\u011f\u0131 taraf\u0131ndan kamuoyuna a\u00e7\u0131klanan milyonlarca Epstein dosyas\u0131 aras\u0131nda yer alan FBI raporlar\u0131, Epstein&#8217;in son saatlerine dair resmi a\u00e7\u0131klamalarla \u00e7eli\u015fen \u00f6nemli detaylar i\u00e7eriyor.<\/p>\n<p>Jeffrey Epstein, 10 A\u011fustos 2019&#8217;da New York&#8217;taki Metropolitan Correctional Center cezaevinde, sabah kahvalt\u0131s\u0131n\u0131 getiren bir gardiyan taraf\u0131ndan h\u00fccresinde \u00f6l\u00fc bulunmu\u015ftu. Olay, resmi kay\u0131tlara as\u0131larak intihar olarak ge\u00e7ti. Ancak h\u00fccresinin d\u0131\u015f\u0131ndaki iki g\u00fcvenlik kameras\u0131n\u0131n \u00e7al\u0131\u015fmad\u0131\u011f\u0131 belirtilmi\u015f ve bug\u00fcne kadar kesin bir \u00f6l\u00fcm saati a\u00e7\u0131klanmam\u0131\u015ft\u0131.<\/p>\n<p>Olay\u0131n etraf\u0131ndaki belirsizlikler y\u0131llar boyunca tart\u0131\u015fmalara yol a\u00e7arken, FBI taraf\u0131ndan y\u00fcr\u00fct\u00fclen soru\u015fturma s\u0131ras\u0131nda dikkat \u00e7ekici bir detay ortaya \u00e7\u0131kt\u0131. \u0130ncelemelerde, Epstein&#8217;in \u00f6ld\u00fc\u011f\u00fc gece bir mahk\u00fbmun h\u00fccrelerin bulundu\u011fu L Kat\u0131 merdivenlerinden yukar\u0131 \u00e7\u0131kt\u0131\u011f\u0131 belirlendi.<\/p>\n<p>FBI raporunda, 9 A\u011fustos 2019 saat 22.39&#8217;da, kameralarda &#8220;turuncu renkte bir fig\u00fcr\u00fcn L Kat\u0131 merdivenlerinden yukar\u0131 do\u011fru ilerledi\u011fi&#8221; kaydedildi. Raporda bu fig\u00fcr\u00fcn bir mahk\u00fbm oldu\u011fu vurguland\u0131.<\/p>\n<p>Ancak Cezaevi M\u00fcfetti\u015fli\u011fi bu yoruma kar\u015f\u0131 \u00e7\u0131karak, g\u00f6r\u00fcnt\u00fclerdeki ki\u015finin bir mahk\u00fbm de\u011fil, e\u015fya ta\u015f\u0131yan bir g\u00f6revli olabilece\u011fini \u00f6ne s\u00fcrd\u00fc. M\u00fcfetti\u015flik raporunda, &#8220;Mahk\u00fbmlar o s\u0131rada h\u00fccrelerinde kilitliydi, birinin \u00e7ar\u015faf ya da yatak tak\u0131m\u0131 ta\u015f\u0131yor olmas\u0131 da m\u00fcmk\u00fcnd\u00fcr&#8221; ifadeleri yer ald\u0131.<\/p>\n<p>Bu iki farkl\u0131 de\u011ferlendirme, ABD&#8217;li \u00fcst d\u00fczey yetkililerin daha \u00f6nce kamuoyuna yapt\u0131\u011f\u0131 a\u00e7\u0131klamalarla do\u011frudan \u00e7eli\u015fiyor.<\/p>\n<p>Eski ABD Adalet Bakan\u0131 Bill Barr, 2019 y\u0131l\u0131nda yapt\u0131\u011f\u0131 a\u00e7\u0131klamada, g\u00fcvenlik kameralar\u0131n\u0131 bizzat inceledi\u011fini ve Epstein&#8217;in h\u00fccre b\u00f6lgesine kimsenin girmedi\u011fini savunmu\u015ftu.<\/p>\n<p>Eski FBI Ba\u015fkan Yard\u0131mc\u0131s\u0131 Dan Bongino da Fox News&#8217;e verdi\u011fi deme\u00e7te, &#8220;G\u00f6r\u00fcnt\u00fcler son derece net. \u0130\u00e7eri giren ve \u00e7\u0131kan tek ki\u015fi Epstein. Ba\u015fka kimse yok,&#8221; ifadelerini kullanm\u0131\u015ft\u0131.<\/p>\n<p>Ancak Ba\u015fm\u00fcfetti\u015f&#8217;in nihai raporunda, saat 22.39&#8217;da kimli\u011fi belirsiz bir ki\u015finin L Kat\u0131 merdivenlerinden \u00e7\u0131kt\u0131\u011f\u0131 ve iki dakika sonra yeniden kameran\u0131n g\u00f6r\u00fc\u015f alan\u0131na girdi\u011fi bilgisi yer ald\u0131.<\/p>\n<p>2019 y\u0131l\u0131nda CBS&#8217;e konu\u015fan adli g\u00f6r\u00fcnt\u00fc uzmanlar\u0131 da, g\u00f6r\u00fcnt\u00fclerdeki turuncu fig\u00fcr\u00fcn bir ba\u015fka mahk\u00fbma ait oldu\u011funu de\u011ferlendirdi.<\/p>\n<p>Emekli NYPD \u00e7avu\u015fu ve adli video uzman\u0131 Conor McCourt, &#8220;Mevcut g\u00f6r\u00fcnt\u00fcler de\u011ferlendirildi\u011finde, bunun turuncu cezaevi \u00fcniformas\u0131 giymi\u015f bir mahk\u00fbm oldu\u011fu sonucu \u00e7\u0131k\u0131yor,&#8221; dedi.<\/p>\n<p>Adli video uzman\u0131 Jim Safford ve alan\u0131nda tan\u0131nm\u0131\u015f d\u00f6rt uzman ise, &#8220;Epstein&#8217;in h\u00fccresine \u00e7\u0131kan merdivenlere kimsenin fark edilmeden ula\u015famayaca\u011f\u0131 iddias\u0131 ger\u00e7e\u011fi yans\u0131tm\u0131yor,&#8221; g\u00f6r\u00fc\u015f\u00fcn\u00fc payla\u015ft\u0131.<\/p>\n<p>Uzmanlar\u0131n dikkat \u00e7ekti\u011fi bir di\u011fer kritik nokta ise g\u00fcvenlik kay\u0131tlar\u0131ndaki \u015f\u00fcpheli bir dakikal\u0131k eksiklik oldu.<\/p>\n<p>Yakla\u015f\u0131k 11 saatlik ham g\u00fcvenlik kameras\u0131 kayd\u0131 kamuoyuyla payla\u015f\u0131ld\u0131. Ancak yap\u0131lan incelemeler, g\u00f6r\u00fcnt\u00fclerin birden fazla kez d\u00fczenlendi\u011fini ve kay\u0131tlar\u0131n bir dakikal\u0131k b\u00f6l\u00fcm\u00fcn\u00fcn silindi\u011fini ortaya koydu.<\/p>\n<p>Ekrandaki zaman kodunun, gece yar\u0131s\u0131ndan hemen \u00f6nce ileri atlad\u0131\u011f\u0131 tespit edildi.<\/p>\n<p>Adalet Bakan\u0131 Pam Bondi, bu eksik dakika ile ilgili soruya, Cezaevleri B\u00fcrosu&#8217;nun bunun her gece kay\u0131t sisteminin otomatik s\u0131f\u0131rlanmas\u0131 s\u0131ras\u0131nda ya\u015fanan rutin bir teknik i\u015flem oldu\u011funu bildirdi\u011fini s\u00f6yledi.<\/p>\n<p>\u00d6te yandan cezaevinden s\u0131zan ba\u015fka g\u00f6r\u00fcnt\u00fclerde, Epstein&#8217;in ba\u015fka bir mahk\u00fbmun kendisini \u00f6pmeye \u00e7al\u0131\u015ft\u0131\u011f\u0131n\u0131 anlatt\u0131\u011f\u0131 da g\u00f6r\u00fcl\u00fcyor.<\/p>\n<p>Videoda Epstein, beyaz bir duvar\u0131n \u00f6n\u00fcnde gri bir kazakla kameraya konu\u015fuyor ve ya\u015fad\u0131klar\u0131n\u0131 detaylar\u0131yla aktar\u0131yor.<\/p>\n<p>G\u00f6r\u00fcnt\u00fclerin hangi ko\u015fullarda kaydedildi\u011fi bilinmezken, Epstein&#8217;in bu s\u00f6zleri cezaevinde gizlice kayda al\u0131nm\u0131\u015f izlenimi yarat\u0131yor.<\/p>\n<div>\n<figure><img decoding=\"async\" src=\"https:\/\/bihavadis.com\/wp-content\/uploads\/2026\/03\/epsteinin-oldugu-gece-hucre-bolgesine-bir-mahk-mun-girdigi-tespit-edildi-0-dtb1pKni.jpg\"\/><\/figure>\n<figure><img decoding=\"async\" src=\"https:\/\/bihavadis.com\/wp-content\/uploads\/2026\/03\/epsteinin-oldugu-gece-hucre-bolgesine-bir-mahk-mun-girdigi-tespit-edildi-1-R4pNli2F.jpg\"\/><\/figure>\n<\/div>\n<div>\n<figure><img decoding=\"async\" src=\"https:\/\/bihavadis.com\/wp-content\/uploads\/2026\/03\/epsteinin-oldugu-gece-hucre-bolgesine-bir-mahk-mun-girdigi-tespit-edildi-2-ukxgpuK4.jpg\"\/><\/figure>\n<\/div>\n","protected":false},"excerpt":{"rendered":"<p>Yeni yay\u0131mlanan FBI belgeleri, \u00fcnl\u00fc cinsel su\u00e7lu Jeffrey Epstein&#8217;in \u00f6l\u00fcm gecesi h\u00fccresine bir mahk\u00fbmun girdi\u011fini ortaya koydu. G\u00fcvenlik kameralar\u0131n\u0131n g\u00f6r\u00fcnt\u00fcleri ve FBI raporlar\u0131, Epstein&#8217;in son saatlerine dair resmi a\u00e7\u0131klamalarla \u00e7eli\u015fen detaylar\u0131 i\u00e7eriyor.<\/p>\n","protected":false},"author":1,"featured_media":62999,"comment_status":"open","ping_status":"open","sticky":false,"template":"","format":"standard","meta":{"footnotes":""},"categories":[6],"tags":[5239,3584,774,605,1374],"class_list":["post-62998","post","type-post","status-publish","format-standard","has-post-thumbnail","hentry","category-dunya","tag-cezaevi","tag-epsteinin","tag-goruntu","tag-hucre","tag-uzman"],"_links":{"self":[{"href":"https:\/\/bihavadis.com\/index.php\/wp-json\/wp\/v2\/posts\/62998","targetHints":{"allow":["GET"]}}],"collection":[{"href":"https:\/\/bihavadis.com\/index.php\/wp-json\/wp\/v2\/posts"}],"about":[{"href":"https:\/\/bihavadis.com\/index.php\/wp-json\/wp\/v2\/types\/post"}],"author":[{"embeddable":true,"href":"https:\/\/bihavadis.com\/index.php\/wp-json\/wp\/v2\/users\/1"}],"replies":[{"embeddable":true,"href":"https:\/\/bihavadis.com\/index.php\/wp-json\/wp\/v2\/comments?post=62998"}],"version-history":[{"count":1,"href":"https:\/\/bihavadis.com\/index.php\/wp-json\/wp\/v2\/posts\/62998\/revisions"}],"predecessor-version":[{"id":63003,"href":"https:\/\/bihavadis.com\/index.php\/wp-json\/wp\/v2\/posts\/62998\/revisions\/63003"}],"wp:featuredmedia":[{"embeddable":true,"href":"https:\/\/bihavadis.com\/index.php\/wp-json\/wp\/v2\/media\/62999"}],"wp:attachment":[{"href":"https:\/\/bihavadis.com\/index.php\/wp-json\/wp\/v2\/media?parent=62998"}],"wp:term":[{"taxonomy":"category","embeddable":true,"href":"https:\/\/bihavadis.com\/index.php\/wp-json\/wp\/v2\/categories?post=62998"},{"taxonomy":"post_tag","embeddable":true,"href":"https:\/\/bihavadis.com\/index.php\/wp-json\/wp\/v2\/tags?post=62998"}],"curies":[{"name":"wp","href":"https:\/\/api.w.org\/{rel}","templated":true}]}}