{"id":63009,"date":"2026-03-06T13:21:07","date_gmt":"2026-03-06T13:21:07","guid":{"rendered":"https:\/\/bihavadis.com\/?p=63009"},"modified":"2026-03-06T13:21:07","modified_gmt":"2026-03-06T13:21:07","slug":"kizilayin-sube-baskani-rezil-suclama-ile-tutuklandi-kurum-hemen-harekete-gecti","status":"publish","type":"post","link":"https:\/\/bihavadis.com\/index.php\/2026\/03\/06\/kizilayin-sube-baskani-rezil-suclama-ile-tutuklandi-kurum-hemen-harekete-gecti\/","title":{"rendered":"K\u0131z\u0131lay&#8217;\u0131n \u015fube ba\u015fkan\u0131 rezil su\u00e7lama ile tutukland\u0131! Kurum hemen harekete ge\u00e7ti"},"content":{"rendered":"<p>T\u00fcrk K\u0131z\u0131lay Hendek \u015eube Ba\u015fkanl\u0131\u011f\u0131 g\u00f6revine hen\u00fcz 25 g\u00fcn \u00f6nce atanan Recep Yar\u0131c\u0131&#8217;dan k\u00fc\u00e7\u00fck \u00e7ocuklara ait m\u00fcstehcen i\u00e7erikleri \u00e7\u0131kt\u0131\u011f\u0131 iddia edildi. Bu skandal\u0131n ard\u0131ndan Sakarya Hendek K\u0131z\u0131lay \u015eube Ba\u015fkan\u0131 Recep Yar\u0131c\u0131 &#8220;k\u00fc\u00e7\u00fck \u00e7ocuklara ait m\u00fcstehcen g\u00f6r\u00fcnt\u00fcler bulundurma ve payla\u015fma&#8221; su\u00e7lamas\u0131 ile tutukland\u0131.<\/p>\n<p>T\u00fcrk K\u0131z\u0131lay Genel Merkezi, olay\u0131n duyulmas\u0131n\u0131n ard\u0131ndan sert bir a\u00e7\u0131klama yaparak, Recep Yar\u0131c\u0131&#8217;n\u0131n 6 Ocak 2026&#8217;da g\u00f6reve geldi\u011fi ancak su\u00e7un \u00f6\u011frenildi\u011fi 31 Ocak 2026 tarihinde y\u00f6netim kurulu karar\u0131yla derhal g\u00f6revden al\u0131nd\u0131\u011f\u0131 vurguland\u0131.<\/p>\n<p><b>T\u00dcRK KIZILAY DAVAYA M\u00dcDAH\u0130L OLDU<\/b><\/p>\n<p>Kurumdan yap\u0131lan yaz\u0131l\u0131 a\u00e7\u0131klamada \u015f\u00f6yle denildi: <\/p>\n<p>&#8220;Hendek \u015eube Ba\u015fkanl\u0131\u011f\u0131 g\u00f6revine, bir \u00f6nceki ba\u015fkan\u0131n istifa etmesinin ard\u0131ndan 6 Ocak 2026 tarihinde gelen Recep Yar\u0131c\u0131&#8217;n\u0131n y\u00fcz k\u0131zart\u0131c\u0131 bir su\u00e7tan dolay\u0131 tutukland\u0131\u011f\u0131n\u0131 b\u00fcy\u00fck bir infialle \u00f6\u011frendik. Asla kabul edilemez nitelikteki bu y\u00fcz k\u0131zart\u0131c\u0131 olay\u0131n bilgisini al\u0131r almaz, Genel Merkez Y\u00f6netim Kurulumuz, Recep Yar\u0131c\u0131&#8217;n\u0131n g\u00f6revine 31.01.2026 tarihinde derhal son vermi\u015ftir. Ad\u0131 ge\u00e7en ki\u015fi, T\u00fcrk K\u0131z\u0131lay Hendek \u015eube Ba\u015fkanl\u0131\u011f\u0131 g\u00f6revinde sadece 25 g\u00fcn kalm\u0131\u015ft\u0131r. Kurumumuzla t\u00fcm ili\u015fi\u011fi kesilen \u015fahs\u0131n en a\u011f\u0131r cezay\u0131 almas\u0131 i\u00e7in olaya m\u00fcdahil oldu\u011fumuzu, s\u0131f\u0131r tolerans g\u00f6sterdi\u011fimiz konunun t\u00fcm y\u00f6nleriyle ayd\u0131nlat\u0131lmas\u0131 i\u00e7in adli mercilerce i\u015f birli\u011fi i\u00e7inde \u00e7al\u0131\u015ft\u0131\u011f\u0131m\u0131z\u0131 ve s\u00fcrecin sonuna kadar takip\u00e7isi olaca\u011f\u0131m\u0131z\u0131 kamuoyunun bilgisine sunar\u0131z.&#8221;<\/p>\n","protected":false},"excerpt":{"rendered":"<p>Sakarya&#8217;da k\u00fc\u00e7\u00fck \u00e7ocuklara ait m\u00fcstehcen i\u00e7erikler bulundurdu\u011fu \u00f6ne s\u00fcr\u00fclen K\u0131z\u0131lay \u015eube Ba\u015fkan\u0131 Recep Yar\u0131c\u0131 tutukland\u0131. S\u00f6z konusu iddialar \u00fczerine T\u00fcrk K\u0131z\u0131lay a\u00e7\u0131klama yaparak, &#8220;Recep Yar\u0131c\u0131&#8217;n\u0131n y\u00fcz k\u0131zart\u0131c\u0131 bir su\u00e7tan dolay\u0131 tutukland\u0131\u011f\u0131n\u0131 b\u00fcy\u00fck bir infialle \u00f6\u011frendik. Kurumumuzla t\u00fcm ili\u015fi\u011fi kesilen \u015fahs\u0131n en a\u011f\u0131r cezay\u0131 almas\u0131 i\u00e7in olaya m\u00fcdahil oldu\u011fumuzu kamuoyunun bilgisine sunar\u0131z.&#8221; denildi.<\/p>\n","protected":false},"author":1,"featured_media":63010,"comment_status":"open","ping_status":"open","sticky":false,"template":"","format":"standard","meta":{"footnotes":""},"categories":[9,4,13],"tags":[415],"class_list":["post-63009","post","type-post","status-publish","format-standard","has-post-thumbnail","hentry","category-genel","category-gundem","category-son-dakika","tag-kizilay"],"_links":{"self":[{"href":"https:\/\/bihavadis.com\/index.php\/wp-json\/wp\/v2\/posts\/63009","targetHints":{"allow":["GET"]}}],"collection":[{"href":"https:\/\/bihavadis.com\/index.php\/wp-json\/wp\/v2\/posts"}],"about":[{"href":"https:\/\/bihavadis.com\/index.php\/wp-json\/wp\/v2\/types\/post"}],"author":[{"embeddable":true,"href":"https:\/\/bihavadis.com\/index.php\/wp-json\/wp\/v2\/users\/1"}],"replies":[{"embeddable":true,"href":"https:\/\/bihavadis.com\/index.php\/wp-json\/wp\/v2\/comments?post=63009"}],"version-history":[{"count":1,"href":"https:\/\/bihavadis.com\/index.php\/wp-json\/wp\/v2\/posts\/63009\/revisions"}],"predecessor-version":[{"id":63011,"href":"https:\/\/bihavadis.com\/index.php\/wp-json\/wp\/v2\/posts\/63009\/revisions\/63011"}],"wp:featuredmedia":[{"embeddable":true,"href":"https:\/\/bihavadis.com\/index.php\/wp-json\/wp\/v2\/media\/63010"}],"wp:attachment":[{"href":"https:\/\/bihavadis.com\/index.php\/wp-json\/wp\/v2\/media?parent=63009"}],"wp:term":[{"taxonomy":"category","embeddable":true,"href":"https:\/\/bihavadis.com\/index.php\/wp-json\/wp\/v2\/categories?post=63009"},{"taxonomy":"post_tag","embeddable":true,"href":"https:\/\/bihavadis.com\/index.php\/wp-json\/wp\/v2\/tags?post=63009"}],"curies":[{"name":"wp","href":"https:\/\/api.w.org\/{rel}","templated":true}]}}