{"id":63027,"date":"2026-03-06T13:30:07","date_gmt":"2026-03-06T13:30:07","guid":{"rendered":"https:\/\/bihavadis.com\/?p=63027"},"modified":"2026-03-06T13:30:07","modified_gmt":"2026-03-06T13:30:07","slug":"turkiyede-mobil-iletisim-32-yasina-girdi-abdulkadir-uraloglu-5g-icin-tarih-verdi","status":"publish","type":"post","link":"https:\/\/bihavadis.com\/index.php\/2026\/03\/06\/turkiyede-mobil-iletisim-32-yasina-girdi-abdulkadir-uraloglu-5g-icin-tarih-verdi\/","title":{"rendered":"T\u00fcrkiye&#8217;de mobil ileti\u015fim 32 ya\u015f\u0131na girdi: Abdulkadir Uralo\u011flu, 5G i\u00e7in tarih verdi"},"content":{"rendered":"<p>T\u00fcrkiye ad\u0131m ad\u0131m 5G&#8217;ye&#8230;<\/p>\n<p>Cep telefonu \u015febekelerinin T\u00fcrkiye&#8217;de hizmet vermeye ba\u015flamas\u0131n\u0131n \u00fczerinden tam 32 y\u0131l ge\u00e7ti.\u00a0<\/p>\n<p>T\u00fcrkiye o g\u00fcnden bu yana b\u00fcy\u00fck bir mesafe katederek bamba\u015fka bir noktaya gelirken\u00a0Ula\u015ft\u0131rma ve Altyap\u0131 Bakan\u0131 Abdulkadir Uralo\u011flu,<span>\u00a0<\/span>cep telefonu \u015febekelerinin T\u00fcrkiye&#8217;de hizmet vermeye ba\u015flamas\u0131n\u0131n 32. y\u0131l d\u00f6n\u00fcm\u00fc dolay\u0131s\u0131yla de\u011ferlendirmede bulundu.<\/p>\n<p><strong>&#8220;BU G\u00d6R\u00dc\u015eMEYLE BA\u015eLAYAN S\u00dcRE\u00c7 T\u00dcRK\u0130YE&#8217;DE YA\u015eAMI DE\u011e\u0130\u015eT\u0130RD\u0130&#8221;<\/strong><\/p>\n<p>Japonya&#8217;da Nippon Telegraph and Telephone (NTT) taraf\u0131ndan ilk ticari 1G a\u011f\u0131n\u0131n 1979&#8217;da devreye al\u0131nd\u0131\u011f\u0131 bilgisini payla\u015fan Uralo\u011flu,<em><b> &#8220;T\u00fcrkiye&#8217;de 23 \u015eubat 1994&#8217;te d\u00f6nemin Ba\u015fbakan\u0131 Tansu \u00c7iller&#8217;in, d\u00f6nemin Cumhurba\u015fkan\u0131 S\u00fcleyman Demirel&#8217;i aramas\u0131yla ger\u00e7ekle\u015fen ilk cep telefonu g\u00f6r\u00fc\u015fmesinin \u00fczerinden 32 y\u0131l ge\u00e7ti. <\/b><\/em><\/p>\n<p><em><b>Bu g\u00f6r\u00fc\u015fmeyle ba\u015flayan dijital mobil ileti\u015fim, T\u00fcrkiye&#8217;de ya\u015fam\u0131 k\u00f6kl\u00fc \u015fekilde de\u011fi\u015ftirdi. B\u00f6ylece T\u00fcrkiye, analog ara\u00e7 telefonlar\u0131ndan dijital GSM \u00e7a\u011f\u0131n\u0131n ilk ad\u0131mlar\u0131n\u0131 atm\u0131\u015f oldu.&#8221; <\/b><\/em>diye konu\u015ftu.\u00a0<\/p>\n<p><img decoding=\"async\" src=\"https:\/\/bihavadis.com\/wp-content\/uploads\/2026\/03\/turkiyede-mobil-iletisim-32-yasina-girdi-abdulkadir-uraloglu-5g-icin-tarih-verdi-0-wBfnWqPu.jpg\"\/><\/p>\n<p><strong>1G&#8217;DEN 3G&#8217;YE GE\u00c7\u0130\u015e S\u00dcREC\u0130<\/strong><\/p>\n<p>23 \u015eubat 1994&#8217;\u00fcn T\u00fcrkiye&#8217;de cep telefonu \u015febekelerinin hizmet vermeye ba\u015flama g\u00fcn\u00fc oldu\u011funu hat\u0131rlatan Bakan Uralo\u011flu, \u00c7iller&#8217;in Demirel&#8217;i aramas\u0131n\u0131n T\u00fcrkiye&#8217;de 2G teknolojisinin (dijital GSM) kullan\u0131lmaya ba\u015fland\u0131\u011f\u0131 zaman\u0131 simgeledi\u011fini ifade etti.\u00a0<\/p>\n<p>1991 y\u0131l\u0131nda ara\u00e7 telefonlar\u0131 \u00fczerinden kullan\u0131lan 1G teknolojisinin T\u00fcrkiye&#8217;nin mobil ileti\u015fim alan\u0131nda ilk ad\u0131m\u0131 oldu\u011funu vurgulayan Uralo\u011flu,<em><b> &#8220;T\u00fcrkiye&#8217;de internet kullan\u0131m\u0131 1993 y\u0131l\u0131nda ba\u015flarken cep telefonlar\u0131 \u00fczerinden sesli g\u00f6r\u00fc\u015fme, veri iletimi ve k\u0131sa mesaj (SMS) g\u00f6nderimini m\u00fcmk\u00fcn k\u0131lan 2G teknolojisi ise 1994&#8217;te hizmete sunuldu.&#8221; <\/b><\/em>diye konu\u015ftu.<\/p>\n<p>Uralo\u011flu, \u00fclkede 3G hizmetlerinin 2009&#8217;da devreye al\u0131nd\u0131\u011f\u0131n\u0131 aktararak, sesin yan\u0131nda datan\u0131n da \u00f6nem kazanmas\u0131yla T\u00fcrkiye&#8217;nin 3G&#8217;ye ge\u00e7i\u015f yapt\u0131\u011f\u0131n\u0131 dile getirdi.<\/p>\n<p><img decoding=\"async\" src=\"https:\/\/bihavadis.com\/wp-content\/uploads\/2026\/03\/turkiyede-mobil-iletisim-32-yasina-girdi-abdulkadir-uraloglu-5g-icin-tarih-verdi-1-XyuniKCH.jpg\"\/><\/p>\n<p><strong>5G&#8217;YE GE\u00c7\u0130\u015e \u0130\u00c7\u0130N BA\u015eLANGI\u00c7 TAR\u0130H\u0130 1 N\u0130SAN<\/strong><\/p>\n<p>4,5G hizmetinin 1 \u202fNisan\u202f 2016&#8217;da aktif edildi\u011fini ve mobil internet h\u0131zlar\u0131nda b\u00fcy\u00fck art\u0131\u015f sa\u011fland\u0131\u011f\u0131n\u0131 vurgulayan Uralo\u011flu, \u015f\u00f6yle devam etti:<\/p>\n<p>4,5G hizmetleri devreye al\u0131narak mobil internet ve veri eri\u015fiminde \u00f6nemli bir s\u0131\u00e7rama ya\u015fand\u0131. T\u00fcrkiye, mobil cihazlarda internet h\u0131z\u0131n\u0131 4,5G teknolojisi sayesinde 10 kat art\u0131ran yeni imkanlara kavu\u015ftu. <\/p>\n<p>T\u00fcrkiye&#8217;nin, saniyede 20 gigabit veri aktar\u0131m h\u0131z\u0131 sunacak olan 5G teknolojisini kullanmas\u0131na say\u0131l\u0131 g\u00fcnler kald\u0131. T\u00fcrkiye, mobil ileti\u015fim teknolojisinde 1 Nisan&#8217;da b\u00fcy\u00fck bir d\u00f6n\u00fc\u015f\u00fcme haz\u0131rlan\u0131yor.<\/p>\n<p><img decoding=\"async\" src=\"https:\/\/bihavadis.com\/wp-content\/uploads\/2026\/03\/turkiyede-mobil-iletisim-32-yasina-girdi-abdulkadir-uraloglu-5g-icin-tarih-verdi-2-qQlOIp1x.jpg\"\/><\/p>\n<p><strong>&#8220;SADECE \u0130LET\u0130\u015e\u0130M DE\u011e\u0130L, SOSYAL YA\u015eAMI D\u00d6N\u00dc\u015eT\u00dcREN B\u0130R YAPI&#8221;<\/strong><\/p>\n<p>1G&#8217;den ba\u015flay\u0131p bu g\u00fcnlere gelen s\u00fcrecin bir devrim niteli\u011fi ta\u015f\u0131d\u0131\u011f\u0131n\u0131 belirten Bakan, <em><b>&#8220;\u00c7al\u0131\u015fmalar\u0131 uzun y\u0131llard\u0131r devam eden ve 3 operat\u00f6r\u00fcn 16 Ekim 2025&#8217;te ger\u00e7ekle\u015ftirilen ihalede 11 frekans paketini sat\u0131n ald\u0131\u011f\u0131 5G teknolojisi, 1 Nisan&#8217;da kullan\u0131c\u0131lara sunulacak. <\/b><\/em><\/p>\n<p><em><b>1G&#8217;den 5G&#8217;ye uzanan s\u00fcre\u00e7, ileti\u015fim teknolojilerinin nas\u0131l evrildi\u011fini net \u015fekilde g\u00f6sterdi. Cep telefonlar\u0131, hayat\u0131m\u0131zda sadece ileti\u015fim de\u011fil, i\u015f, e\u011fitim, ekonomi ve sosyal ya\u015fam\u0131 d\u00f6n\u00fc\u015ft\u00fcren bir altyap\u0131 haline geldi.&#8221;<\/b><\/em> \u015feklinde konu\u015ftu.\u00a0<\/p>\n<p><img decoding=\"async\" src=\"https:\/\/bihavadis.com\/wp-content\/uploads\/2026\/03\/turkiyede-mobil-iletisim-32-yasina-girdi-abdulkadir-uraloglu-5g-icin-tarih-verdi-3-mGVxMFNO.jpg\"\/><\/p>\n<p><strong>&#8220;4,5G ABONE SAYISI 91 M\u0130LYONU A\u015eTI&#8221;<\/strong><\/p>\n<p>5G&#8217;ye ge\u00e7i\u015fle birlikte h\u0131z\u0131n da en \u00f6nemli unsur olaca\u011f\u0131n\u0131 belirten Uralo\u011flu, \u015funlar\u0131 kaydetti:<\/p>\n<p>2025&#8217;in \u00fc\u00e7\u00fcnc\u00fc \u00e7eyre\u011fi itibar\u0131yla \u00fclkemizde 98,2 milyon geni\u015f bant internet abone say\u0131s\u0131na ula\u015ft\u0131k. 5G&#8217;ye ge\u00e7i\u015f \u00f6ncesi kullan\u0131lan en son teknoloji niteli\u011findeki 4,5G&#8217;de ise kritik bir e\u015fik daha geride b\u0131rak\u0131ld\u0131. <\/p>\n<p>4,5G abone say\u0131s\u0131 ilk defa 91 milyonu a\u015ft\u0131. T\u00fcrkiye&#8217;deki toplam 99 milyon 129 bin 226 mobil abonenin 91 milyon 99 bin 845&#8217;ini 4,5G aboneleri olu\u015fturdu. <\/p>\n<p>Ayr\u0131ca vatanda\u015flar\u0131m\u0131za 4,5G hizmetlerinin sa\u011fl\u0131kl\u0131 verilebilmesi i\u00e7in fiber yat\u0131r\u0131mlar\u0131m\u0131z da devam ediyor. Bu kapsamda i\u015fletmecilerin 2025&#8217;in \u00fc\u00e7\u00fcnc\u00fc \u00e7eyre\u011fi itibar\u0131yla toplam fiber uzunlu\u011fu 657 bin kilometreye ula\u015ft\u0131.<\/p>\n<p><img decoding=\"async\" src=\"https:\/\/bihavadis.com\/wp-content\/uploads\/2026\/03\/turkiyede-mobil-iletisim-32-yasina-girdi-abdulkadir-uraloglu-5g-icin-tarih-verdi-4-MP8fQbbd.jpg\"\/><\/p>\n<p><strong>T\u00dcRK\u0130YE&#8217;DEK\u0130 \u0130LK TELEFON G\u00d6R\u00dc\u015eMES\u0130<\/strong><\/p>\n<p>T\u00fcrkiye\u2019de ilk GSM g\u00f6r\u00fc\u015fmesi, d\u00f6nemin Ba\u015fbakan\u0131 Tansu \u00c7iller\u2019in, Cumhurba\u015fkan\u0131 S\u00fcleyman Demirel\u2019i aramas\u0131yla yap\u0131ld\u0131.<\/p>\n<p>O g\u00fcn ama\u00e7 sadece konu\u015fmak de\u011fil; GSM \u015febekesinin \u00e7al\u0131\u015ft\u0131\u011f\u0131n\u0131 t\u00fcm \u00fclkeye g\u00f6stermekti.<\/p>\n<p><em><b>&#8216;Her an, her yerde ula\u015f\u0131labilir olma&#8221;<\/b><\/em> fikri ilk kez ger\u00e7ek olurken bug\u00fcn cebimizde ta\u015f\u0131d\u0131\u011f\u0131m\u0131z incecik telefonlar\u0131n hik\u00e2yesi, bu ilk <em><b>&#8216;alo&#8217;<\/b><\/em> ile yeni bir sayfa a\u00e7t\u0131.<\/p>\n<p><img decoding=\"async\" src=\"https:\/\/bihavadis.com\/wp-content\/uploads\/2026\/03\/turkiyede-mobil-iletisim-32-yasina-girdi-abdulkadir-uraloglu-5g-icin-tarih-verdi-5-8xCeki1S.jpg\"\/><\/p>\n<p><img decoding=\"async\" src=\"https:\/\/bihavadis.com\/wp-content\/uploads\/2026\/03\/turkiyede-mobil-iletisim-32-yasina-girdi-abdulkadir-uraloglu-5g-icin-tarih-verdi-6-Gmv5TLz8.jpg\"\/> <\/p>\n<div> <span><strong>Kaynak:<\/strong> Ensonhaber Haber Merkezi<\/span> <\/div>\n","protected":false},"excerpt":{"rendered":"<p>T\u00fcrkiye ad\u0131m ad\u0131m 5G&#8217;ye&#8230; Cep telefonu \u015febekelerinin T\u00fcrkiye&#8217;de hizmet vermeye ba\u015flamas\u0131n\u0131n \u00fczerinden tam 32 y\u0131l ge\u00e7ti.\u00a0 T\u00fcrkiye o g\u00fcnden bu yana b\u00fcy\u00fck bir mesafe katederek bamba\u015fka bir noktaya gelirken\u00a0Ula\u015ft\u0131rma ve Altyap\u0131 Bakan\u0131 Abdulkadir &#8230;<\/p>\n","protected":false},"author":1,"featured_media":63028,"comment_status":"open","ping_status":"open","sticky":false,"template":"","format":"standard","meta":{"footnotes":""},"categories":[16],"tags":[315,4119,7345,197,267],"class_list":["post-63027","post","type-post","status-publish","format-standard","has-post-thumbnail","hentry","category-teknoloji","tag-hizmet","tag-mobil","tag-teknolojisi","tag-turkiye","tag-uraloglu"],"_links":{"self":[{"href":"https:\/\/bihavadis.com\/index.php\/wp-json\/wp\/v2\/posts\/63027","targetHints":{"allow":["GET"]}}],"collection":[{"href":"https:\/\/bihavadis.com\/index.php\/wp-json\/wp\/v2\/posts"}],"about":[{"href":"https:\/\/bihavadis.com\/index.php\/wp-json\/wp\/v2\/types\/post"}],"author":[{"embeddable":true,"href":"https:\/\/bihavadis.com\/index.php\/wp-json\/wp\/v2\/users\/1"}],"replies":[{"embeddable":true,"href":"https:\/\/bihavadis.com\/index.php\/wp-json\/wp\/v2\/comments?post=63027"}],"version-history":[{"count":1,"href":"https:\/\/bihavadis.com\/index.php\/wp-json\/wp\/v2\/posts\/63027\/revisions"}],"predecessor-version":[{"id":63036,"href":"https:\/\/bihavadis.com\/index.php\/wp-json\/wp\/v2\/posts\/63027\/revisions\/63036"}],"wp:featuredmedia":[{"embeddable":true,"href":"https:\/\/bihavadis.com\/index.php\/wp-json\/wp\/v2\/media\/63028"}],"wp:attachment":[{"href":"https:\/\/bihavadis.com\/index.php\/wp-json\/wp\/v2\/media?parent=63027"}],"wp:term":[{"taxonomy":"category","embeddable":true,"href":"https:\/\/bihavadis.com\/index.php\/wp-json\/wp\/v2\/categories?post=63027"},{"taxonomy":"post_tag","embeddable":true,"href":"https:\/\/bihavadis.com\/index.php\/wp-json\/wp\/v2\/tags?post=63027"}],"curies":[{"name":"wp","href":"https:\/\/api.w.org\/{rel}","templated":true}]}}