{"id":63046,"date":"2026-03-06T13:39:13","date_gmt":"2026-03-06T13:39:13","guid":{"rendered":"https:\/\/bihavadis.com\/?p=63046"},"modified":"2026-03-06T13:39:13","modified_gmt":"2026-03-06T13:39:13","slug":"harda-kacmaz-topraga-verildi","status":"publish","type":"post","link":"https:\/\/bihavadis.com\/index.php\/2026\/03\/06\/harda-kacmaz-topraga-verildi\/","title":{"rendered":"Harda Ka\u00e7maz Topra\u011fa Verildi"},"content":{"rendered":"<p>\n<p>TOPRA\u011eA VER\u0130LD\u0130<\/p>\n<p>Kocaelispor- Be\u015fikta\u015f ma\u00e7\u0131nda trib\u00fcnden d\u00fc\u015f\u00fcp hayat\u0131n\u0131 kaybeden ev sahibi tak\u0131m\u0131n taraftar\u0131 Harda Ka\u00e7maz (21), otopsi i\u015flemlerinin ard\u0131ndan \u0130zmit&#8217;in Fatih Mahallesi&#8217;ndeki Zeytinlik Camisi&#8217;ne getirildi. Cenazeye Harda&#8217;n\u0131n babas\u0131 Fehmi Ka\u00e7maz, yak\u0131nlar\u0131 ve sevenlerinin yan\u0131 s\u0131ra Kocaeli Valisi \u0130lhami Akta\u015f, B\u00fcy\u00fck\u015fehir Belediye Ba\u015fkan\u0131 Tahir B\u00fcy\u00fckak\u0131n, AK Parti Milletvekili Veysal Tipio\u011flu, Kocaelispor Ba\u015fkan\u0131 Recep Durul, Kocaelispor Teknik Direkt\u00f6r\u00fc Sel\u00e7uk \u0130nan, Kocaelispor kaptan\u0131 G\u00f6khan De\u011firmenci, kul\u00fcp futbolcular\u0131ndan Ahmet O\u011fuz, Muharrem Cinan kat\u0131ld\u0131. Tabutun \u00fczerine Kocaelispor bayra\u011f\u0131 konuldu.<\/p>\n<p>&#8216;O\u011eLUM SEN\u0130N BUNUN \u0130\u00c7\u0130NDE NE \u0130\u015e\u0130N VAR&#8217;<\/p>\n<p>O\u011flunun tabutu \u00fczerine kapanan Fehmi Ka\u00e7maz, &#8220;Askere g\u00f6nderecektim, e\u011flencesini yapacakt\u0131m. \u015eimdi sana hocay\u0131 getirece\u011fim. O\u011flum senin bunun i\u00e7inde ne i\u015fin var? Babac\u0131\u011f\u0131m eve gidelim. Daha sabahleyin i\u015fe giderken \u00fcst\u00fcn\u00fc \u00f6rtt\u00fcm, ak\u015fam geldim b\u00f6yle mi g\u00f6recektim seni? Benim pa\u015fam gitti. Can\u0131m o\u011flum&#8221; diyerek g\u00f6zya\u015f\u0131 d\u00f6kt\u00fc.<\/p>\n<p>\u00d6\u011fle vakti k\u0131l\u0131nan cenaze namaz\u0131n\u0131n ard\u0131ndan Harda Ka\u00e7maz, Kent Mezarl\u0131\u011f\u0131&#8217;nda topra\u011fa verildi. <\/p>\n","protected":false},"excerpt":{"rendered":"<p>Be\u015fikta\u015f ma\u00e7\u0131nda ya\u015fam\u0131n\u0131 yitiren Kocaelispor taraftar\u0131 Harda Ka\u00e7maz, g\u00f6zya\u015flar\u0131yla u\u011furland\u0131.<\/p>\n","protected":false},"author":1,"featured_media":63047,"comment_status":"open","ping_status":"open","sticky":false,"template":"","format":"standard","meta":{"footnotes":""},"categories":[9,4,13],"tags":[240],"class_list":["post-63046","post","type-post","status-publish","format-standard","has-post-thumbnail","hentry","category-genel","category-gundem","category-son-dakika","tag-kocaeli"],"_links":{"self":[{"href":"https:\/\/bihavadis.com\/index.php\/wp-json\/wp\/v2\/posts\/63046","targetHints":{"allow":["GET"]}}],"collection":[{"href":"https:\/\/bihavadis.com\/index.php\/wp-json\/wp\/v2\/posts"}],"about":[{"href":"https:\/\/bihavadis.com\/index.php\/wp-json\/wp\/v2\/types\/post"}],"author":[{"embeddable":true,"href":"https:\/\/bihavadis.com\/index.php\/wp-json\/wp\/v2\/users\/1"}],"replies":[{"embeddable":true,"href":"https:\/\/bihavadis.com\/index.php\/wp-json\/wp\/v2\/comments?post=63046"}],"version-history":[{"count":1,"href":"https:\/\/bihavadis.com\/index.php\/wp-json\/wp\/v2\/posts\/63046\/revisions"}],"predecessor-version":[{"id":63048,"href":"https:\/\/bihavadis.com\/index.php\/wp-json\/wp\/v2\/posts\/63046\/revisions\/63048"}],"wp:featuredmedia":[{"embeddable":true,"href":"https:\/\/bihavadis.com\/index.php\/wp-json\/wp\/v2\/media\/63047"}],"wp:attachment":[{"href":"https:\/\/bihavadis.com\/index.php\/wp-json\/wp\/v2\/media?parent=63046"}],"wp:term":[{"taxonomy":"category","embeddable":true,"href":"https:\/\/bihavadis.com\/index.php\/wp-json\/wp\/v2\/categories?post=63046"},{"taxonomy":"post_tag","embeddable":true,"href":"https:\/\/bihavadis.com\/index.php\/wp-json\/wp\/v2\/tags?post=63046"}],"curies":[{"name":"wp","href":"https:\/\/api.w.org\/{rel}","templated":true}]}}