{"id":63123,"date":"2026-03-06T14:39:08","date_gmt":"2026-03-06T14:39:08","guid":{"rendered":"https:\/\/bihavadis.com\/?p=63123"},"modified":"2026-03-06T14:39:08","modified_gmt":"2026-03-06T14:39:08","slug":"icisleri-bakani-yerlikaya-6-subat-depremleri-anma-programi-ve-toplu-acilis-toreninde-konustu-aciklamasi","status":"publish","type":"post","link":"https:\/\/bihavadis.com\/index.php\/2026\/03\/06\/icisleri-bakani-yerlikaya-6-subat-depremleri-anma-programi-ve-toplu-acilis-toreninde-konustu-aciklamasi\/","title":{"rendered":"\u0130\u00e7i\u015fleri Bakan\u0131 Yerlikaya, 6 \u015eubat Depremleri Anma Program\u0131 ve Toplu A\u00e7\u0131l\u0131\u015f T\u00f6reni&#8217;nde konu\u015ftu A\u00e7\u0131klamas\u0131"},"content":{"rendered":"<p> \u0130\u00e7i\u015fleri Bakan\u0131 Ali Yerlikaya, &#8220;Asr\u0131n felaketini, asr\u0131n birlikteli\u011fine d\u00f6n\u00fc\u015ft\u00fcrd\u00fck. D\u00fcnyan\u0131n en b\u00fcy\u00fck iyile\u015ftirme operasyonuna el birli\u011fiyle imza att\u0131k. &#8216;Yap\u0131lamaz&#8217; denileni yapt\u0131k. &#8216;Ba\u015far\u0131lamaz&#8217; denileni \u015f\u00fck\u00fcrler olsun hep birlikte ba\u015fard\u0131k. Birileri laf \u00fcretirken, deprem b\u00f6lgesindeki yepyeni yuvalar\u0131m\u0131z bir bir y\u00fckseliyordu.&#8221; dedi.<\/p>\n<p>Yerlikaya, Cumhurba\u015fkan\u0131 Recep Tayyip Erdo\u011fan&#8217;\u0131n da kat\u0131l\u0131m\u0131yla &#8220;K\u00fcllerinden Do\u011fdu Yine, T\u00fcrkiye&#8217;min G\u00fcc\u00fcne Bak&#8221; temas\u0131yla d\u00fczenlenen 6 \u015eubat Depremleri Anma Program\u0131 ve Yap\u0131m\u0131 Tamamlanan Yat\u0131r\u0131mlar\u0131n Toplu A\u00e7\u0131l\u0131\u015f T\u00f6reni&#8217;nde, depremin 3. y\u0131l\u0131nda b\u00fcy\u00fck bir ac\u0131n\u0131n yad edildi\u011fini s\u00f6yledi.<\/p>\n<p>Depremin T\u00fcrkiye&#8217;nin y\u00fcre\u011finde ortak ac\u0131 oldu\u011funu belirten Yerlikaya, millet olman\u0131n kederde de sevin\u00e7te de bir ve beraber olmak anlam\u0131na geldi\u011fini, el ele, omuz omuza olma anlam\u0131 ta\u015f\u0131d\u0131\u011f\u0131n\u0131 ifade etti.<\/p>\n<p>&#8220;Bu a\u011f\u0131r imtihanla s\u0131nan\u0131rken ne denli y\u00fcce bir millet oldu\u011fumuzu bir kez daha d\u00fcnyaya g\u00f6sterdik.&#8221; diyen Yerlikaya, zor g\u00fcnlerde herkesin bir araya geldi\u011fini, kenetlenerek kararl\u0131l\u0131\u011f\u0131n\u0131 diri tuttu\u011funu dile getirdi.<\/p>\n<p>Bakan Yerlikaya, s\u00f6zlerini \u015f\u00f6yle s\u00fcrd\u00fcrd\u00fc: <\/p>\n<p>&#8220;6 \u015eubat&#8217;ta \u015fafa\u011f\u0131n ilk \u0131\u015f\u0131klar\u0131, sadece enkazlar\u0131 de\u011fil, o enkazlardan g\u00fc\u00e7lenerek \u00e7\u0131kan, bitmek t\u00fckenmek bilmeyen bir iradeyi de ayd\u0131nlatt\u0131. Say\u0131n Cumhurba\u015fkan\u0131m\u0131z\u0131n sars\u0131lmaz liderli\u011finde hep birlikte aya\u011fa kalkmay\u0131 bildik, yaralar\u0131m\u0131z\u0131 birlikte sard\u0131k. G\u00f6zya\u015f\u0131n\u0131 umuda, y\u0131k\u0131m\u0131 yeniden dirili\u015fe d\u00f6n\u00fc\u015ft\u00fcrme gayretini ortaya koyduk. Asr\u0131n felaketini, asr\u0131n birlikteli\u011fine d\u00f6n\u00fc\u015ft\u00fcrd\u00fck. D\u00fcnyan\u0131n en b\u00fcy\u00fck iyile\u015ftirme operasyonuna el birli\u011fiyle imza att\u0131k. &#8216;Yap\u0131lamaz&#8217; denileni yapt\u0131k. &#8216;Ba\u015far\u0131lamaz&#8217; denileni \u015f\u00fck\u00fcrler olsun hep birlikte ba\u015fard\u0131k. Birileri laf \u00fcretirken, deprem b\u00f6lgesindeki yepyeni yuvalar\u0131m\u0131z bir bir y\u00fckseliyordu.<\/p>\n<p>Ge\u00e7en ay Hatay&#8217;da 455 bininci konutun kura \u00e7ekimini yapt\u0131k. Osmaniye&#8217;de bug\u00fcne kadar il ve il\u00e7e merkezlerinde 12 bin 184 konut ve 373 i\u015f yerinin kuras\u0131n\u0131 \u00e7ektik. Osmaniye&#8217;ye, 6 \u015eubat sonras\u0131 y\u0131k\u0131m, enkaz kald\u0131rma, konteyner giderleriyle acil ihtiya\u00e7lar\u0131n kar\u015f\u0131lanmas\u0131 i\u00e7in valilik, kaymakaml\u0131k, belediyeler, il \u00f6zel idaresi ve muhtarl\u0131klara aktar\u0131lan \u00f6denekler dahil 3 milyar 765 milyondan fazla kaynak aktard\u0131k. C\u00fcmle alem bilsin ki sadece 6 \u015eubat sonras\u0131 de\u011fil, tarih boyunca da hi\u00e7bir f\u0131rt\u0131na, hi\u00e7bir fitne, aziz milletin iradesini \u00f6n\u00fcnde duramam\u0131\u015f, onu yolundan \u00e7evirememi\u015ftir. B\u00f6yle olmaya devam edecek. \u00c7\u00fcnk\u00fc biz milletimizin her bir ferdiyle kara k\u0131\u015f\u0131n ortas\u0131nda bahar m\u00fcjdesi veren karanfil misali k\u00fcllerinden yeniden do\u011fan b\u00fcy\u00fck bir milletiz.&#8221;<\/p>\n<p>&#8220;Tamamlanan her proje, aziz milletimizin birlik ve dayan\u0131\u015fma ruhunun en somut kar\u015f\u0131l\u0131\u011f\u0131d\u0131r&#8221;<\/p>\n<p>Sadece binalar\u0131n y\u00fckselmedi\u011fine dikkati \u00e7eken Yerlikaya, &#8220;Bu bir dirili\u015f, bir k\u0131yam, yeniden aya\u011fa kalkma iradesidir. Bu, takdiri ezele teslim olan ama gayrete de a\u015f\u0131k olanlar\u0131n yazd\u0131\u011f\u0131 bir tarihtir.&#8221; dedi.<\/p>\n<p>O g\u00fcn y\u0131k\u0131nt\u0131larla dolan sokaklar\u0131n bug\u00fcn \u00e7ocuklar\u0131n ve gen\u00e7lerin g\u00fcl\u00fc\u015fleri, umut dolu \u00e7ehreleriyle yeniden \u00e7i\u00e7eklendi\u011fini anlatan Yerlikaya, \u015f\u00f6yle devam etti: <\/p>\n<p>&#8220;Yap\u0131lan her konut, at\u0131lan her temel, tamamlanan her proje, aziz milletimizin birlik ve dayan\u0131\u015fma ruhunun en somut kar\u015f\u0131l\u0131\u011f\u0131d\u0131r. T\u00fcm bu \u00e7al\u0131\u015fmalar, Osmaniye&#8217;yi eskisinden daha diren\u00e7li, g\u00fcvenli \u015fehir haline getirmek i\u00e7in. T\u00fcm bu \u00e7abalar\u0131m\u0131z, Osmaniyelilerin huzur i\u00e7inde uyuyaca\u011f\u0131, g\u00fcven i\u00e7inde uyanaca\u011f\u0131 yar\u0131nlar i\u00e7indir.&#8221;<\/p>\n<p>Yerlikaya, her zaman vatanda\u015flar\u0131n yan\u0131nda olmaya devam edeceklerini, birlik ve beraberlikten gelen g\u00fc\u00e7le, inan\u00e7tan do\u011fan cesaretle T\u00fcrkiye&#8217;yi hep birlikte daha ileri ta\u015f\u0131yacaklar\u0131n\u0131 vurgulayarak, asr\u0131n in\u015fas\u0131nda eme\u011fi ge\u00e7en herkese te\u015fekk\u00fcr etti.<\/p>\n<p>Osmaniye Belediye Ba\u015fkan\u0131 \u0130brahim \u00c7enet de asr\u0131n felaketinin y\u0131kt\u0131\u011f\u0131 evleri, \u015fehirleri, asr\u0131n kenetlenmesiyle aya\u011fa kald\u0131rmay\u0131 el ele ba\u015fard\u0131klar\u0131n\u0131 dile getirdi.<\/p>\n<p>\u00c7evre, \u015eehircilik ve \u0130klim De\u011fi\u015fikli\u011fi Bakanl\u0131\u011f\u0131n\u0131n depremin 3. y\u0131l\u0131nda 500 bine yak\u0131n konutu, i\u015f yerlerini vatanda\u015flara teslim etti\u011fini belirten \u00c7enet, b\u00fcy\u00fck gayret ve fedakarl\u0131k ortaya konuldu\u011funu kaydetti.<\/p>\n","protected":false},"excerpt":{"rendered":"<p>\u0130\u00e7i\u015fleri Bakan\u0131 Ali Yerlikaya, &#8220;Asr\u0131n felaketini, asr\u0131n birlikteli\u011fine d\u00f6n\u00fc\u015ft\u00fcrd\u00fck. D\u00fcnyan\u0131n en b\u00fcy\u00fck iyile\u015ftirme operasyonuna el birli\u011fiyle imza att\u0131k. &#8216;Yap\u0131lamaz&#8217; denileni yapt\u0131k. &#8216;Ba\u015far\u0131lamaz&#8217; denileni \u015f\u00fck\u00fcrler olsun hep birlikte ba\u015fard\u0131k.<\/p>\n","protected":false},"author":1,"featured_media":63124,"comment_status":"open","ping_status":"open","sticky":false,"template":"","format":"standard","meta":{"footnotes":""},"categories":[12],"tags":[3937,1140,60,2113,2590],"class_list":["post-63123","post","type-post","status-publish","format-standard","has-post-thumbnail","hentry","category-siyaset","tag-asrin","tag-birlikte","tag-deprem","tag-millet","tag-yerlikaya"],"_links":{"self":[{"href":"https:\/\/bihavadis.com\/index.php\/wp-json\/wp\/v2\/posts\/63123","targetHints":{"allow":["GET"]}}],"collection":[{"href":"https:\/\/bihavadis.com\/index.php\/wp-json\/wp\/v2\/posts"}],"about":[{"href":"https:\/\/bihavadis.com\/index.php\/wp-json\/wp\/v2\/types\/post"}],"author":[{"embeddable":true,"href":"https:\/\/bihavadis.com\/index.php\/wp-json\/wp\/v2\/users\/1"}],"replies":[{"embeddable":true,"href":"https:\/\/bihavadis.com\/index.php\/wp-json\/wp\/v2\/comments?post=63123"}],"version-history":[{"count":1,"href":"https:\/\/bihavadis.com\/index.php\/wp-json\/wp\/v2\/posts\/63123\/revisions"}],"predecessor-version":[{"id":63125,"href":"https:\/\/bihavadis.com\/index.php\/wp-json\/wp\/v2\/posts\/63123\/revisions\/63125"}],"wp:featuredmedia":[{"embeddable":true,"href":"https:\/\/bihavadis.com\/index.php\/wp-json\/wp\/v2\/media\/63124"}],"wp:attachment":[{"href":"https:\/\/bihavadis.com\/index.php\/wp-json\/wp\/v2\/media?parent=63123"}],"wp:term":[{"taxonomy":"category","embeddable":true,"href":"https:\/\/bihavadis.com\/index.php\/wp-json\/wp\/v2\/categories?post=63123"},{"taxonomy":"post_tag","embeddable":true,"href":"https:\/\/bihavadis.com\/index.php\/wp-json\/wp\/v2\/tags?post=63123"}],"curies":[{"name":"wp","href":"https:\/\/api.w.org\/{rel}","templated":true}]}}