{"id":63140,"date":"2026-03-06T14:51:06","date_gmt":"2026-03-06T14:51:06","guid":{"rendered":"https:\/\/bihavadis.com\/?p=63140"},"modified":"2026-03-06T14:51:06","modified_gmt":"2026-03-06T14:51:06","slug":"gurcandan-genclik-ve-saglik-vurgusu","status":"publish","type":"post","link":"https:\/\/bihavadis.com\/index.php\/2026\/03\/06\/gurcandan-genclik-ve-saglik-vurgusu\/","title":{"rendered":"G\u00fcrcan&#8217;dan Gen\u00e7lik ve Sa\u011fl\u0131k Vurgusu"},"content":{"rendered":"<p>TBMM Milli E\u011fitim, K\u00fclt\u00fcr, Gen\u00e7lik ve Spor Komisyonu Ba\u015fkan\u0131 ve AK Parti Eski\u015fehir Milletvekili Ay\u015fen G\u00fcrcan, T\u00fcrkiye Gen\u00e7lik Vakf\u0131 (T\u00dcGVA) Eski\u015fehir \u0130l Temsilcili\u011fi ile T\u00fcrkiye Ye\u015filay Cemiyeti Dan\u0131\u015fmanl\u0131k Merkezi&#8217;ni (YEDAM) ziyaret etti.<\/p>\n<p>G\u00fcrcan, AK Parti Eski\u015fehir \u0130l Ba\u015fkan\u0131 G\u00fcrhan Albayrak ile ger\u00e7ekle\u015ftirdi\u011fi T\u00dcGVA \u0130l Temsilcili\u011fi ziyaretinde, gen\u00e7lere y\u00f6nelik y\u00fcr\u00fct\u00fclen kurslar, e\u011fitim programlar\u0131 ve sosyal faaliyetler hakk\u0131nda yetkililerden bilgi ald\u0131.<\/p>\n<p>Gen\u00e7lerin e\u011fitim ve sosyal geli\u015fimine y\u00f6nelik \u00e7al\u0131\u015fmalar\u0131n \u00f6nemine dikkati \u00e7eken G\u00fcrcan, bu alandaki faaliyetlerin desteklenmeye devam edece\u011fini belirtti.<\/p>\n<p>G\u00fcrcan, program kapsam\u0131nda, T\u00fcrkiye Ye\u015filay Cemiyeti Eski\u015fehir \u015eube Ba\u015fkan\u0131 Ay\u015fe Fert D\u00f6kmeci ile Ye\u015filay Dan\u0131\u015fmanl\u0131k Merkezi&#8217;ni de ziyaret etti. Ziyarette, ba\u011f\u0131ml\u0131l\u0131kla m\u00fccadele ve toplum sa\u011fl\u0131\u011f\u0131n\u0131n g\u00fc\u00e7lendirilmesine y\u00f6nelik y\u00fcr\u00fct\u00fclen \u00e7al\u0131\u015fmalar hakk\u0131nda bilgi ald\u0131.<\/p>\n<p>YEDAM&#8217;\u0131n sundu\u011fu dan\u0131\u015fmanl\u0131k hizmetlerinin toplum a\u00e7\u0131s\u0131ndan b\u00fcy\u00fck \u00f6nem ta\u015f\u0131d\u0131\u011f\u0131n\u0131 ifade eden G\u00fcrcan, merkezde g\u00f6rev yapan personele \u00e7al\u0131\u015fmalar\u0131nda ba\u015far\u0131lar diledi.<\/p>\n","protected":false},"excerpt":{"rendered":"<p>Ay\u015fen G\u00fcrcan, T\u00dcGVA ve YEDAM ziyaretlerinde gen\u00e7lerin e\u011fitimi ve toplum sa\u011fl\u0131\u011f\u0131na dikkat \u00e7ekti.<\/p>\n","protected":false},"author":1,"featured_media":63141,"comment_status":"open","ping_status":"open","sticky":false,"template":"","format":"standard","meta":{"footnotes":""},"categories":[12],"tags":[7352],"class_list":["post-63140","post","type-post","status-publish","format-standard","has-post-thumbnail","hentry","category-siyaset","tag-gurcan"],"_links":{"self":[{"href":"https:\/\/bihavadis.com\/index.php\/wp-json\/wp\/v2\/posts\/63140","targetHints":{"allow":["GET"]}}],"collection":[{"href":"https:\/\/bihavadis.com\/index.php\/wp-json\/wp\/v2\/posts"}],"about":[{"href":"https:\/\/bihavadis.com\/index.php\/wp-json\/wp\/v2\/types\/post"}],"author":[{"embeddable":true,"href":"https:\/\/bihavadis.com\/index.php\/wp-json\/wp\/v2\/users\/1"}],"replies":[{"embeddable":true,"href":"https:\/\/bihavadis.com\/index.php\/wp-json\/wp\/v2\/comments?post=63140"}],"version-history":[{"count":1,"href":"https:\/\/bihavadis.com\/index.php\/wp-json\/wp\/v2\/posts\/63140\/revisions"}],"predecessor-version":[{"id":63142,"href":"https:\/\/bihavadis.com\/index.php\/wp-json\/wp\/v2\/posts\/63140\/revisions\/63142"}],"wp:featuredmedia":[{"embeddable":true,"href":"https:\/\/bihavadis.com\/index.php\/wp-json\/wp\/v2\/media\/63141"}],"wp:attachment":[{"href":"https:\/\/bihavadis.com\/index.php\/wp-json\/wp\/v2\/media?parent=63140"}],"wp:term":[{"taxonomy":"category","embeddable":true,"href":"https:\/\/bihavadis.com\/index.php\/wp-json\/wp\/v2\/categories?post=63140"},{"taxonomy":"post_tag","embeddable":true,"href":"https:\/\/bihavadis.com\/index.php\/wp-json\/wp\/v2\/tags?post=63140"}],"curies":[{"name":"wp","href":"https:\/\/api.w.org\/{rel}","templated":true}]}}