{"id":63143,"date":"2026-03-06T14:54:06","date_gmt":"2026-03-06T14:54:06","guid":{"rendered":"https:\/\/bihavadis.com\/?p=63143"},"modified":"2026-03-06T14:54:06","modified_gmt":"2026-03-06T14:54:06","slug":"ismail-yuksek-bitmis-bir-sey-yok","status":"publish","type":"post","link":"https:\/\/bihavadis.com\/index.php\/2026\/03\/06\/ismail-yuksek-bitmis-bir-sey-yok\/","title":{"rendered":"\u0130smail Y\u00fcksek: Bitmi\u015f bir \u015fey yok"},"content":{"rendered":"<p>Fenerbah\u00e7e, S\u00fcper Lig\u2019in 23\u2019\u00fcnc\u00fc haftas\u0131nda sahas\u0131nda a\u011f\u0131rlad\u0131\u011f\u0131 Kas\u0131mpa\u015fa ile 1-1 berabere kald\u0131.<\/p>\n<p>Fenerbah\u00e7e formas\u0131 giyen \u0130smail Y\u00fcksek, ligde Kas\u0131mpa\u015fa beraberli\u011fi sonras\u0131 konu\u015ftu.<\/p>\n<p><strong>&#8220;GAL\u0130B\u0130YET ARMA\u011eAN ETMEK \u0130ST\u0130YORDUK&#8221;<\/strong><\/p>\n<p>Milli futbolcu, <em><b>&#8220;Son 10 dakika iki farkl\u0131 duygu ya\u015fad\u0131k, \u00fcz\u00fcc\u00fc bir duydu. \u0130ki ma\u00e7ta 10 ki\u015fi kalan tak\u0131mdan gol yedik, 4 puan b\u0131rakt\u0131k. Bu tak\u0131ma yak\u0131\u015fmayan bir durum. Yak\u0131\u015fm\u0131yor&#8230; Bu seneki en iyi atmosferdi, taraftarlara galibiyet arma\u011fan etmek istiyorduk ama olmad\u0131.&#8221; <\/b><\/em>dedi.<\/p>\n<p><strong>&#8220;BIRAKMAYACA\u011eIZ&#8221;<\/strong><\/p>\n<p>\u0130smail Y\u00fcksek, <em><b>&#8220;B\u0131rakmayaca\u011f\u0131z, daha g\u00fc\u00e7l\u00fc \u015fekilde aya\u011fa kalkaca\u011f\u0131z ve devam edece\u011fiz. Bitmi\u015f bir \u015fey yok. Daha \u00e7ok ma\u00e7 var. B\u0131rakmayaca\u011f\u0131z, devam edece\u011fiz. Birbirimize g\u00fcveniyoruz. Yapabilece\u011fimize inan\u0131yoruz. Daha iyi olaca\u011f\u0131z. Dedi\u011fin gibi \u00fcz\u00fcc\u00fc bir durum bug\u00fcn i\u00e7in abi.&#8221;<\/b><\/em> diye konu\u015ftu.<\/p>\n<div> <span><strong>Kaynak:<\/strong> Ensonhaber Haber Merkezi<\/span> <\/div>\n","protected":false},"excerpt":{"rendered":"<p>Fenerbah\u00e7e, S\u00fcper Lig\u2019in 23\u2019\u00fcnc\u00fc haftas\u0131nda sahas\u0131nda a\u011f\u0131rlad\u0131\u011f\u0131 Kas\u0131mpa\u015fa ile 1-1 berabere kald\u0131. Fenerbah\u00e7e formas\u0131 giyen \u0130smail Y\u00fcksek, ligde Kas\u0131mpa\u015fa beraberli\u011fi sonras\u0131 konu\u015ftu. &#8220;GAL\u0130B\u0130YET ARMA\u011eAN ETMEK \u0130ST\u0130YORDUK&#8221; Milli futbolcu, &#8220;Son 10 &#8230;<\/p>\n","protected":false},"author":1,"featured_media":63144,"comment_status":"open","ping_status":"open","sticky":false,"template":"","format":"standard","meta":{"footnotes":""},"categories":[14],"tags":[],"class_list":["post-63143","post","type-post","status-publish","format-standard","has-post-thumbnail","hentry","category-spor"],"_links":{"self":[{"href":"https:\/\/bihavadis.com\/index.php\/wp-json\/wp\/v2\/posts\/63143","targetHints":{"allow":["GET"]}}],"collection":[{"href":"https:\/\/bihavadis.com\/index.php\/wp-json\/wp\/v2\/posts"}],"about":[{"href":"https:\/\/bihavadis.com\/index.php\/wp-json\/wp\/v2\/types\/post"}],"author":[{"embeddable":true,"href":"https:\/\/bihavadis.com\/index.php\/wp-json\/wp\/v2\/users\/1"}],"replies":[{"embeddable":true,"href":"https:\/\/bihavadis.com\/index.php\/wp-json\/wp\/v2\/comments?post=63143"}],"version-history":[{"count":1,"href":"https:\/\/bihavadis.com\/index.php\/wp-json\/wp\/v2\/posts\/63143\/revisions"}],"predecessor-version":[{"id":63145,"href":"https:\/\/bihavadis.com\/index.php\/wp-json\/wp\/v2\/posts\/63143\/revisions\/63145"}],"wp:featuredmedia":[{"embeddable":true,"href":"https:\/\/bihavadis.com\/index.php\/wp-json\/wp\/v2\/media\/63144"}],"wp:attachment":[{"href":"https:\/\/bihavadis.com\/index.php\/wp-json\/wp\/v2\/media?parent=63143"}],"wp:term":[{"taxonomy":"category","embeddable":true,"href":"https:\/\/bihavadis.com\/index.php\/wp-json\/wp\/v2\/categories?post=63143"},{"taxonomy":"post_tag","embeddable":true,"href":"https:\/\/bihavadis.com\/index.php\/wp-json\/wp\/v2\/tags?post=63143"}],"curies":[{"name":"wp","href":"https:\/\/api.w.org\/{rel}","templated":true}]}}