{"id":63146,"date":"2026-03-06T14:57:07","date_gmt":"2026-03-06T14:57:07","guid":{"rendered":"https:\/\/bihavadis.com\/?p=63146"},"modified":"2026-03-06T14:57:07","modified_gmt":"2026-03-06T14:57:07","slug":"almanya-ve-bae-liderlerinden-isbirligi-vurgusu","status":"publish","type":"post","link":"https:\/\/bihavadis.com\/index.php\/2026\/03\/06\/almanya-ve-bae-liderlerinden-isbirligi-vurgusu\/","title":{"rendered":"Almanya ve BAE Liderlerinden \u0130\u015fbirli\u011fi Vurgusu"},"content":{"rendered":"<p>\n<p>ALMANYA Ba\u015fbakan\u0131 Friedrich Merz ile Birle\u015fik Arap Emirlikleri (BAE) Devlet Ba\u015fkan\u0131 \u015eeyh Muhammed bin Zayid Al Nahyan, Abu Dabi&#8217;de bir araya geldi.<\/p>\n<p>BAE Devlet Ba\u015fkan\u0131 \u015eeyh Muhammed bin Zayid Al Nahyan, resmi temaslarda bulunmak \u00fczere Abu Dabi&#8217;ye gelen Almanya Ba\u015fbakan\u0131 Friedrich Merz ile g\u00f6r\u00fc\u015ft\u00fc. G\u00f6r\u00fc\u015fmeye ili\u015fkin sanal medya hesab\u0131ndan payla\u015f\u0131m yapan Al Nahyan, &#8220;Bug\u00fcn Abu Dabi&#8217;de Almanya Ba\u015fbakan\u0131 Friedrich Merz ile bir araya gelerek \u00fclkelerimiz aras\u0131ndaki uzun soluklu ba\u011flar\u0131 ele ald\u0131k ve i\u015f birli\u011fimizi g\u00fc\u00e7lendirme f\u0131rsatlar\u0131n\u0131 de\u011ferlendirdik&#8221; ifadelerini kulland\u0131.<\/p>\n<p>Almanya ile ili\u015fkileri geli\u015ftirme arzusunda olduklar\u0131n\u0131 belirten Al Nahyan, &#8220;BAE, herkes i\u00e7in istikrar, ilerleme ve refah\u0131 te\u015fvik etme konusundaki ortak vizyonumuz do\u011frultusunda Almanya ile ili\u015fkilerini g\u00fc\u00e7lendirmeye devam edecektir&#8221; de\u011ferlendirmesinde bulundu.<\/p>\n","protected":false},"excerpt":{"rendered":"<p>Almanya Ba\u015fbakan\u0131 Merz, BAE Devlet Ba\u015fkan\u0131 Al Nahyan ile ili\u015fkileri g\u00fc\u00e7lendirme g\u00f6r\u00fc\u015fmesi yapt\u0131.<\/p>\n","protected":false},"author":1,"featured_media":63147,"comment_status":"open","ping_status":"open","sticky":false,"template":"","format":"standard","meta":{"footnotes":""},"categories":[12],"tags":[1088],"class_list":["post-63146","post","type-post","status-publish","format-standard","has-post-thumbnail","hentry","category-siyaset","tag-almanya"],"_links":{"self":[{"href":"https:\/\/bihavadis.com\/index.php\/wp-json\/wp\/v2\/posts\/63146","targetHints":{"allow":["GET"]}}],"collection":[{"href":"https:\/\/bihavadis.com\/index.php\/wp-json\/wp\/v2\/posts"}],"about":[{"href":"https:\/\/bihavadis.com\/index.php\/wp-json\/wp\/v2\/types\/post"}],"author":[{"embeddable":true,"href":"https:\/\/bihavadis.com\/index.php\/wp-json\/wp\/v2\/users\/1"}],"replies":[{"embeddable":true,"href":"https:\/\/bihavadis.com\/index.php\/wp-json\/wp\/v2\/comments?post=63146"}],"version-history":[{"count":1,"href":"https:\/\/bihavadis.com\/index.php\/wp-json\/wp\/v2\/posts\/63146\/revisions"}],"predecessor-version":[{"id":63148,"href":"https:\/\/bihavadis.com\/index.php\/wp-json\/wp\/v2\/posts\/63146\/revisions\/63148"}],"wp:featuredmedia":[{"embeddable":true,"href":"https:\/\/bihavadis.com\/index.php\/wp-json\/wp\/v2\/media\/63147"}],"wp:attachment":[{"href":"https:\/\/bihavadis.com\/index.php\/wp-json\/wp\/v2\/media?parent=63146"}],"wp:term":[{"taxonomy":"category","embeddable":true,"href":"https:\/\/bihavadis.com\/index.php\/wp-json\/wp\/v2\/categories?post=63146"},{"taxonomy":"post_tag","embeddable":true,"href":"https:\/\/bihavadis.com\/index.php\/wp-json\/wp\/v2\/tags?post=63146"}],"curies":[{"name":"wp","href":"https:\/\/api.w.org\/{rel}","templated":true}]}}