{"id":63192,"date":"2026-03-06T15:30:07","date_gmt":"2026-03-06T15:30:07","guid":{"rendered":"https:\/\/bihavadis.com\/?p=63192"},"modified":"2026-03-06T15:30:07","modified_gmt":"2026-03-06T15:30:07","slug":"emre-belozoglu-benim-icin-fenerbahce-farkli-bir-yerde-olacak","status":"publish","type":"post","link":"https:\/\/bihavadis.com\/index.php\/2026\/03\/06\/emre-belozoglu-benim-icin-fenerbahce-farkli-bir-yerde-olacak\/","title":{"rendered":"Emre Bel\u00f6zo\u011flu: Benim i\u00e7in Fenerbah\u00e7e farkl\u0131 bir yerde olacak"},"content":{"rendered":"<p>S\u00fcper Lig\u2019in 23\u2019\u00fcnc\u00fc haftas\u0131nda Kas\u0131mpa\u015fa deplasmanda Fenerbah\u00e7e ile 1-1 berabere kald\u0131.<\/p>\n<p>Kar\u015f\u0131la\u015fman\u0131n ard\u0131ndan Kas\u0131mpa\u015fa Teknik Direkt\u00f6r\u00fc Emre Bel\u00f6zo\u011flu, bas\u0131n toplant\u0131s\u0131nda m\u00fccadeleyi de\u011ferlendirdi.<\/p>\n<p><strong>&#8220;\u00c7OK DE\u011eERL\u0130 B\u0130R PUAN&#8221;<\/strong><\/p>\n<p>Kar\u015f\u0131la\u015fmadan ald\u0131klar\u0131 1 puan\u0131n kendileri i\u00e7in \u00e7ok \u00f6nemli oldu\u011funa dikkat \u00e7eken Emre Bel\u00f6zo\u011flu, <em><b>&#8220;Konumumuz d\u00fc\u015f\u00fcn\u00fcld\u00fc\u011f\u00fcnde bizim i\u00e7in \u00e7ok de\u011ferli bir puan. \u00d6n\u00fcm\u00fczdeki haftalarda bu puan\u0131n ne kadar \u00f6nemli oldu\u011funu anlayaca\u011f\u0131z. Oyuncular\u0131m ilk yar\u0131da istedi\u011fim gibi oynad\u0131. Fenerbah\u00e7e ilk yar\u0131da bekledi\u011fimizin d\u0131\u015f\u0131nda kenar \u00e7izgiye basan oyuncularla oynad\u0131. Yapmam\u0131z gereken bug\u00fcn ilk yar\u0131da oynad\u0131\u011f\u0131m\u0131z oyunun devam\u0131n\u0131 getirmemiz gerekiyordu. \u0130lk yar\u0131da pozisyona giren taraf bizdik. Kaliteye \u00f6nlem almak \u00e7ok zor. Rakip teknik adam \u00e7ok hamle yapan bir teknik adam. Biz de 15 dakika sonra hamle yapt\u0131k. \u0130yi savunduk. G\u00fc\u00e7l\u00fc bir tak\u0131ma kar\u015f\u0131 bir puan almak de\u011ferli. Genel hatlar\u0131yla memnunum. 1 puan bizim i\u00e7in de\u011ferli ve \u00f6nemli. Fenerbah\u00e7e\u2019ye ligde ve Nottingham ma\u00e7\u0131nda ba\u015far\u0131lar diliyorum&#8221; <\/b><\/em>diye konu\u015ftu.<\/p>\n<p><img decoding=\"async\" src=\"https:\/\/bihavadis.com\/wp-content\/uploads\/2026\/03\/emre-belozoglu-benim-icin-fenerbahce-farkli-bir-yerde-olacak-0-z6NlfMga.jpg\"\/><\/p>\n<p><strong>ESH SPOR&#8217;UN SORUSU<\/strong><\/p>\n<p>ESH Spor muhabiri Hazal Palavar, Bel\u00f6zo\u011flu&#8217;na <em><b>&#8220;Bug\u00fcn ligde nama\u011flup bir \u015fekilde ilerleyen oyunu domine eden Fenerbah\u00e7e&#8217;ye kar\u015f\u0131  iyi bir geri d\u00f6n\u00fc\u015fle 1 puan\u0131 ald\u0131n\u0131z. Bu sizin ad\u0131n\u0131za moral olmu\u015ftur. Futbolun sadece sahadan ibaret olmad\u0131\u011f\u0131n\u0131 da biliyoruz. \u015eu an kendinizi nas\u0131l hissediyorsunuz?&#8221; <\/b><\/em>sorusunu y\u00f6neltti.<\/p>\n<p>Fenerbah\u00e7e kar\u015f\u0131 oynaman\u0131n kendisi i\u00e7in her zaman zor oldu\u011funa dikkat \u00e7eken Bel\u00f6zo\u011flu, <em><b>&#8220;Ben bir\u00e7ok duyguyu yo\u011fun ya\u015fayan bir sporcuydum \u00f6zellikle Fenerbah\u00e7e\u2019de. Vefay\u0131 da g\u00f6rd\u00fcm vefas\u0131zl\u0131\u011f\u0131 da. Benim i\u00e7in ne olursa olsun Fenerbah\u00e7e farkl\u0131 bir yerde olacak. K\u00fcme d\u00fc\u015fme hatt\u0131nda olan, rakiplerimizin kazand\u0131\u011f\u0131 haftada 1 puan kazanman\u0131n vermi\u015f oldu\u011fu bir huzur var. Ne olursa olsun benim i\u00e7in Fenerbah\u00e7e\u2019ye kar\u015f\u0131 oynamak zor olacak. \u0130ki tarafl\u0131 zor bir duygu. Biz de ekme\u011fimize sahip \u00e7\u0131kmak zorunday\u0131z&#8221;<\/b><\/em> ifadelerini kulland\u0131.<\/p>\n<p><img decoding=\"async\" src=\"https:\/\/bihavadis.com\/wp-content\/uploads\/2026\/03\/emre-belozoglu-benim-icin-fenerbahce-farkli-bir-yerde-olacak-1-GnkI3e3w.jpg\"\/><\/p>\n<p><strong>&#8220;G\u00dc\u00c7L\u00dc B\u0130R TAKIM VAR&#8221;<\/strong><\/p>\n<p>Fenerbah\u00e7e\u2019nin iyi oyunculardan kurulu g\u00fc\u00e7l\u00fc bir tak\u0131m oldu\u011funa dikkat \u00e7eken tecr\u00fcbeli teknik adam, &#8220;<em><b>Fenerbah\u00e7e\u2019nin ba\u015f\u0131nda bir teknik adam var. G\u00fc\u00e7l\u00fc bir tak\u0131m var. Fenerbah\u00e7e uzun y\u0131llar sonra net \u015fekilde \u015fampiyonluk yar\u0131\u015f\u0131n\u0131 hissediyor. Onlar kazansa farkl\u0131 bir durum olacak. Bunun i\u00e7inde ne Musa\u2019ya ne \u0130sa\u2019ya durumu var. Ben kendi tak\u0131m\u0131m\u0131m g\u00fcc\u00fcn\u00fc biliyorum. Ben geldi\u011fimde i\u00e7 sahada ma\u00e7 kazanamam\u0131\u015f bir tak\u0131m vard\u0131. 3 tane deplasman galibiyeti vard\u0131. Ben daha \u00e7ok topa sahip olma \u00fczerine antrenman yapmaya \u00e7al\u0131\u015f\u0131yorum. Kas\u0131mpa\u015fa ser\u00fcveni \u00e7ok iyi ba\u015flamad\u0131. Ge\u00e7en hafta ligin sonuncusunu yendik gibi g\u00f6r\u00fcn\u00fcyor ama Karag\u00fcmr\u00fck g\u00fc\u00e7l\u00fc bir tak\u0131m. Bug\u00fcn de onun etkisiyle sahaya \u00e7\u0131kt\u0131k. Futbol dinamik kararlar alman\u0131z gereken bir oyun. Bug\u00fcn Fenerbah\u00e7e\u2019de 2 stoper sakatlanm\u0131\u015f olsa da Fenerbah\u00e7e g\u00fc\u00e7l\u00fc oyunculara sahip. Onlara kar\u015f\u0131 3\u2019\u00fcnc\u00fc b\u00f6lgede oynamay\u0131 Fenerbah\u00e7e tarihinde hat\u0131rlam\u0131yorum. B\u00f6yle g\u00fc\u00e7l\u00fc tak\u0131mlara kar\u015f\u0131 daha net kar\u015f\u0131 planlar yapmam\u0131z gerekiyor&#8221;<\/b><\/em> \u015feklinde konu\u015ftu.<\/p>\n<p><img decoding=\"async\" src=\"https:\/\/bihavadis.com\/wp-content\/uploads\/2026\/03\/emre-belozoglu-benim-icin-fenerbahce-farkli-bir-yerde-olacak-2-OOHeuUhP.jpg\"\/><\/p>\n<p><strong>&#8220;2 OYUNCU A\u011eRILARLA OYNADI&#8221;<\/strong><\/p>\n<p>Kar\u015f\u0131la\u015fman\u0131n i\u00e7inde Kas\u0131mpa\u015fal\u0131 futbolcular\u0131n \u00e7ok fazla vakit ge\u00e7irdi\u011fi bunun bir plan olup olmad\u0131\u011f\u0131 y\u00f6n\u00fcnde gelen soru \u00fczerine Emre Bel\u00f6zo\u011flu, s\u00f6zlerini \u015f\u00f6yle noktalad\u0131:<\/p>\n<p>Bu bizim bir plan\u0131m\u0131z de\u011fil. 2 oyuncu a\u011fr\u0131larla oynad\u0131. Ben hi\u00e7bir zaman g\u00f6rev tak\u0131mlarda oyuncular\u0131ma yere yat demedim. Ma\u00e7 1-0 oldu\u011funda da 3 Fenerbah\u00e7eli oyuncu yere yatt\u0131. Rakip bast\u0131r\u0131yor. Oyuncular\u0131n kendi i\u00e7inde vermi\u015f oldu\u011fu kararlar. Zaman ge\u00e7irmek bizim i\u015fimiz de\u011fil. Fenerbah\u00e7e burada \u00e7ok iyi tak\u0131mlar\u0131 yendi. Rakibi iyi analiz ettik. \u0130lk yar\u0131y\u0131 \u00f6nemli buluyorum. Ben hi\u00e7bir zaman hi\u00e7bir oyuncuma sahada yere yat demedim. D\u00fc\u015f\u00fcnd\u00fc\u011f\u00fcmde bug\u00fcn\u00fcn hakk\u0131 beraberlik gibi geliyor.<\/p>\n<p><img decoding=\"async\" src=\"https:\/\/bihavadis.com\/wp-content\/uploads\/2026\/03\/emre-belozoglu-benim-icin-fenerbahce-farkli-bir-yerde-olacak-3-2xFPxeBU.jpg\"\/> <\/p>\n<div> <span><strong>Kaynak:<\/strong> Demir\u00f6ren Haber Ajans\u0131 (DHA)<\/span> <\/div>\n","protected":false},"excerpt":{"rendered":"<p>S\u00fcper Lig\u2019in 23\u2019\u00fcnc\u00fc haftas\u0131nda Kas\u0131mpa\u015fa deplasmanda Fenerbah\u00e7e ile 1-1 berabere kald\u0131. Kar\u015f\u0131la\u015fman\u0131n ard\u0131ndan Kas\u0131mpa\u015fa Teknik Direkt\u00f6r\u00fc Emre Bel\u00f6zo\u011flu, bas\u0131n toplant\u0131s\u0131nda m\u00fccadeleyi de\u011ferlendirdi. &#8220;\u00c7OK DE\u011eERL\u0130 B\u0130R PUAN&#8221; Kar\u015f\u0131la\u015fmadan ald\u0131klar\u0131 1 &#8230;<\/p>\n","protected":false},"author":1,"featured_media":63193,"comment_status":"open","ping_status":"open","sticky":false,"template":"","format":"standard","meta":{"footnotes":""},"categories":[14],"tags":[1858,1728,366,1868,1556],"class_list":["post-63192","post","type-post","status-publish","format-standard","has-post-thumbnail","hentry","category-spor","tag-fenerbahce","tag-oyuncu","tag-takim","tag-teknik","tag-zor"],"_links":{"self":[{"href":"https:\/\/bihavadis.com\/index.php\/wp-json\/wp\/v2\/posts\/63192","targetHints":{"allow":["GET"]}}],"collection":[{"href":"https:\/\/bihavadis.com\/index.php\/wp-json\/wp\/v2\/posts"}],"about":[{"href":"https:\/\/bihavadis.com\/index.php\/wp-json\/wp\/v2\/types\/post"}],"author":[{"embeddable":true,"href":"https:\/\/bihavadis.com\/index.php\/wp-json\/wp\/v2\/users\/1"}],"replies":[{"embeddable":true,"href":"https:\/\/bihavadis.com\/index.php\/wp-json\/wp\/v2\/comments?post=63192"}],"version-history":[{"count":1,"href":"https:\/\/bihavadis.com\/index.php\/wp-json\/wp\/v2\/posts\/63192\/revisions"}],"predecessor-version":[{"id":63198,"href":"https:\/\/bihavadis.com\/index.php\/wp-json\/wp\/v2\/posts\/63192\/revisions\/63198"}],"wp:featuredmedia":[{"embeddable":true,"href":"https:\/\/bihavadis.com\/index.php\/wp-json\/wp\/v2\/media\/63193"}],"wp:attachment":[{"href":"https:\/\/bihavadis.com\/index.php\/wp-json\/wp\/v2\/media?parent=63192"}],"wp:term":[{"taxonomy":"category","embeddable":true,"href":"https:\/\/bihavadis.com\/index.php\/wp-json\/wp\/v2\/categories?post=63192"},{"taxonomy":"post_tag","embeddable":true,"href":"https:\/\/bihavadis.com\/index.php\/wp-json\/wp\/v2\/tags?post=63192"}],"curies":[{"name":"wp","href":"https:\/\/api.w.org\/{rel}","templated":true}]}}