{"id":63202,"date":"2026-03-06T15:36:08","date_gmt":"2026-03-06T15:36:08","guid":{"rendered":"https:\/\/bihavadis.com\/?p=63202"},"modified":"2026-03-06T15:36:08","modified_gmt":"2026-03-06T15:36:08","slug":"yunus-akgun-ve-abdulkerim-bardakci-fenerbahceye-gonderme-yapti","status":"publish","type":"post","link":"https:\/\/bihavadis.com\/index.php\/2026\/03\/06\/yunus-akgun-ve-abdulkerim-bardakci-fenerbahceye-gonderme-yapti\/","title":{"rendered":"Yunus Akg\u00fcn ve Abd\u00fclkerim Bardakc\u0131, Fenerbah\u00e7e&#8217;ye g\u00f6nderme yapt\u0131"},"content":{"rendered":"<p>Fenerbah\u00e7e, S\u00fcper Lig&#8217;in 23. haftas\u0131nda sahas\u0131nda Kas\u0131mpa\u015fa&#8217;y\u0131 a\u011f\u0131rlad\u0131.<\/p>\n<p>\u015e\u00fckr\u00fc Sara\u00e7o\u011flu Stad\u0131&#8217;nda oynanan m\u00fccadele 1-1&#8217;lik e\u015fitlikle sonu\u00e7land\u0131.<\/p>\n<p>Fenerbah\u00e7e&#8217;nin gol\u00fcn\u00fc 90+5. dakikada Marco Asensio kaydetti.<\/p>\n<p>Kas\u0131mpa\u015fa&#8217;ya beraberli\u011fi getiren gol\u00fc ise 90+10. dakikada Allevinah att\u0131.<\/p>\n<p><strong>YUNUS VE ABD\u00dcLKER\u0130M&#8217;DEN G\u00d6NDERME<\/strong><\/p>\n<p>Ma\u00e7\u0131n ard\u0131ndan Galatasarayl\u0131 futbolculardan payla\u015f\u0131m geldi.<\/p>\n<p>\u00d6te yandan Yunus Akg\u00fcn <em><b>&#8220;Konsantrasyon&#8221; <\/b><\/em>payla\u015f\u0131m\u0131yla sar\u0131-k\u0131rm\u0131z\u0131l\u0131 camiaya mesaj g\u00f6nderdi.<\/p>\n<p><img decoding=\"async\" src=\"https:\/\/bihavadis.com\/wp-content\/uploads\/2026\/03\/yunus-akgun-ve-abdulkerim-bardakci-fenerbahceye-gonderme-yapti-0-AGAp72RV.jpg\"\/><\/p>\n<p><img decoding=\"async\" src=\"https:\/\/bihavadis.com\/wp-content\/uploads\/2026\/03\/yunus-akgun-ve-abdulkerim-bardakci-fenerbahceye-gonderme-yapti-1-SUf3YMVQ.jpg\"\/><\/p>\n<p><img decoding=\"async\" src=\"https:\/\/bihavadis.com\/wp-content\/uploads\/2026\/03\/yunus-akgun-ve-abdulkerim-bardakci-fenerbahceye-gonderme-yapti-2-rvtg9U9z.jpg\"\/> <\/p>\n<div> <span><strong>Kaynak:<\/strong> Ensonhaber Haber Merkezi<\/span> <\/div>\n","protected":false},"excerpt":{"rendered":"<p>Fenerbah\u00e7e, S\u00fcper Lig&#8217;in 23. haftas\u0131nda sahas\u0131nda Kas\u0131mpa\u015fa&#8217;y\u0131 a\u011f\u0131rlad\u0131. \u015e\u00fckr\u00fc Sara\u00e7o\u011flu Stad\u0131&#8217;nda oynanan m\u00fccadele 1-1&#8217;lik e\u015fitlikle sonu\u00e7land\u0131. Fenerbah\u00e7e&#8217;nin gol\u00fcn\u00fc 90+5. dakikada Marco Asensio kaydetti. Kas\u0131mpa\u015fa&#8217;ya beraberli\u011fi getiren gol\u00fc ise &#8230;<\/p>\n","protected":false},"author":1,"featured_media":63203,"comment_status":"open","ping_status":"open","sticky":false,"template":"","format":"standard","meta":{"footnotes":""},"categories":[14],"tags":[],"class_list":["post-63202","post","type-post","status-publish","format-standard","has-post-thumbnail","hentry","category-spor"],"_links":{"self":[{"href":"https:\/\/bihavadis.com\/index.php\/wp-json\/wp\/v2\/posts\/63202","targetHints":{"allow":["GET"]}}],"collection":[{"href":"https:\/\/bihavadis.com\/index.php\/wp-json\/wp\/v2\/posts"}],"about":[{"href":"https:\/\/bihavadis.com\/index.php\/wp-json\/wp\/v2\/types\/post"}],"author":[{"embeddable":true,"href":"https:\/\/bihavadis.com\/index.php\/wp-json\/wp\/v2\/users\/1"}],"replies":[{"embeddable":true,"href":"https:\/\/bihavadis.com\/index.php\/wp-json\/wp\/v2\/comments?post=63202"}],"version-history":[{"count":1,"href":"https:\/\/bihavadis.com\/index.php\/wp-json\/wp\/v2\/posts\/63202\/revisions"}],"predecessor-version":[{"id":63207,"href":"https:\/\/bihavadis.com\/index.php\/wp-json\/wp\/v2\/posts\/63202\/revisions\/63207"}],"wp:featuredmedia":[{"embeddable":true,"href":"https:\/\/bihavadis.com\/index.php\/wp-json\/wp\/v2\/media\/63203"}],"wp:attachment":[{"href":"https:\/\/bihavadis.com\/index.php\/wp-json\/wp\/v2\/media?parent=63202"}],"wp:term":[{"taxonomy":"category","embeddable":true,"href":"https:\/\/bihavadis.com\/index.php\/wp-json\/wp\/v2\/categories?post=63202"},{"taxonomy":"post_tag","embeddable":true,"href":"https:\/\/bihavadis.com\/index.php\/wp-json\/wp\/v2\/tags?post=63202"}],"curies":[{"name":"wp","href":"https:\/\/api.w.org\/{rel}","templated":true}]}}