{"id":63327,"date":"2026-03-06T21:54:10","date_gmt":"2026-03-06T21:54:10","guid":{"rendered":"https:\/\/bihavadis.com\/?p=63327"},"modified":"2026-03-06T21:54:10","modified_gmt":"2026-03-06T21:54:10","slug":"trakyada-6-subat-depremlerinde-hayatini-kaybedenler-anildi","status":"publish","type":"post","link":"https:\/\/bihavadis.com\/index.php\/2026\/03\/06\/trakyada-6-subat-depremlerinde-hayatini-kaybedenler-anildi\/","title":{"rendered":"Trakya&#8217;da, 6 \u015eubat depremlerinde hayat\u0131n\u0131 kaybedenler an\u0131ld\u0131"},"content":{"rendered":"<p> Edirne, K\u0131rklareli ve Tekirda\u011f&#8217;da Kahramanmara\u015f merkezli 6 \u015eubat depremlerinde hayat\u0131n\u0131 kaybedenler, depremin 3. y\u0131l\u0131nda an\u0131ld\u0131.<\/p>\n<p>Edirne Valili\u011fince Eski Cami&#8217;de d\u00fczenlenen programda mevlit okutuldu.<\/p>\n<p>Kur&#8217;an-\u0131 Kerim ve ilahilerin okundu\u011fu programda hayat\u0131n\u0131 kaybedenler i\u00e7in dua edildi.<\/p>\n<p>\u0130l M\u00fcft\u00fcs\u00fc Ercan Aksu, konu\u015fmas\u0131nda hayat\u0131n\u0131 kaybedenlere Allah&#8217;tan rahmet diledi.<\/p>\n<p>Programa Edirne Valisi Yunus Sezer, AFAD \u00e7al\u0131\u015fanlar\u0131, protokol \u00fcyeleri ve vatanda\u015flar kat\u0131ld\u0131.<\/p>\n<p>K\u0131rklareli ve Tekirda\u011f<\/p>\n<p>K\u0131rklareli Valili\u011fince H\u0131z\u0131rbey Camisi&#8217;nde d\u00fczenlenen programda mevlit okutuldu.<\/p>\n<p>Kur&#8217;an-\u0131 Kerim ve ilahilerin okundu\u011fu programda hayat\u0131n\u0131 kaybedenler i\u00e7in dua edildi.<\/p>\n<p>\u0130l M\u00fcft\u00fcs\u00fc Yusuf Evi\u015f, konu\u015fmas\u0131nda hayat\u0131n\u0131 kaybedenlere Allah&#8217;tan rahmet diledi.<\/p>\n<p>T\u00fcrk milletinin 3 y\u0131l \u00f6nce bug\u00fcn \u00e7ok b\u00fcy\u00fck bir felaket ya\u015fad\u0131\u011f\u0131n\u0131 hat\u0131rlatan Evi\u015f, bu ac\u0131lar\u0131n T\u00fcrk milletinin birlik ve beraberli\u011fiyle a\u015f\u0131ld\u0131\u011f\u0131n\u0131 kaydetti.<\/p>\n<p>T\u00fcrk milletinin b\u00fcy\u00fck bir imtihandan ge\u00e7ti\u011fini dile getiren Evi\u015f, 3 y\u0131l \u00f6nce ya\u015fanan asr\u0131n felaketinin y\u00fcreklerde derin bir yara b\u0131rakt\u0131\u011f\u0131 kaydetti.<\/p>\n<p>Programa, K\u0131rklareli Valisi U\u011fur Turan, Belediye Ba\u015fkan\u0131 Derya Bulut, \u0130l Jandarma Komutan\u0131 K\u0131demli Albay Yusuf Eskit\u00fcrk, \u0130l Emniyet M\u00fcd\u00fcr\u00fc Sinan \u00c7amuro\u011flu, protokol \u00fcyeleri ve vatanda\u015flar kat\u0131ld\u0131.<\/p>\n<p>Tekirda\u011f&#8217;da da Orta Cami&#8217;de d\u00fczenlenen programda Kur&#8217;an-\u0131 Kerim ve ilahiler okundu.<\/p>\n<p>Deprem \u015fehitleri i\u00e7in dua edildi.<\/p>\n<p>Programa Tekirda\u011f Valisi Recep Soyt\u00fcrk, CHP Tekirda\u011f Milletvekili \u0130lhami \u00d6zcan Aygun, \u0130l Emniyet M\u00fcd\u00fcr\u00fc Ahmet Metin Turanl\u0131, kurum m\u00fcd\u00fcrleri ve vatanda\u015flar kat\u0131ld\u0131.<\/p>\n","protected":false},"excerpt":{"rendered":"<p>Edirne, K\u0131rklareli ve Tekirda\u011f&#8217;da Kahramanmara\u015f merkezli 6 \u015eubat depremlerinde hayat\u0131n\u0131 kaybedenler, depremin 3. y\u0131l\u0131nda an\u0131ld\u0131.<\/p>\n","protected":false},"author":1,"featured_media":63328,"comment_status":"open","ping_status":"open","sticky":false,"template":"","format":"standard","meta":{"footnotes":""},"categories":[9,4,13],"tags":[7360,4502,2926],"class_list":["post-63327","post","type-post","status-publish","format-standard","has-post-thumbnail","hentry","category-genel","category-gundem","category-son-dakika","tag-hayatini-kaybedenler","tag-programda","tag-tekirdag"],"_links":{"self":[{"href":"https:\/\/bihavadis.com\/index.php\/wp-json\/wp\/v2\/posts\/63327","targetHints":{"allow":["GET"]}}],"collection":[{"href":"https:\/\/bihavadis.com\/index.php\/wp-json\/wp\/v2\/posts"}],"about":[{"href":"https:\/\/bihavadis.com\/index.php\/wp-json\/wp\/v2\/types\/post"}],"author":[{"embeddable":true,"href":"https:\/\/bihavadis.com\/index.php\/wp-json\/wp\/v2\/users\/1"}],"replies":[{"embeddable":true,"href":"https:\/\/bihavadis.com\/index.php\/wp-json\/wp\/v2\/comments?post=63327"}],"version-history":[{"count":1,"href":"https:\/\/bihavadis.com\/index.php\/wp-json\/wp\/v2\/posts\/63327\/revisions"}],"predecessor-version":[{"id":63329,"href":"https:\/\/bihavadis.com\/index.php\/wp-json\/wp\/v2\/posts\/63327\/revisions\/63329"}],"wp:featuredmedia":[{"embeddable":true,"href":"https:\/\/bihavadis.com\/index.php\/wp-json\/wp\/v2\/media\/63328"}],"wp:attachment":[{"href":"https:\/\/bihavadis.com\/index.php\/wp-json\/wp\/v2\/media?parent=63327"}],"wp:term":[{"taxonomy":"category","embeddable":true,"href":"https:\/\/bihavadis.com\/index.php\/wp-json\/wp\/v2\/categories?post=63327"},{"taxonomy":"post_tag","embeddable":true,"href":"https:\/\/bihavadis.com\/index.php\/wp-json\/wp\/v2\/tags?post=63327"}],"curies":[{"name":"wp","href":"https:\/\/api.w.org\/{rel}","templated":true}]}}