{"id":63360,"date":"2026-03-06T22:18:10","date_gmt":"2026-03-06T22:18:10","guid":{"rendered":"https:\/\/bihavadis.com\/?p=63360"},"modified":"2026-03-06T22:18:10","modified_gmt":"2026-03-06T22:18:10","slug":"super-ligde-gorulmemis-olay-zirveye-oynayan-takim-transfer-yapti-nereden-geldigi-bilinmiyor","status":"publish","type":"post","link":"https:\/\/bihavadis.com\/index.php\/2026\/03\/06\/super-ligde-gorulmemis-olay-zirveye-oynayan-takim-transfer-yapti-nereden-geldigi-bilinmiyor\/","title":{"rendered":"S\u00fcper Lig&#8217;de g\u00f6r\u00fclmemi\u015f olay! Zirveye oynayan tak\u0131m transfer yapt\u0131, nereden geldi\u011fi bilinmiyor"},"content":{"rendered":"<p>S\u00fcper Lig ekiplerinden G\u00f6ztepe, ara transfer d\u00f6neminin bitimine k\u0131sa s\u00fcre kala dikkat \u00e7eken bir hamle yapt\u0131. Sar\u0131-k\u0131rm\u0131z\u0131l\u0131 kul\u00fcp, Fildi\u015fi Sahilli orta saha oyuncusu Pah Franck Gouhon&#8217;u kadrosuna katt\u0131\u011f\u0131n\u0131 T\u00fcrkiye Futbol Federasyonu&#8217;na (TFF) bildirdi.<\/p>\n<p><b>PAH FRANCK GOUHON \u0130MZAYI ATTI<\/b><\/p>\n<p>G\u00f6ztepe&#8217;nin TFF&#8217;ye yapt\u0131\u011f\u0131 bildirime g\u00f6re 19 ya\u015f\u0131ndaki Pah Franck Gouhon ile sezon sonuna kadar s\u00f6zle\u015fme imzaland\u0131. Gen\u00e7 futbolcu, d\u00fczenlenen t\u00f6renle sar\u0131-k\u0131rm\u0131z\u0131l\u0131 formaya imza att\u0131.<\/p>\n<p><b>HAKKINDA H\u0130\u00c7B\u0130R B\u0130LG\u0130 PAYLA\u015eILMADI<\/b><\/p>\n<p>Transferin ard\u0131ndan en \u00e7ok konu\u015fulan detay ise Gouhon hakk\u0131nda neredeyse hi\u00e7bir bilginin bulunmamas\u0131 oldu. Kul\u00fcpten yap\u0131lan a\u00e7\u0131klamada futbolcunun kariyer ge\u00e7mi\u015fine dair herhangi bir detay yer almazken, bu durum sosyal medyada k\u0131sa s\u00fcrede g\u00fcndem yaratt\u0131.<\/p>\n<p><b>TRANSFERMARKT&#8217;TA &#8220;B\u0130L\u0130NM\u0130YOR&#8221; DETAYI<\/b><\/p>\n<p>Taraftarlar\u0131n Transfermarkt \u00fczerinden oyuncuyla ilgili bilgi edinmek istemesi ise dikkat \u00e7ekici bir sonu\u00e7 do\u011furdu. Gouhon&#8217;un \u00f6nceki kul\u00fcb\u00fc k\u0131sm\u0131nda &#8220;Bilinmiyor&#8221; ifadesinin yer almas\u0131, transferin gizemini daha da art\u0131rd\u0131.<\/p>\n<div>\n<figure><img decoding=\"async\" src=\"https:\/\/bihavadis.com\/wp-content\/uploads\/2026\/03\/super-ligde-gorulmemis-olay-zirveye-oynayan-takim-transfer-yapti-nereden-geldigi-bilinmiyor-0-tIq8Lu2b.jpg\"\/><\/figure>\n<\/div>\n<p><b>ARA TRANSFERDE KADROYA KATILAN D\u0130\u011eER \u0130S\u0130MLER<\/b><\/p>\n<p>G\u00f6ztepe, ara transfer d\u00f6neminde daha \u00f6nce Guilherme Luiz, Jeh, Alexis Antunes, \u015eamil \u00d6zt\u00fcrk, Musah Mohammed ve Filip Krastev&#8217;i kadrosuna katm\u0131\u015ft\u0131.<\/p>\n<div>\n<figure><img decoding=\"async\" src=\"https:\/\/bihavadis.com\/wp-content\/uploads\/2026\/03\/super-ligde-gorulmemis-olay-zirveye-oynayan-takim-transfer-yapti-nereden-geldigi-bilinmiyor-1-6i4iPkrq.jpg\"\/><\/figure>\n<\/div>\n","protected":false},"excerpt":{"rendered":"<p>G\u00f6ztepe&#8217;nin kadrosuna katt\u0131\u011f\u0131 19 ya\u015f\u0131ndaki Pah Franck Gouhon&#8217;un \u00f6nceki kul\u00fcb\u00fcne dair herhangi bir bilginin bulunmamas\u0131, transferi sosyal medyada g\u00fcndemin \u00fcst s\u0131ralar\u0131na ta\u015f\u0131d\u0131.<\/p>\n","protected":false},"author":1,"featured_media":63361,"comment_status":"open","ping_status":"open","sticky":false,"template":"","format":"standard","meta":{"footnotes":""},"categories":[14],"tags":[404],"class_list":["post-63360","post","type-post","status-publish","format-standard","has-post-thumbnail","hentry","category-spor","tag-transfer"],"_links":{"self":[{"href":"https:\/\/bihavadis.com\/index.php\/wp-json\/wp\/v2\/posts\/63360","targetHints":{"allow":["GET"]}}],"collection":[{"href":"https:\/\/bihavadis.com\/index.php\/wp-json\/wp\/v2\/posts"}],"about":[{"href":"https:\/\/bihavadis.com\/index.php\/wp-json\/wp\/v2\/types\/post"}],"author":[{"embeddable":true,"href":"https:\/\/bihavadis.com\/index.php\/wp-json\/wp\/v2\/users\/1"}],"replies":[{"embeddable":true,"href":"https:\/\/bihavadis.com\/index.php\/wp-json\/wp\/v2\/comments?post=63360"}],"version-history":[{"count":1,"href":"https:\/\/bihavadis.com\/index.php\/wp-json\/wp\/v2\/posts\/63360\/revisions"}],"predecessor-version":[{"id":63364,"href":"https:\/\/bihavadis.com\/index.php\/wp-json\/wp\/v2\/posts\/63360\/revisions\/63364"}],"wp:featuredmedia":[{"embeddable":true,"href":"https:\/\/bihavadis.com\/index.php\/wp-json\/wp\/v2\/media\/63361"}],"wp:attachment":[{"href":"https:\/\/bihavadis.com\/index.php\/wp-json\/wp\/v2\/media?parent=63360"}],"wp:term":[{"taxonomy":"category","embeddable":true,"href":"https:\/\/bihavadis.com\/index.php\/wp-json\/wp\/v2\/categories?post=63360"},{"taxonomy":"post_tag","embeddable":true,"href":"https:\/\/bihavadis.com\/index.php\/wp-json\/wp\/v2\/tags?post=63360"}],"curies":[{"name":"wp","href":"https:\/\/api.w.org\/{rel}","templated":true}]}}