{"id":63476,"date":"2026-03-06T23:24:06","date_gmt":"2026-03-06T23:24:06","guid":{"rendered":"https:\/\/bihavadis.com\/?p=63476"},"modified":"2026-03-06T23:24:06","modified_gmt":"2026-03-06T23:24:06","slug":"torbali-ve-ayrancilarda-ramazan-sokaklari-acildi","status":"publish","type":"post","link":"https:\/\/bihavadis.com\/index.php\/2026\/03\/06\/torbali-ve-ayrancilarda-ramazan-sokaklari-acildi\/","title":{"rendered":"Torbal\u0131 ve Ayranc\u0131lar&#8217;da Ramazan Sokaklar\u0131 A\u00e7\u0131ld\u0131"},"content":{"rendered":"<p>Torbal\u0131 Belediyesi taraf\u0131ndan kurulan Ramazan Sokaklar\u0131 d\u00fcn kap\u0131lar\u0131n\u0131 a\u00e7t\u0131. Ramazan ay\u0131 boyunca belirli g\u00fcnlerde d\u00fczenlenecek Hacivat-Karag\u00f6z ve meddah g\u00f6sterileriyle vatanda\u015flar geleneksel Ramazan e\u011flenceleriyle bulu\u015facak.<br \/>Torbal\u0131 Belediyesi taraf\u0131ndan Ramazan ay\u0131n\u0131n manevi atmosferini ya\u015fatmak amac\u0131yla Torbal\u0131 merkez ve Ayranc\u0131lar\u2019da kurulan Ramazan Sokaklar\u0131 d\u00fcn d\u00fczenlenen etkinliklerle a\u00e7\u0131ld\u0131. A\u00e7\u0131l\u0131\u015f\u0131n ilk g\u00fcn\u00fcnde vatanda\u015flar etkinlik alanlar\u0131na yo\u011fun ilgi g\u00f6sterdi. Ayranc\u0131lar\u2019daki Ramazan Soka\u011f\u0131\u2019n\u0131 ilk g\u00fcn\u00fcnde Torbal\u0131 Belediye Ba\u015fkan\u0131 \u00d6v\u00fcn\u00e7 Demir ve CHP Torbal\u0131 \u0130l\u00e7e Ba\u015fkan\u0131 \u0130brahim \u00d6zel gezerek vatanda\u015flarla bir araya geldi. Alan\u0131 gezen Ba\u015fkan Demir, vatanda\u015flarla sohbet etti. \u00d6te yandan Ramazan Sokaklar\u0131\u2019nda stantlar\u0131n b\u00fcy\u00fck bir b\u00f6l\u00fcm\u00fc Torbal\u0131 Kad\u0131n Eme\u011fi Platformu (TORKEM) \u00fcyeleri taraf\u0131ndan a\u00e7\u0131ld\u0131. K\u0131sa s\u00fcrede bin \u00fcyeye ula\u015fan platform, kad\u0131nlar\u0131n el eme\u011fi \u00fcr\u00fcnlerini vatanda\u015flarla bulu\u015fturuyor. Stantlarda sergilenen el i\u015fi \u00fcr\u00fcnler, hem kad\u0131n eme\u011fini destekliyor hem de Ramazan Soka\u011f\u0131\u2019na ayr\u0131 bir renk kat\u0131yor.<\/p>\n<p>18 Mart\u2019a kadar a\u00e7\u0131k olacak olan Ramazan Sokaklar\u0131\u2019nda geleneksel Ramazan e\u011flenceleri de yer al\u0131yor. Hacivat-Karag\u00f6z g\u00f6sterileri, meddah anlat\u0131lar\u0131 ve \u00e7e\u015fitli sahne etkinlikleri Ramazan ay\u0131 boyunca belirli g\u00fcnlerde d\u00fczenlenerek vatanda\u015flarla bulu\u015facak. Torbal\u0131 Belediye Ba\u015fkan\u0131 \u00d6v\u00fcn\u00e7 Demir, Ramazan Sokaklar\u0131 ile ilgili yapt\u0131\u011f\u0131 a\u00e7\u0131klamada, \u201cRamazan ay\u0131n\u0131n birlik, beraberlik ve payla\u015fma ruhunu il\u00e7emizde hep birlikte ya\u015famak istiyoruz. Bu nedenle hem Torbal\u0131 merkezde hem de Ayranc\u0131lar\u2019da Ramazan Sokaklar\u0131m\u0131z\u0131 kurduk. Ailelerimizin \u00e7ocuklar\u0131yla birlikte keyifli vakit ge\u00e7irebilece\u011fi, geleneksel Ramazan k\u00fclt\u00fcr\u00fcn\u00fc ya\u015fayabilece\u011fi g\u00fczel bir ortam haz\u0131rlad\u0131k. Hedefimiz \u00e7ocuklu\u011fumuzdaki Ramazan geleneklerini \u00e7ocuklar\u0131m\u0131za ya\u015fatmak. Ramazan boyunca d\u00fczenleyece\u011fimiz etkinliklerle hem\u015fehrilerimizi bu g\u00fczel atmosferi birlikte ya\u015famaya davet ediyorum\u201d ifadelerini kulland\u0131.<\/p>\n<p>Kaynak: (BYZHA) Beyaz Haber Ajans\u0131<\/p>\n","protected":false},"excerpt":{"rendered":"<p>Torbal\u0131 Belediyesi taraf\u0131ndan kurulan Ramazan Sokaklar\u0131 d\u00fcn kap\u0131lar\u0131n\u0131 a\u00e7t\u0131.<\/p>\n","protected":false},"author":1,"featured_media":63477,"comment_status":"open","ping_status":"open","sticky":false,"template":"","format":"standard","meta":{"footnotes":""},"categories":[4],"tags":[2714,2023,1135],"class_list":["post-63476","post","type-post","status-publish","format-standard","has-post-thumbnail","hentry","category-gundem","tag-ramazan","tag-torbali","tag-vatandaslar"],"_links":{"self":[{"href":"https:\/\/bihavadis.com\/index.php\/wp-json\/wp\/v2\/posts\/63476","targetHints":{"allow":["GET"]}}],"collection":[{"href":"https:\/\/bihavadis.com\/index.php\/wp-json\/wp\/v2\/posts"}],"about":[{"href":"https:\/\/bihavadis.com\/index.php\/wp-json\/wp\/v2\/types\/post"}],"author":[{"embeddable":true,"href":"https:\/\/bihavadis.com\/index.php\/wp-json\/wp\/v2\/users\/1"}],"replies":[{"embeddable":true,"href":"https:\/\/bihavadis.com\/index.php\/wp-json\/wp\/v2\/comments?post=63476"}],"version-history":[{"count":1,"href":"https:\/\/bihavadis.com\/index.php\/wp-json\/wp\/v2\/posts\/63476\/revisions"}],"predecessor-version":[{"id":63478,"href":"https:\/\/bihavadis.com\/index.php\/wp-json\/wp\/v2\/posts\/63476\/revisions\/63478"}],"wp:featuredmedia":[{"embeddable":true,"href":"https:\/\/bihavadis.com\/index.php\/wp-json\/wp\/v2\/media\/63477"}],"wp:attachment":[{"href":"https:\/\/bihavadis.com\/index.php\/wp-json\/wp\/v2\/media?parent=63476"}],"wp:term":[{"taxonomy":"category","embeddable":true,"href":"https:\/\/bihavadis.com\/index.php\/wp-json\/wp\/v2\/categories?post=63476"},{"taxonomy":"post_tag","embeddable":true,"href":"https:\/\/bihavadis.com\/index.php\/wp-json\/wp\/v2\/tags?post=63476"}],"curies":[{"name":"wp","href":"https:\/\/api.w.org\/{rel}","templated":true}]}}