{"id":63520,"date":"2026-03-06T23:57:07","date_gmt":"2026-03-06T23:57:07","guid":{"rendered":"https:\/\/bihavadis.com\/?p=63520"},"modified":"2026-03-06T23:57:07","modified_gmt":"2026-03-06T23:57:07","slug":"adiyamanda-ogrenciler-anlamli-bir-koreografiye-imza-atti","status":"publish","type":"post","link":"https:\/\/bihavadis.com\/index.php\/2026\/03\/06\/adiyamanda-ogrenciler-anlamli-bir-koreografiye-imza-atti\/","title":{"rendered":"Ad\u0131yaman&#8217;da \u00f6\u011frenciler anlaml\u0131 bir koreografiye imza att\u0131"},"content":{"rendered":"<p>T\u00fcrkiye&#8217;de okullara Ramazan genelgesi g\u00f6nderildi.<\/p>\n<p>Bu genelge ile Ramazan ruhu t\u00fcm okullar\u0131 sarmaya ba\u015flad\u0131.<\/p>\n<p><strong>ANLAMLI G\u00d6R\u00dcNT\u00dcLER GEL\u0130YOR<\/strong><\/p>\n<p>Ramazan genelgesi kapsam\u0131nda okullardan olduk\u00e7a anlaml\u0131 g\u00f6r\u00fcnt\u00fcler gelmeye ba\u015flad\u0131.\u00a0<\/p>\n<p>Son olarak herkesi duyguland\u0131ran\u00a0koreografi, Ad\u0131yaman&#8217;dan geldi.\u00a0<\/p>\n<p><strong>\u00d6\u011eRENC\u0130LER PEYGAMBER\u0130M\u0130Z\u0130N \u0130SM\u0130N\u0130 YAZDI<\/strong><\/p>\n<p>Ad\u0131yaman&#8217;da bulunan Mehmet Tevfik G\u00f6ksu Anadolu \u0130mam Hatip Lisesi \u00f6\u011frencileri, Peygamberimiz Hz. Muhammed\u2019in (s.a.v) ad\u0131yla anlaml\u0131 bir koreografi \u00e7al\u0131\u015fmas\u0131na imza att\u0131.\u00a0\u00a0<\/p>\n<p><strong>OKULLAR B\u0130RB\u0130R\u0130YLE YARI\u015eIYOR<\/strong><\/p>\n<p>Ad\u0131yaman&#8217;dan gelen g\u00f6r\u00fcnt\u00fc ilk de\u011fil..<\/p>\n<p>Ramazan ay\u0131na girildi\u011finden bu yana okullar adeta birbiriyle yar\u0131\u015fmaya ba\u015flad\u0131.\u00a0<\/p>\n<p>Bir\u00e7ok okuldan anlaml\u0131\u00a0koreografiler geliyor ve g\u00fcndem oluyor.\u00a0<\/p>\n<p><img decoding=\"async\" src=\"https:\/\/bihavadis.com\/wp-content\/uploads\/2026\/03\/adiyamanda-ogrenciler-anlamli-bir-koreografiye-imza-atti-0-Gaj2WIsd.jpg\"\/> <\/p>\n<div> <span><strong>Kaynak:<\/strong> Ensonhaber Haber Merkezi<\/span> <\/div>\n","protected":false},"excerpt":{"rendered":"<p>T\u00fcrkiye&#8217;de okullara Ramazan genelgesi g\u00f6nderildi. Bu genelge ile Ramazan ruhu t\u00fcm okullar\u0131 sarmaya ba\u015flad\u0131. ANLAMLI G\u00d6R\u00dcNT\u00dcLER GEL\u0130YOR Ramazan genelgesi kapsam\u0131nda okullardan olduk\u00e7a anlaml\u0131 g\u00f6r\u00fcnt\u00fcler gelmeye ba\u015flad\u0131.\u00a0 Son olarak herkesi &#8230;<\/p>\n","protected":false},"author":1,"featured_media":63521,"comment_status":"open","ping_status":"open","sticky":false,"template":"","format":"standard","meta":{"footnotes":""},"categories":[9,13],"tags":[1457],"class_list":["post-63520","post","type-post","status-publish","format-standard","has-post-thumbnail","hentry","category-genel","category-son-dakika","tag-okullar"],"_links":{"self":[{"href":"https:\/\/bihavadis.com\/index.php\/wp-json\/wp\/v2\/posts\/63520","targetHints":{"allow":["GET"]}}],"collection":[{"href":"https:\/\/bihavadis.com\/index.php\/wp-json\/wp\/v2\/posts"}],"about":[{"href":"https:\/\/bihavadis.com\/index.php\/wp-json\/wp\/v2\/types\/post"}],"author":[{"embeddable":true,"href":"https:\/\/bihavadis.com\/index.php\/wp-json\/wp\/v2\/users\/1"}],"replies":[{"embeddable":true,"href":"https:\/\/bihavadis.com\/index.php\/wp-json\/wp\/v2\/comments?post=63520"}],"version-history":[{"count":1,"href":"https:\/\/bihavadis.com\/index.php\/wp-json\/wp\/v2\/posts\/63520\/revisions"}],"predecessor-version":[{"id":63523,"href":"https:\/\/bihavadis.com\/index.php\/wp-json\/wp\/v2\/posts\/63520\/revisions\/63523"}],"wp:featuredmedia":[{"embeddable":true,"href":"https:\/\/bihavadis.com\/index.php\/wp-json\/wp\/v2\/media\/63521"}],"wp:attachment":[{"href":"https:\/\/bihavadis.com\/index.php\/wp-json\/wp\/v2\/media?parent=63520"}],"wp:term":[{"taxonomy":"category","embeddable":true,"href":"https:\/\/bihavadis.com\/index.php\/wp-json\/wp\/v2\/categories?post=63520"},{"taxonomy":"post_tag","embeddable":true,"href":"https:\/\/bihavadis.com\/index.php\/wp-json\/wp\/v2\/tags?post=63520"}],"curies":[{"name":"wp","href":"https:\/\/api.w.org\/{rel}","templated":true}]}}