{"id":63527,"date":"2026-03-07T00:03:06","date_gmt":"2026-03-07T00:03:06","guid":{"rendered":"https:\/\/bihavadis.com\/?p=63527"},"modified":"2026-03-07T00:03:06","modified_gmt":"2026-03-07T00:03:06","slug":"haymanada-ciftcilerle-bereket-sofrasi-kuruldu","status":"publish","type":"post","link":"https:\/\/bihavadis.com\/index.php\/2026\/03\/07\/haymanada-ciftcilerle-bereket-sofrasi-kuruldu\/","title":{"rendered":"Haymana&#8217;da \u00c7ift\u00e7ilerle Bereket Sofras\u0131 Kuruldu"},"content":{"rendered":"<p><span><span><span><span><span>Haymana Belediye Ba\u015fkan\u0131 Levent Ko\u00e7\u2019un ev sahipli\u011finde d\u00fczenlenen programa Cumhuriyet Halk Partisi Genel Ba\u015fkan\u0131 \u00d6zg\u00fcr \u00d6zel, Ankara B\u00fcy\u00fck\u015fehir Belediye Ba\u015fkan\u0131 Mansur Yava\u015f, CHP Genel Ba\u015fkan Yard\u0131mc\u0131s\u0131 G\u00f6kan Zeybek, Ankara Milletvekili Gamze Ta\u015fc\u0131er, CHP Ankara \u0130l Ba\u015fkan\u0131 \u00dcmit Erkol ile TBMM eski Ba\u015fkanvekili Levent G\u00f6k, meclis \u00fcyeleri, STK ba\u015fkanlar\u0131, muhtarlar, Haymanal\u0131 \u00e7ift\u00e7iler ve vatanda\u015flar yo\u011fun ilgi g\u00f6sterdi.<\/span><\/span><\/span><\/span><\/span><\/p>\n<p><span><span><span><b><span><span>Haymana\u2019n\u0131n \u00dcr\u00fcnleri Misafirlere Tan\u0131t\u0131ld\u0131<\/span><\/span><\/b><\/span><\/span><\/span><\/p>\n<p><span><span><span><span><span>Program kapsam\u0131nda etkinlik alan\u0131nda kurulan stantlarda Haymana\u2019n\u0131n yerel \u00fcretim g\u00fcc\u00fc de misafirlere tan\u0131t\u0131ld\u0131. Kad\u0131nlar\u0131n el eme\u011fiyle haz\u0131rlad\u0131\u011f\u0131 y\u00f6resel \u00fcr\u00fcnler, do\u011fal g\u0131da \u00fcr\u00fcnleri ve il\u00e7enin \u00f6nemli de\u011ferlerinden biri olan, co\u011frafi i\u015faret tescili alan Haymana sucu\u011fu davetlilerin ilgisine sunuldu.<\/span><\/span><\/span><\/span><\/span><\/p>\n<p><span><span><span><b><span><span>Ko\u00e7 \u201cHaymana\u2019y\u0131 Kendi Dinamikleri \u00dczerine \u0130n\u015fa Ediyoruz\u201d<\/span><\/span><\/b><\/span><\/span><\/span><\/p>\n<p><span><span><span><span><span>Programda konu\u015fan Haymana Belediye Ba\u015fkan\u0131 Levent Ko\u00e7, g\u00f6reve geldikleri g\u00fcnden bu yana Haymana\u2019n\u0131n kendi potansiyeli \u00fczerine geli\u015fmesi i\u00e7in \u00e7al\u0131\u015ft\u0131klar\u0131n\u0131 vurgulad\u0131. Ko\u00e7 konu\u015fmas\u0131nda \u015fu ifadeleri kulland\u0131:<\/span><\/span><\/span><\/span><\/span><\/p>\n<p><span><span><span><span><span>\u201cBiz Haymana\u2019y\u0131 alt\u0131 temel ba\u015fl\u0131kta ele ald\u0131k; kent esteti\u011fi, sosyal destekler, altyap\u0131 ve \u00fcstyap\u0131 \u00e7al\u0131\u015fmalar\u0131, k\u0131rsal kalk\u0131nma, tar\u0131msal destekler ve operasyonel g\u00fc\u00e7lenme. Amac\u0131m\u0131z Haymana\u2019y\u0131 kendi dinamikleriyle b\u00fcy\u00fcyen bir \u015fehir haline getirmek.\u201d<\/span><\/span><\/span><\/span><\/span><\/p>\n<p><span><span><span><span><span>\u0130l\u00e7ede ger\u00e7ekle\u015ftirilen projeler hakk\u0131nda da bilgi veren Ko\u00e7, turizmden sosyal projelere kadar bir\u00e7ok alanda \u00f6nemli ad\u0131mlar att\u0131klar\u0131n\u0131 belirtti.<\/span><\/span><\/span><\/span><\/span><\/p>\n<p><span><span><span><span><span>\u201cHaymana\u2019n\u0131n en \u00f6nemli g\u00fcc\u00fc kapl\u0131ca turizmi, tar\u0131m\u0131 ve tarihidir. Bu \u00fc\u00e7 alan\u0131 geli\u015ftirmek i\u00e7in \u00e7al\u0131\u015fmalar y\u00fcr\u00fct\u00fcyoruz. Kapl\u0131ca kompleksimizi yeniden aya\u011fa kald\u0131rd\u0131k, kent meydan\u0131m\u0131z\u0131 kazand\u0131rd\u0131k, kad\u0131nlar\u0131m\u0131z i\u00e7in kad\u0131nlar lokali olu\u015fturduk. Ayn\u0131 zamanda k\u0131rsal kalk\u0131nma projeleriyle \u00e7ift\u00e7ilerimizin yan\u0131nda olmaya devam ediyoruz.\u201d <\/span><\/span><\/span><\/span><\/span><\/p>\n<p><span><span><span><span><span>Ko\u00e7 ayr\u0131ca il\u00e7ede kad\u0131n kooperatiflerinin desteklendi\u011fini ve yerel \u00fcretimin art\u0131r\u0131lmas\u0131 i\u00e7in yeni projelerin hayata ge\u00e7irildi\u011fini ifade etti.<\/span><\/span><\/span><\/span><\/span><\/p>\n<p><span><span><span><b><span><span>Yava\u015f: \u201cHaymana\u2019y\u0131 Hi\u00e7bir Zaman Ay\u0131rmad\u0131k\u201d<\/span><\/span><\/b><\/span><\/span><\/span><\/p>\n<p><span><span><span><span><span>Programda konu\u015fan Ankara B\u00fcy\u00fck\u015fehir Belediye Ba\u015fkan\u0131 Mansur Yava\u015f ise Haymana\u2019n\u0131n geli\u015fimi i\u00e7in yap\u0131lan yat\u0131r\u0131mlara de\u011findi.<\/span><\/span><\/span><\/span><\/span><\/p>\n<p><span><span><span><span><span>Yava\u015f, Ankara\u2019n\u0131n d\u0131\u015f il\u00e7elerinin uzun y\u0131llar yeterli hizmet alamad\u0131\u011f\u0131n\u0131 belirterek \u015fu de\u011ferlendirmede bulundu:<\/span><\/span><\/span><\/span><\/span><\/p>\n<p><span><span><span><span><span>\u201c2019 y\u0131l\u0131nda g\u00f6revi devrald\u0131\u011f\u0131m\u0131zda Ankara\u2019n\u0131n bir\u00e7ok d\u0131\u015f il\u00e7esinde ciddi eksiklikler vard\u0131. Su, yol ve altyap\u0131 sorunlar\u0131yla kar\u015f\u0131la\u015ft\u0131k. Biz kimseyi ay\u0131rmadan t\u00fcm il\u00e7elerimize hizmet etmeyi ilke edindik. Haymana\u2019y\u0131 da hi\u00e7bir zaman ay\u0131rmad\u0131k.\u201d <\/span><\/span><\/span><\/span><\/span><\/p>\n<p><span><span><span><span><span>Haymana\u2019ya yap\u0131lan yat\u0131r\u0131mlar\u0131n \u00f6nemine de\u011finen Yava\u015f, B\u00fcy\u00fck\u015fehir Belediyesi olarak il\u00e7eye \u00f6nemli destekler sa\u011flad\u0131klar\u0131n\u0131 ifade etti ve bu \u00e7al\u0131\u015fmalar\u0131n devam edece\u011fini s\u00f6yledi.<\/span><\/span><\/span><\/span><\/span><\/p>\n<p><span><span><span><b><span><span>\u00d6zel: \u201cHem Bor\u00e7 \u00d6dedi Hem Hizmet Yapt\u0131\u201d<\/span><\/span><\/b><\/span><\/span><\/span><\/p>\n<p><span><span><span><span><span>Cumhuriyet Halk Partisi Genel Ba\u015fkan\u0131 \u00d6zg\u00fcr \u00d6zel ise yerel se\u00e7imlerin ard\u0131ndan Haymana\u2019n\u0131n borcunun 430 Milyon TL oldu\u011funu duydu\u011funda inanamad\u0131\u011f\u0131n\u0131 belirterek \u201cLevent Ba\u015fkan bu il\u00e7eyi, bu k\u00fc\u00e7\u00fcc\u00fck il\u00e7eyi ben ilk duydu\u011fumda inanamad\u0131m, kontrol ettirdim. 430 milyon lira bor\u00e7la devrald\u0131. Yani yar\u0131m milyar bor\u00e7. Yar\u0131m milyar bor\u00e7 var m\u0131? Var. Nerede var? 250.000, 300.000, 500.000 n\u00fcfuslu il\u00e7elerde yar\u0131m milyar bor\u00e7 olur. 26.000 n\u00fcfuslu il\u00e7ede yar\u0131m milyar bor\u00e7 olur mu? Olmu\u015f. \u00d6denir mi? Vallahi \u00f6denmez diye d\u00fc\u015f\u00fcn\u00fcyorduk. Ne yapm\u0131\u015f Levent Ba\u015fkan? Hem bu bor\u00e7lar\u0131 \u00f6demi\u015f hem de il\u00e7eye bir Kent Meydan\u0131 yapm\u0131\u015f Kent sofras\u0131 yapm\u0131\u015f. Kapal\u0131 ve a\u00e7\u0131k d\u00fc\u011f\u00fcn salonlar\u0131n\u0131 yapm\u0131\u015f. Kad\u0131nlar Lokali yapm\u0131\u015f. Kapal\u0131 \u00c7ar\u015f\u0131 yapm\u0131\u015f. Otopark yapm\u0131\u015f. Gen\u00e7ler i\u00e7in LGS YKS kurslar\u0131 a\u00e7m\u0131\u015f. \u00dccretsiz otob\u00fcs ta\u015f\u0131mac\u0131l\u0131\u011f\u0131n\u0131 ba\u015flatm\u0131\u015f. \u00c7ift\u00e7iler i\u00e7in selekt\u00f6r tesisini kurmu\u015f. \u00c7amur banyosu, medrese kapl\u0131cas\u0131, et ve s\u00fct entegre tesisi i\u00e7in de \u00e7al\u0131\u015fmalara ba\u015flam\u0131\u015f. Neredeyse bitirmek \u00fczereymi\u015f. Vallahi billahi hepiniz ad\u0131na da partim ad\u0131na da Levent Ba\u015fkan&#8217;\u0131 aln\u0131ndan \u00f6p\u00fcyorum.\u201d diye konu\u015ftu. <\/span><\/span><\/span><\/span><\/span><\/p>\n<p><span><span><span><span><span>Levent Ko\u00e7\u2019un \u00e7al\u0131\u015fmalar\u0131n\u0131 dikkatle takip etti\u011fini belirten CHP Genel Ba\u015fkan\u0131 \u00d6zel \u201cLevent Ba\u015fkan&#8217;\u0131n hik\u00e2yesini dikkatle takip ediyorum. Genel ba\u015fkan olarak gen\u00e7 ya\u015f\u0131ndaki heyecan\u0131n\u0131 Mansur Ba\u015fkan\u0131n ba\u015flad\u0131\u011f\u0131 d\u00f6nemdeki heyecan\u0131na, ba\u015far\u0131lar\u0131na benzetiyorum. \u0130n\u015fallah Levent Ba\u015fkan da siyaset hayat\u0131 boyunca Mansur Ba\u015fkan gibi bir il\u00e7ede ba\u015far\u0131l\u0131 belediye ba\u015fkanl\u0131\u011f\u0131yla ba\u015flay\u0131p ard\u0131ndan \u00e7ok daha \u00f6nemli g\u00f6revlere gelecek.\u201d dedi.<\/span><\/span><\/span><\/span><\/span><\/p>\n<p><span><span><span><span><span>D\u00fcnya ve \u00fclke g\u00fcndemine de de\u011findi\u011fi konu\u015fmas\u0131nda parti toplant\u0131lar\u0131n\u0131n Haymana\u2019da yap\u0131laca\u011f\u0131 m\u00fcjdesini veren \u00d6zg\u00fcr \u00d6zel \u015funlar\u0131 ifade etti \u201cBundan sonra s\u00f6z\u00fcm\u00fcz s\u00f6z olsun. \u0130lk milletvekili kamp\u0131 birka\u00e7 ay i\u00e7inde olur. Haymana\u2019da yap\u0131lacak. B\u00fct\u00fcn bas\u0131n, kamp\u0131 Haymana&#8217;dan takip edecek. Belediye ba\u015fkanlar\u0131 toplant\u0131lar\u0131m\u0131z oluyor. \u0130\u00e7 Anadolu B\u00f6lgesi belediye ba\u015fkanlar\u0131 toplant\u0131s\u0131n\u0131 genel ba\u015fkan yard\u0131mc\u0131m burada Nisan ay\u0131nda, May\u0131s ay\u0131n\u0131n ba\u015f\u0131 ya da Nisan ay\u0131n\u0131n sonunda Haymana\u2019da yapacak. B\u00fct\u00fcn belediye ba\u015fkanlar\u0131 buraya gelecek. Ben de Ramazan&#8217;dan sonra Mansur Ba\u015fkan\u0131m\u0131z, Ankara&#8217;n\u0131n b\u00fct\u00fcn belediye ba\u015fkanlar\u0131, il\u00e7e ba\u015fkanlar\u0131m\u0131z ve Ankara milletvekillerimizle birlikte Haymana&#8217;ya gelece\u011fim. Bir hafta sonumu Haymana&#8217;da sizlerle ge\u00e7irece\u011fim.\u201d<\/span><\/span><\/span><\/span><\/span><\/p>\n<p><span><span><span><b><span><span>Kad\u0131nlar Lokalinde Bulu\u015fma<\/span><\/span><\/b><\/span><\/span><\/span><\/p>\n<p><span><span><span><span><span>\u0130ftar program\u0131n\u0131n ard\u0131ndan \u00d6zg\u00fcr \u00d6zel ve beraberindekiler Haymana Belediyesi Kad\u0131nlar Lokali\u2019ni ziyaret ederek Haymanal\u0131 kad\u0131nlarla bir araya gelip samimi bir sohbet ger\u00e7ekle\u015ftirdi.<\/span><\/span><\/span><\/span><\/span><\/p>\n<p><span><span><span><span><span>Kad\u0131nlar\u0131n taleplerini ve beklentilerini dinleyen konuklar, yerel \u00fcretimde kad\u0131n eme\u011finin \u00f6nemine dikkat \u00e7ekti. Ziyarette \u00f6zellikle kad\u0131nlar\u0131n \u00fcretti\u011fi y\u00f6resel \u00fcr\u00fcnler ve kooperatif \u00e7al\u0131\u015fmalar\u0131 hakk\u0131nda bilgi al\u0131nd\u0131.<\/span><\/span><\/span><\/span><\/span><\/p>\n<p>\u00a0<\/p>\n<p>\u00a0<\/p>\n<p>Kaynak: (BYZHA) Beyaz Haber Ajans\u0131<\/p>\n","protected":false},"excerpt":{"rendered":"<p>Haymana Belediye Ba\u015fkan\u0131 Levent Ko\u00e7\u2019un ev sahipli\u011finde d\u00fczenlenen programa Cumhuriyet Halk Partisi Genel Ba\u015fkan\u0131 \u00d6zg\u00fcr \u00d6zel, Ankara B\u00fcy\u00fck\u015fehir Belediye Ba\u015fkan\u0131 Mansur Yava\u015f, CHP Genel Ba\u015fkan Yard\u0131mc\u0131s\u0131 G\u00f6kan Zeybek, Ankara Milletvekili Gamze Ta\u015fc\u0131er, CHP Ankara \u0130l Ba\u015fkan\u0131 \u00dcmit Erkol ile TBMM eski Ba\u015fkanvekili Levent G\u00f6k, meclis \u00fcyeleri, STK ba\u015fkanlar\u0131, muhtarlar, Haymanal\u0131 \u00e7ift\u00e7iler ve vatanda\u015flar yo\u011fun ilgi g\u00f6sterdi.<\/p>\n","protected":false},"author":1,"featured_media":63528,"comment_status":"open","ping_status":"open","sticky":false,"template":"","format":"standard","meta":{"footnotes":""},"categories":[4],"tags":[377,516,372,6455,1614],"class_list":["post-63527","post","type-post","status-publish","format-standard","has-post-thumbnail","hentry","category-gundem","tag-ankara","tag-baskan","tag-belediye","tag-haymana","tag-kadinlar"],"_links":{"self":[{"href":"https:\/\/bihavadis.com\/index.php\/wp-json\/wp\/v2\/posts\/63527","targetHints":{"allow":["GET"]}}],"collection":[{"href":"https:\/\/bihavadis.com\/index.php\/wp-json\/wp\/v2\/posts"}],"about":[{"href":"https:\/\/bihavadis.com\/index.php\/wp-json\/wp\/v2\/types\/post"}],"author":[{"embeddable":true,"href":"https:\/\/bihavadis.com\/index.php\/wp-json\/wp\/v2\/users\/1"}],"replies":[{"embeddable":true,"href":"https:\/\/bihavadis.com\/index.php\/wp-json\/wp\/v2\/comments?post=63527"}],"version-history":[{"count":1,"href":"https:\/\/bihavadis.com\/index.php\/wp-json\/wp\/v2\/posts\/63527\/revisions"}],"predecessor-version":[{"id":63529,"href":"https:\/\/bihavadis.com\/index.php\/wp-json\/wp\/v2\/posts\/63527\/revisions\/63529"}],"wp:featuredmedia":[{"embeddable":true,"href":"https:\/\/bihavadis.com\/index.php\/wp-json\/wp\/v2\/media\/63528"}],"wp:attachment":[{"href":"https:\/\/bihavadis.com\/index.php\/wp-json\/wp\/v2\/media?parent=63527"}],"wp:term":[{"taxonomy":"category","embeddable":true,"href":"https:\/\/bihavadis.com\/index.php\/wp-json\/wp\/v2\/categories?post=63527"},{"taxonomy":"post_tag","embeddable":true,"href":"https:\/\/bihavadis.com\/index.php\/wp-json\/wp\/v2\/tags?post=63527"}],"curies":[{"name":"wp","href":"https:\/\/api.w.org\/{rel}","templated":true}]}}