{"id":63530,"date":"2026-03-07T00:06:08","date_gmt":"2026-03-07T00:06:08","guid":{"rendered":"https:\/\/bihavadis.com\/?p=63530"},"modified":"2026-03-07T00:06:08","modified_gmt":"2026-03-07T00:06:08","slug":"netanyahu-ilk-kez-epsteinin-israil-baglantisi-iddialarina-yanit-verdi","status":"publish","type":"post","link":"https:\/\/bihavadis.com\/index.php\/2026\/03\/07\/netanyahu-ilk-kez-epsteinin-israil-baglantisi-iddialarina-yanit-verdi\/","title":{"rendered":"Netanyahu ilk kez Epstein&#8217;\u0131n \u0130srail ba\u011flant\u0131s\u0131 iddialar\u0131na yan\u0131t verdi"},"content":{"rendered":"<p> \u0130srail Ba\u015fbakan\u0131 Binyamin Netanyahu, Jeffrey Epstein dosyalar\u0131n\u0131n yeniden g\u00fcndeme gelmesinin ard\u0131ndan, Epstein&#8217;\u0131n \u0130srail ad\u0131na \u00e7al\u0131\u015ft\u0131\u011f\u0131 y\u00f6n\u00fcndeki iddialara ilk kez a\u00e7\u0131k \u015fekilde cevap verdi. Netanyahu, \u00f6zellikle Epstein ile eski \u0130srail Ba\u015fbakan\u0131 Ehud Barak aras\u0131ndaki ili\u015fkiye i\u015faret eden iddialar\u0131 kesin bir dille reddetti.<\/p>\n<p>Netanyahu a\u00e7\u0131klamas\u0131nda, Epstein&#8217;\u0131n Barak ile olan temaslar\u0131n\u0131n istihbarat ba\u011flant\u0131s\u0131 kurmak i\u00e7in delil olarak sunulamayaca\u011f\u0131n\u0131 vurgulad\u0131ve &#8220;Jeffrey Epstein&#8217;\u0131n Ehud Barak ile olan al\u0131\u015f\u0131lmad\u0131k derecede yak\u0131n ili\u015fkisi, Epstein&#8217;\u0131n \u0130srail i\u00e7in \u00e7al\u0131\u015ft\u0131\u011f\u0131 anlam\u0131na gelmez; tam tersini kan\u0131tlar.&#8221; dedi. <\/p>\n<p><b>&#8220;KOMPLO TEOR\u0130LER\u0130 GER\u00c7EKLER\u0130N YER\u0130N\u0130 ALAMAZ&#8221;<\/b><\/p>\n<p>Netanyahu, kamuoyunda ve sosyal medyada s\u0131k\u00e7a dile getirilen &#8220;Epstein Mossad i\u00e7in \u00e7al\u0131\u015f\u0131yordu&#8221; iddialar\u0131n\u0131n kan\u0131ta de\u011fil spek\u00fclasyona dayand\u0131\u011f\u0131n\u0131 savundu. Bu t\u00fcr s\u00f6ylemlerin, Epstein&#8217;\u0131n ABD merkezli su\u00e7 dosyalar\u0131n\u0131n \u00f6n\u00fcne ge\u00e7erek yanl\u0131\u015f bir siyasi anlat\u0131 olu\u015fturdu\u011funu ifade etti.<\/p>\n<p>\u0130srail Ba\u015fbakan\u0131&#8217;na g\u00f6re, Epstein&#8217;\u0131n farkl\u0131 \u00fclkelerden siyaset\u00e7iler ve i\u015f insanlar\u0131yla kurdu\u011fu ili\u015fkiler, devletler ad\u0131na y\u00fcr\u00fct\u00fclen gizli g\u00f6revlerin kan\u0131t\u0131 de\u011fil, ki\u015fisel ve finansal temaslar\u0131n bir yans\u0131mas\u0131.<\/p>\n<p><b>&#8220;\u0130SRA\u0130L DEMOKRAS\u0130S\u0130N\u0130 BALTALAMAK \u0130\u00c7\u0130N&#8230;&#8221;<\/b><\/p>\n<p>\u0130srail Ba\u015fbakan\u0131 Netanyahu sosyal medya hesab\u0131ndan yapt\u0131\u011f\u0131 a\u00e7\u0131klamada eski ba\u015fbakan\u0131 yerden yere vurdu. Netanyahu \u015fu ifadeleri kulland\u0131:&#8221;Yirmi y\u0131l\u0131 a\u015fk\u0131n bir s\u00fcre \u00f6nce ya\u015fad\u0131\u011f\u0131 se\u00e7im yenilgisinin etkisinde kalan Barak, y\u0131llard\u0131r \u0130srail demokrasisini baltalamak i\u00e7in saplant\u0131l\u0131 bir \u015fekilde \u00e7al\u0131\u015f\u0131yor ve se\u00e7ilmi\u015f \u0130srail h\u00fck\u00fcmetini devirmek i\u00e7in ba\u015far\u0131s\u0131z giri\u015fimlerde bulunan anti-Siyonist radikal solla i\u015fbirli\u011fi yap\u0131yor.<\/p>\n<p>Barak&#8217;\u0131n ki\u015fisel saplant\u0131s\u0131, kitlesel protesto hareketlerini k\u00f6r\u00fcklemek, huzursuzlu\u011fu art\u0131rmak ve yanl\u0131\u015f medya anlat\u0131lar\u0131n\u0131 beslemek de dahil olmak \u00fczere, \u0130srail h\u00fck\u00fcmetini baltalamak i\u00e7in hem kamuoyu \u00f6n\u00fcnde hem de perde arkas\u0131nda faaliyetlerde bulunmas\u0131na yol a\u00e7t\u0131.&#8221;<\/p>\n<p><b>EPSTE\u0130N- BARAK \u0130L\u0130\u015eK\u0130S\u0130 YEN\u0130DEN MERCEK ALTINDA<\/b><\/p>\n<p>ABD&#8217;de yay\u0131mlanan yeni Epstein belgeleriyle birlikte, Jeffrey Epstein&#8217;\u0131n Barak ile ge\u00e7mi\u015fte birden fazla kez bir araya geldi\u011fi, baz\u0131 i\u015f ve yat\u0131r\u0131m \u00e7evrelerinde temas kurdu\u011fu bilgileri yeniden g\u00fcndeme gelmi\u015fti. Bu durum, \u00f6zellikle \u0130srail&#8217;in Epstein \u00fczerindeki olas\u0131 rol\u00fcne dair iddialar\u0131 alevlendirmi\u015fti.<\/p>\n<p>Netanyahu&#8217;nun a\u00e7\u0131klamas\u0131, bu iddialara kar\u015f\u0131 \u0130srail devletinin en \u00fcst d\u00fczeyinden gelen ilk do\u011frudan yan\u0131t olarak kayda ge\u00e7ti.<\/p>\n<p>Epstein dosyalar\u0131n\u0131n par\u00e7a par\u00e7a kamuoyuna a\u00e7\u0131klanmas\u0131, yaln\u0131zca ABD&#8217;de de\u011fil, uluslararas\u0131 alanda da siyasi yank\u0131lar yaratmaya devam ediyor. Netanyahu&#8217;nun \u00e7\u0131k\u0131\u015f\u0131, \u0130srail&#8217;in bu tart\u0131\u015fmalarda kurumsal olarak hedef al\u0131nmas\u0131na kar\u015f\u0131 net bir pozisyon alma hamlesi olarak de\u011ferlendiriliyor.<\/p>\n","protected":false},"excerpt":{"rendered":"<p>Jeffrey Epstein dosyalar\u0131n\u0131n uluslararas\u0131 yank\u0131s\u0131 b\u00fcy\u00fcrken, \u0130srail uzun s\u00fcredir sessiz kald\u0131\u011f\u0131 konuda ilk kez konu\u015ftu. \u0130srail Ba\u015fbakan\u0131 Binyamin Netanyahu, Epstein&#8217;\u0131n \u0130srail istihbarat\u0131 ad\u0131na \u00e7al\u0131\u015ft\u0131\u011f\u0131 y\u00f6n\u00fcndeki iddialara do\u011frudan yan\u0131t vererek, tart\u0131\u015fmalar\u0131n merkezindeki eski \u0130srail Ba\u015fbakan\u0131 Ehud Barak ile Epstein ili\u015fkisini hedef ald\u0131. Netanyahu, kamuoyunda &#8220;kan\u0131t&#8221; olarak sunulan bu yak\u0131nl\u0131\u011f\u0131n ger\u00e7ekte tam tersini g\u00f6sterdi\u011fini savundu.<\/p>\n","protected":false},"author":1,"featured_media":63531,"comment_status":"open","ping_status":"open","sticky":false,"template":"","format":"standard","meta":{"footnotes":""},"categories":[12],"tags":[2237,7371,2183,792,3842],"class_list":["post-63530","post","type-post","status-publish","format-standard","has-post-thumbnail","hentry","category-siyaset","tag-barak","tag-basbakani","tag-epstein","tag-israil","tag-netanyahu"],"_links":{"self":[{"href":"https:\/\/bihavadis.com\/index.php\/wp-json\/wp\/v2\/posts\/63530","targetHints":{"allow":["GET"]}}],"collection":[{"href":"https:\/\/bihavadis.com\/index.php\/wp-json\/wp\/v2\/posts"}],"about":[{"href":"https:\/\/bihavadis.com\/index.php\/wp-json\/wp\/v2\/types\/post"}],"author":[{"embeddable":true,"href":"https:\/\/bihavadis.com\/index.php\/wp-json\/wp\/v2\/users\/1"}],"replies":[{"embeddable":true,"href":"https:\/\/bihavadis.com\/index.php\/wp-json\/wp\/v2\/comments?post=63530"}],"version-history":[{"count":1,"href":"https:\/\/bihavadis.com\/index.php\/wp-json\/wp\/v2\/posts\/63530\/revisions"}],"predecessor-version":[{"id":63532,"href":"https:\/\/bihavadis.com\/index.php\/wp-json\/wp\/v2\/posts\/63530\/revisions\/63532"}],"wp:featuredmedia":[{"embeddable":true,"href":"https:\/\/bihavadis.com\/index.php\/wp-json\/wp\/v2\/media\/63531"}],"wp:attachment":[{"href":"https:\/\/bihavadis.com\/index.php\/wp-json\/wp\/v2\/media?parent=63530"}],"wp:term":[{"taxonomy":"category","embeddable":true,"href":"https:\/\/bihavadis.com\/index.php\/wp-json\/wp\/v2\/categories?post=63530"},{"taxonomy":"post_tag","embeddable":true,"href":"https:\/\/bihavadis.com\/index.php\/wp-json\/wp\/v2\/tags?post=63530"}],"curies":[{"name":"wp","href":"https:\/\/api.w.org\/{rel}","templated":true}]}}