{"id":63536,"date":"2026-03-07T00:12:06","date_gmt":"2026-03-07T00:12:06","guid":{"rendered":"https:\/\/bihavadis.com\/?p=63536"},"modified":"2026-03-07T00:12:06","modified_gmt":"2026-03-07T00:12:06","slug":"pete-hegseth-iran-konusunda-tum-secenekler-masada","status":"publish","type":"post","link":"https:\/\/bihavadis.com\/index.php\/2026\/03\/07\/pete-hegseth-iran-konusunda-tum-secenekler-masada\/","title":{"rendered":"Pete Hegseth: \u0130ran konusunda t\u00fcm se\u00e7enekler masada"},"content":{"rendered":"<p>ABD Savunma Bakan\u0131 Pete Hegseth, Colorado ziyareti s\u0131ras\u0131nda bas\u0131n mensuplar\u0131yla bir araya geldi.<\/p>\n<p>Hegseth, burada \u0130ran&#8217;la devam eden m\u00fczakerelere ve askeri m\u00fcdahale ihtimaline ili\u015fkin de\u011ferlendirmede bulundu.<\/p>\n<p>\u0130ran&#8217;\u0131n anla\u015fma yapmas\u0131 gerekti\u011fini, Ba\u015fkan Donald Trump&#8217;\u0131n da bunu tercih etti\u011fini kaydeden Hegseth, anla\u015fmaya var\u0131lamamas\u0131 durumunda Trump&#8217;a sunulacak se\u00e7eneklerin oldu\u011funu belirtti.<\/p>\n<p><strong>&#8220;HER \u015eEY MASADA&#8221;<\/strong><\/p>\n<p>Hegseth, askeri sald\u0131r\u0131 ihtimalinin g\u00fcndemde olup olmad\u0131\u011f\u0131na y\u00f6nelik soruya da <em><b>&#8220;Her \u015fey masada. Bu Ba\u015fkan&#8217;\u0131n karar\u0131d\u0131r. Biz bir anla\u015fmaya var\u0131lmas\u0131n\u0131 sa\u011flamak i\u00e7in buraday\u0131z. \u0130ran&#8217;\u0131n iyi bir anla\u015fma yapmas\u0131n\u0131n bilgece olaca\u011f\u0131n\u0131 d\u00fc\u015f\u00fcn\u00fcyorum.&#8221;<\/b><\/em> yan\u0131t\u0131n\u0131 verdi.<\/p>\n<p>ABD Ba\u015fkan\u0131 Trump, Genelkurmay Ba\u015fkan\u0131 Dan Caine&#8217;in &#8220;\u0130ran&#8217;la sava\u015fa kar\u015f\u0131 oldu\u011fu&#8221; y\u00f6n\u00fcndeki iddialar\u0131n tamamen yalan oldu\u011funu belirtmi\u015f, &#8220;anla\u015fma sa\u011flanamamas\u0131 halinde \u0130ran i\u00e7in sonucun k\u00f6t\u00fc olaca\u011f\u0131&#8221; uyar\u0131s\u0131nda bulunmu\u015ftu.<\/p>\n<p><img decoding=\"async\" src=\"https:\/\/bihavadis.com\/wp-content\/uploads\/2026\/03\/pete-hegseth-iran-konusunda-tum-secenekler-masada-0-NpS8IjOp.jpg\"\/><\/p>\n<p><strong>ABD-\u0130RAN M\u00dcZAKERELER\u0130<\/strong><\/p>\n<p>\u0130ran ile ABD aras\u0131nda, Haziran 2025&#8217;te \u0130srail ve ABD&#8217;nin \u0130ran&#8217;a sald\u0131r\u0131lar\u0131 sonras\u0131nda kesintiye u\u011frayan n\u00fckleer g\u00f6r\u00fc\u015fmeler, Umman&#8217;da 6 \u015eubat&#8217;ta yeniden yap\u0131lm\u0131\u015ft\u0131.<\/p>\n<p>M\u00fczakerelerin ikinci turu 18 \u015eubat&#8217;ta, \u0130svi\u00e7re&#8217;nin Cenevre kentinde d\u00fczenlenmi\u015fti.<\/p>\n<p>ABD ile \u0130ran aras\u0131ndaki heyetlerin 26 \u015eubat&#8217;ta yine Cenevre&#8217;de bir araya gelmesi bekleniyor.<\/p>\n<div> <span><strong>Kaynak:<\/strong> Anadolu Ajans\u0131 (AA)<\/span> <\/div>\n","protected":false},"excerpt":{"rendered":"<p>ABD Savunma Bakan\u0131 Pete Hegseth, Colorado ziyareti s\u0131ras\u0131nda bas\u0131n mensuplar\u0131yla bir araya geldi. Hegseth, burada \u0130ran&#8217;la devam eden m\u00fczakerelere ve askeri m\u00fcdahale ihtimaline ili\u015fkin de\u011ferlendirmede bulundu. \u0130ran&#8217;\u0131n anla\u015fma yapmas\u0131 gerekti\u011fini &#8230;<\/p>\n","protected":false},"author":1,"featured_media":63537,"comment_status":"open","ping_status":"open","sticky":false,"template":"","format":"standard","meta":{"footnotes":""},"categories":[6],"tags":[272,1426,271],"class_list":["post-63536","post","type-post","status-publish","format-standard","has-post-thumbnail","hentry","category-dunya","tag-abd","tag-anlasma","tag-iran"],"_links":{"self":[{"href":"https:\/\/bihavadis.com\/index.php\/wp-json\/wp\/v2\/posts\/63536","targetHints":{"allow":["GET"]}}],"collection":[{"href":"https:\/\/bihavadis.com\/index.php\/wp-json\/wp\/v2\/posts"}],"about":[{"href":"https:\/\/bihavadis.com\/index.php\/wp-json\/wp\/v2\/types\/post"}],"author":[{"embeddable":true,"href":"https:\/\/bihavadis.com\/index.php\/wp-json\/wp\/v2\/users\/1"}],"replies":[{"embeddable":true,"href":"https:\/\/bihavadis.com\/index.php\/wp-json\/wp\/v2\/comments?post=63536"}],"version-history":[{"count":1,"href":"https:\/\/bihavadis.com\/index.php\/wp-json\/wp\/v2\/posts\/63536\/revisions"}],"predecessor-version":[{"id":63539,"href":"https:\/\/bihavadis.com\/index.php\/wp-json\/wp\/v2\/posts\/63536\/revisions\/63539"}],"wp:featuredmedia":[{"embeddable":true,"href":"https:\/\/bihavadis.com\/index.php\/wp-json\/wp\/v2\/media\/63537"}],"wp:attachment":[{"href":"https:\/\/bihavadis.com\/index.php\/wp-json\/wp\/v2\/media?parent=63536"}],"wp:term":[{"taxonomy":"category","embeddable":true,"href":"https:\/\/bihavadis.com\/index.php\/wp-json\/wp\/v2\/categories?post=63536"},{"taxonomy":"post_tag","embeddable":true,"href":"https:\/\/bihavadis.com\/index.php\/wp-json\/wp\/v2\/tags?post=63536"}],"curies":[{"name":"wp","href":"https:\/\/api.w.org\/{rel}","templated":true}]}}