{"id":63574,"date":"2026-03-07T00:45:14","date_gmt":"2026-03-07T00:45:14","guid":{"rendered":"https:\/\/bihavadis.com\/?p=63574"},"modified":"2026-03-07T00:45:14","modified_gmt":"2026-03-07T00:45:14","slug":"baskan-ozarslan-iftarda-nevsehir-nigde-aksaray-ve-konya-kululu-vatandaslarla-bulustu","status":"publish","type":"post","link":"https:\/\/bihavadis.com\/index.php\/2026\/03\/07\/baskan-ozarslan-iftarda-nevsehir-nigde-aksaray-ve-konya-kululu-vatandaslarla-bulustu\/","title":{"rendered":"Ba\u015fkan \u00d6zarslan \u0130ftarda Nev\u015fehir, Ni\u011fde, Aksaray ve Konya Kululu Vatanda\u015flarla Bulu\u015ftu"},"content":{"rendered":"<p><b>Ke\u00e7i\u00f6ren Belediye Ba\u015fkan\u0131 Dr. Mesut \u00d6zarslan,<\/b>\u00a0Mevlana K\u00fclt\u00fcr Merkezi\u2019nde d\u00fczenlenen iftar program\u0131nda Orta Anadolu\u2019nun \u00f6nemli \u015fehirlerinden Nev\u015fehir, Ni\u011fde, Aksaray ile Konya Kululu vatanda\u015flarla bir araya geldi. Davetlilere hitap eden Ba\u015fkan \u00d6zarslan, \u201cKimseyi ay\u0131rt etmeden, \u2018Halka hizmet Hakk\u2019a hizmet\u2019 felsefesiyle hizmet ediyoruz.\u201d dedi.<\/p>\n<p>\u0130ftar program\u0131na; Ke\u00e7i\u00f6ren Belediye Ba\u015fkan\u0131 Dr. Mesut \u00d6zarslan\u2019\u0131n yan\u0131 s\u0131ra; 18. D\u00f6nem Ni\u011fde ve 19. D\u00f6nem Aksaray Milletvekili Mahmut \u00d6zt\u00fcrk, Ankara Cumhuriyet Savc\u0131s\u0131 Mehmet Arslan, Tar\u0131m ve Orman Bakanl\u0131\u011f\u0131 \u0130\u00e7 Denetim Ba\u015fkan\u0131 Erdal \u00d6zy\u00f6n, Jeofizik M\u00fchendisleri Odas\u0131 Ba\u015fkan\u0131 ve Konyal\u0131lar Derne\u011fi Ba\u015fkan Yard\u0131mc\u0131s\u0131 Serdar Kart, Nev\u015fehir Dernekler Federasyonu Ba\u015fkan\u0131 Y\u0131lmaz Y\u0131ld\u0131r\u0131m, Ba\u015fkent Aksarayl\u0131lar Platformu Ba\u015fkan\u0131 Dr. Ahmet Dabanl\u0131 ve hem\u015fehri federasyonlar\u0131 ve derneklerinin il ve il\u00e7e y\u00f6neticileri, belediye meclis \u00fcyeleri, ba\u015fkan yard\u0131mc\u0131lar\u0131 ve \u00e7ok say\u0131da vatanda\u015f kat\u0131ld\u0131.<\/p>\n<p><b>\u201cAy\u0131rt etmeden \u00e7al\u0131\u015f\u0131yoruz\u201d<\/b><\/p>\n<p><b>Ke\u00e7i\u00f6ren Belediye Ba\u015fkan\u0131 Dr. Mesut \u00d6zarslan<\/b>\u00a0kat\u0131l\u0131mc\u0131lara hitaben yapt\u0131\u011f\u0131 konu\u015fmada,\u00a0Ke\u00e7i\u00f6ren\u2019de toplumun her kesimine ayr\u0131m yapmaks\u0131z\u0131n hizmet ettiklerini belirterek \u015funlar\u0131 s\u00f6yledi: \u201cKe\u00e7i\u00f6ren\u2019imizde Nev\u015fehirli hem\u015ferilerimize, Aksarayl\u0131s\u0131ndan Ni\u011fdelisine, Konyal\u0131s\u0131na kadar herkese hizmet veriyoruz. Bu hizmeti verirken bizim bir felsefemiz var. O felsefenin ad\u0131 \u2018halka hizmet, Hakk\u2019a hizmet\u2019 felsefesidir. Bu \u015fiarla hi\u00e7 kimseyi ay\u0131rt etmeden \u00e7al\u0131\u015f\u0131yoruz. Hele ki sizin gibi bu vatan\u0131n yi\u011fit evlatlar\u0131 i\u00e7in gereken her t\u00fcrl\u00fc \u00e7al\u0131\u015fmay\u0131 yap\u0131yoruz. Bulundu\u011fumuz co\u011frafyada, il\u00e7ede kimse yata\u011fa a\u00e7 girmeyecek. Kimse yata\u011fa \u00fc\u015f\u00fcyerek, titreyerek girmeyecek. Ya\u015fl\u0131s\u0131na, engellisine bak\u0131lacak. Sabah kalkt\u0131\u011f\u0131nda evlad\u0131n\u0131 servise veremiyorsa biz verece\u011fiz. K\u0131sacas\u0131 halk\u0131m\u0131z\u0131n hizmetk\u00e2r\u0131 olaca\u011f\u0131z. B\u00f6yle olmaya devam ediyoruz. Biz kap\u0131m\u0131za gelen hi\u00e7 kimseye sormuyoruz, \u2018Hangi partilisiniz?\u2019 diye. \u2018Bize oy verdiniz mi, vermediniz mi?\u2019 diye asla ve katiyen sormuyoruz. Kim geliyorsa onlara hizmet derdindeyiz. Onlar\u0131n i\u015flerini g\u00f6rme derdindeyiz. Hem\u015ferilerim, sizler y\u00fcce T\u00fcrk milletinin \u00e7ok k\u0131ymetli insanlar\u0131s\u0131n\u0131z. Bu k\u0131ymetinizi milli ve manevi de\u011ferlerinizden al\u0131rs\u0131n\u0131z. \u00c7\u00fcnk\u00fc y\u00fcce T\u00fcrk milletini olu\u015fturan de\u011ferde Resulullah\u2019\u0131n sancaktarl\u0131\u011f\u0131n\u0131 yapmak vard\u0131r. Ne zaman bu vatan co\u011frafyas\u0131 dara girse, o sar\u0131 sa\u00e7l\u0131 mavi g\u00f6zl\u00fc Mustafa Kemal Atat\u00fcrk\u2019\u00fcyle de bu vatan co\u011frafyas\u0131n\u0131 savunmak vard\u0131r. Onun i\u00e7in biz her zaman Ke\u00e7i\u00f6ren\u2019imizde bu birli\u011fi, beraberli\u011fi koruyaca\u011f\u0131z, hakkaniyet i\u00e7inde olaca\u011f\u0131z. Y\u00fcce Mevla\u2019m sizleri var etsin, bizleri de sizlere mahcup ettirmesin.\u201d<\/p>\n<p><b>\u201cBu g\u00fczel sofra bizler i\u00e7in b\u00fcy\u00fck bir mutluluk\u201d<\/b><\/p>\n<p><b>18. D\u00f6nem Ni\u011fde ve 19. D\u00f6nem Aksaray Milletvekili Mahmut \u00d6zt\u00fcrk\u00a0<\/b>ise yapt\u0131\u011f\u0131 konu\u015fmada,<b>\u00a0<\/b>\u201cBu bulu\u015fmay\u0131 sa\u011flayan Ke\u00e7i\u00f6ren Belediye Ba\u015fkan\u0131m\u0131z Say\u0131n Dr. Mesut \u00d6zarslan\u2019a y\u00fcrekten te\u015fekk\u00fcr ediyorum. Bu g\u00fczel sofrada hem\u015fehrilerimizle bir araya gelmek bizler i\u00e7in b\u00fcy\u00fck bir mutluluk. Ramazan ay\u0131n\u0131n hay\u0131rlara vesile olmas\u0131n\u0131 diliyorum.\u201d diye konu\u015ftu.<\/p>\n<p><b>\u201cAyn\u0131 sofrada bulu\u015fmaktan b\u00fcy\u00fck memnuniyet duyuyoruz\u201d<\/b><\/p>\n<p><b>Nev\u015fehir Dernekler Federasyonu Ba\u015fkan\u0131 Y\u0131lmaz Y\u0131ld\u0131r\u0131m\u00a0<\/b>da<b>\u00a0<\/b>iftar program\u0131na kat\u0131lmaktan duydu\u011fu memnuniyeti dile getirerek,<b>\u00a0<\/b>\u201cBu m\u00fcbarek g\u00fcnde ayn\u0131 sofrada bulu\u015fmaktan b\u00fcy\u00fck memnuniyet duyuyoruz. Ke\u00e7i\u00f6ren Belediye Ba\u015fkan\u0131m\u0131z Say\u0131n Dr. Mesut \u00d6zarslan\u2019a ve eme\u011fi ge\u00e7en herkese te\u015fekk\u00fcr ediyorum.\u201d dedi.<\/p>\n<p><b>\u201cRamazan ay\u0131nda bir arada olmak \u00e7ok k\u0131ymetli\u201d<\/b><\/p>\n<p><b>Ba\u015fkent Aksarayl\u0131lar Platformu Ba\u015fkan\u0131 Dr. Ahmet Dabanl\u0131,\u00a0<\/b>iftar program\u0131ndaki hem\u015fehrilerin birlik ve beraberli\u011fini g\u00fc\u00e7l\u00fc \u015fekilde hissetti\u011fini belirterek \u015funlar\u0131 s\u00f6yledi: \u201cB\u00f6yle g\u00fczel bir g\u00fcnde bizleri bir araya getiren Ke\u00e7i\u00f6ren Belediye Ba\u015fkan\u0131m\u0131z Say\u0131n Dr. Mesut \u00d6zarslan\u2019a ve eme\u011fi ge\u00e7en herkese te\u015fekk\u00fcr ediyorum. Orta Anadolu\u2019nun farkl\u0131 illerinden gelen hem\u015fehrilerimizle ayn\u0131 sofrada bulu\u015fmak bizler i\u00e7in b\u00fcy\u00fck bir mutluluk.\u201d ifadelerini kulland\u0131.<\/p>\n<p><b>\u201cAyn\u0131 lokmay\u0131 payla\u015fmak bizleri birbirimize daha da yak\u0131nla\u015ft\u0131rmaktad\u0131r\u201d<\/b><\/p>\n<p><b>Jeofizik M\u00fchendisleri Odas\u0131 Ba\u015fkan\u0131 ve Konyal\u0131lar Derne\u011fi Ba\u015fkan Yard\u0131mc\u0131s\u0131 Serdar Kart<\/b>\u00a0yapt\u0131\u011f\u0131 konu\u015fmada iftar sofras\u0131nda Konya Kulu, Ni\u011fde, Aksaray ve Nev\u015fehirli vatanda\u015flarla ayn\u0131 sofray\u0131 payla\u015fmaktan b\u00fcy\u00fck bir mutluluk duydu\u011funu belirterek duygular\u0131n\u0131 \u015fu s\u00f6zlerle ifade etti: \u201cRamazan ay\u0131 payla\u015fman\u0131n, dayan\u0131\u015fman\u0131n ve karde\u015fli\u011fin en g\u00fc\u00e7l\u00fc \u015fekilde hissedildi\u011fi m\u00fcstesna zamanlardan biridir. Ayn\u0131 sofrada bulu\u015fmak, ayn\u0131 lokmay\u0131 payla\u015fmak ve ayn\u0131 duaya \u00e2min demek bizleri birbirimize daha da yak\u0131nla\u015ft\u0131rmaktad\u0131r. Ke\u00e7i\u00f6ren Belediye Ba\u015fkan\u0131m\u0131z Say\u0131n Dr. Mesut \u00d6zarslan\u2019a ve eme\u011fi ge\u00e7en herkese te\u015fekk\u00fcr ediyorum.\u201d<\/p>\n<p>\u00a0<\/p>\n<p>Kaynak: (BYZHA) Beyaz Haber Ajans\u0131<\/p>\n","protected":false},"excerpt":{"rendered":"<p>Ke\u00e7i\u00f6ren Belediye Ba\u015fkan\u0131 Dr. Mesut \u00d6zarslan,\u00a0Mevlana K\u00fclt\u00fcr Merkezi\u2019nde d\u00fczenlenen iftar program\u0131nda Orta Anadolu\u2019nun \u00f6nemli \u015fehirlerinden Nev\u015fehir, Ni\u011fde, Aksaray ile Konya Kululu vatanda\u015flarla bir araya geldi.<\/p>\n","protected":false},"author":1,"featured_media":63575,"comment_status":"open","ping_status":"open","sticky":false,"template":"","format":"standard","meta":{"footnotes":""},"categories":[4],"tags":[3187,986,315,6702,6995],"class_list":["post-63574","post","type-post","status-publish","format-standard","has-post-thumbnail","hentry","category-gundem","tag-aksaray","tag-baskani","tag-hizmet","tag-kecioren-belediye-baskani","tag-sofra"],"_links":{"self":[{"href":"https:\/\/bihavadis.com\/index.php\/wp-json\/wp\/v2\/posts\/63574","targetHints":{"allow":["GET"]}}],"collection":[{"href":"https:\/\/bihavadis.com\/index.php\/wp-json\/wp\/v2\/posts"}],"about":[{"href":"https:\/\/bihavadis.com\/index.php\/wp-json\/wp\/v2\/types\/post"}],"author":[{"embeddable":true,"href":"https:\/\/bihavadis.com\/index.php\/wp-json\/wp\/v2\/users\/1"}],"replies":[{"embeddable":true,"href":"https:\/\/bihavadis.com\/index.php\/wp-json\/wp\/v2\/comments?post=63574"}],"version-history":[{"count":1,"href":"https:\/\/bihavadis.com\/index.php\/wp-json\/wp\/v2\/posts\/63574\/revisions"}],"predecessor-version":[{"id":63576,"href":"https:\/\/bihavadis.com\/index.php\/wp-json\/wp\/v2\/posts\/63574\/revisions\/63576"}],"wp:featuredmedia":[{"embeddable":true,"href":"https:\/\/bihavadis.com\/index.php\/wp-json\/wp\/v2\/media\/63575"}],"wp:attachment":[{"href":"https:\/\/bihavadis.com\/index.php\/wp-json\/wp\/v2\/media?parent=63574"}],"wp:term":[{"taxonomy":"category","embeddable":true,"href":"https:\/\/bihavadis.com\/index.php\/wp-json\/wp\/v2\/categories?post=63574"},{"taxonomy":"post_tag","embeddable":true,"href":"https:\/\/bihavadis.com\/index.php\/wp-json\/wp\/v2\/tags?post=63574"}],"curies":[{"name":"wp","href":"https:\/\/api.w.org\/{rel}","templated":true}]}}