{"id":6365,"date":"2026-01-30T14:15:05","date_gmt":"2026-01-30T14:15:05","guid":{"rendered":"https:\/\/bihavadis.com\/?p=6365"},"modified":"2026-01-30T14:15:05","modified_gmt":"2026-01-30T14:15:05","slug":"cek-cumhuriyeti-ile-ticari-is-birligi-artiyor","status":"publish","type":"post","link":"https:\/\/bihavadis.com\/index.php\/2026\/01\/30\/cek-cumhuriyeti-ile-ticari-is-birligi-artiyor\/","title":{"rendered":"\u00c7ek Cumhuriyeti ile Ticari \u0130\u015f Birli\u011fi Art\u0131yor"},"content":{"rendered":"<p>ADASO Y\u00f6netim Kurulu Ba\u015fkan\u0131 Zeki K\u0131van\u00e7, \u00c7ek Cumhuriyeti&#8217;nin Avrupa pazar\u0131na eri\u015fimde stratejik, y\u00fcksek teknolojiye dayal\u0131 sanayi i\u015f birliklerinde g\u00fcvenilir bir ortak olarak g\u00f6rd\u00fcklerini s\u00f6yledi.<\/p>\n<p>\u00c7ek Cumhuriyeti Ankara B\u00fcy\u00fckel\u00e7isi Petr Stepanek ve beraberindeki heyet, Adana Sanayi Odas\u0131&#8217;n\u0131 (ADASO) ziyaret etti. G\u00f6r\u00fc\u015fmede, T\u00fcrkiye ile \u00c7ek Cumhuriyeti aras\u0131ndaki ticari i\u015f birli\u011finin geli\u015ftirilmesi ve yeni yat\u0131r\u0131m f\u0131rsatlar\u0131 ele al\u0131nd\u0131.<\/p>\n<p>ADASO Y\u00f6netim Kurulu Ba\u015fkan\u0131 Zeki K\u0131van\u00e7, Meclis Divan Ba\u015fkan Yard\u0131mc\u0131s\u0131 \u0130smail Ya\u011fmur, Y\u00f6netim Kurulu Ba\u015fkan Yard\u0131mc\u0131s\u0131 Erdo\u011fan \u015eire ve Genel Sekreter Veli O\u011fuz ile bir araya gelen B\u00fcy\u00fckel\u00e7i Stepanek T\u00fcrkiye ile olan ticari ba\u011flar\u0131 g\u00fc\u00e7lendirmek istediklerini belirtti. B\u00fcy\u00fckel\u00e7i, iki \u00fclke aras\u0131ndaki mevcut diyalogdan memnuniyet duyduklar\u0131n\u0131 ifade ederek, kar\u015f\u0131l\u0131kl\u0131 i\u015f birli\u011fi imkanlar\u0131n\u0131 daha ileri bir seviyeye ta\u015f\u0131may\u0131 hedeflediklerini dile getirdi.<\/p>\n<p>\u00c7ek Cumhuriyeti stratejik bir ortak<\/p>\n<p>ADASO Y\u00f6netim Kurulu Ba\u015fkan\u0131 Zeki K\u0131van\u00e7, \u00c7ek Cumhuriyeti ile olan ekonomik ili\u015fkilere dair g\u00fcncel verileri payla\u015farak \u015fu bilgileri verdi: <\/p>\n<p>&#8220;T\u00dc\u0130K verilerine g\u00f6re T\u00fcrkiye genelinde 2023 y\u0131l\u0131nda 1.7 milyar dolar olan ihracat, 2024&#8217;te 2 milyar dolara y\u00fckseldi. 2025 y\u0131l\u0131n\u0131n ilk 11 ay\u0131nda ise bu rakam 1.9 milyar dolar seviyesinde ger\u00e7ekle\u015fti. Adana \u00f6zelinde ise 2024 y\u0131l\u0131nda \u00c7ek Cumhuriyeti&#8217;ne 10.1 milyon dolar ihracat, 9.9 milyon dolar ithalat yap\u0131ld\u0131. 2025 y\u0131l\u0131n\u0131n ilk 11 ay\u0131nda ihracat rakam\u0131m\u0131z, \u015fimdiden ge\u00e7en y\u0131l\u0131n toplam\u0131 olan 10.1 milyon dolara ula\u015ft\u0131. Ayn\u0131 d\u00f6nemde ithalat ise 10.7 milyon dolar seviyesine y\u00fckseldi.&#8221;<\/p>\n<p>Adana&#8217;n\u0131n \u00fcretim g\u00fcc\u00fc ile \u00c7ek Cumhuriyeti&#8217;nin teknolojik birikiminin \u00f6nemli bir potansiyel bar\u0131nd\u0131rd\u0131\u011f\u0131n\u0131 vurgulayan K\u0131van\u00e7, &#8220;\u00c7ek Cumhuriyeti&#8217;ni Avrupa pazar\u0131na eri\u015fimde stratejik, y\u00fcksek teknolojiye dayal\u0131 sanayi i\u015f birliklerinde ise g\u00fcvenilir bir ortak olarak g\u00f6r\u00fcyoruz. Bu ziyaretin, sanayicilerimiz aras\u0131nda yeni yat\u0131r\u0131m k\u00f6pr\u00fcleri kurulmas\u0131na ve ticaret hacmimizin artmas\u0131na vesile olaca\u011f\u0131na inan\u0131yoruz&#8221; dedi. &#8211; ADANA<\/p>\n","protected":false},"excerpt":{"rendered":"<p>ADASO Ba\u015fkan\u0131 K\u0131van\u00e7, \u00c7ek Cumhuriyeti&#8217;ni Avrupa pazar\u0131nda stratejik ortak olarak g\u00f6r\u00fcyor.<\/p>\n","protected":false},"author":1,"featured_media":6366,"comment_status":"open","ping_status":"open","sticky":false,"template":"","format":"standard","meta":{"footnotes":""},"categories":[8],"tags":[516,1501,797],"class_list":["post-6365","post","type-post","status-publish","format-standard","has-post-thumbnail","hentry","category-ekonomi","tag-baskan","tag-cek-cumhuriyeti","tag-dolar"],"_links":{"self":[{"href":"https:\/\/bihavadis.com\/index.php\/wp-json\/wp\/v2\/posts\/6365","targetHints":{"allow":["GET"]}}],"collection":[{"href":"https:\/\/bihavadis.com\/index.php\/wp-json\/wp\/v2\/posts"}],"about":[{"href":"https:\/\/bihavadis.com\/index.php\/wp-json\/wp\/v2\/types\/post"}],"author":[{"embeddable":true,"href":"https:\/\/bihavadis.com\/index.php\/wp-json\/wp\/v2\/users\/1"}],"replies":[{"embeddable":true,"href":"https:\/\/bihavadis.com\/index.php\/wp-json\/wp\/v2\/comments?post=6365"}],"version-history":[{"count":1,"href":"https:\/\/bihavadis.com\/index.php\/wp-json\/wp\/v2\/posts\/6365\/revisions"}],"predecessor-version":[{"id":6367,"href":"https:\/\/bihavadis.com\/index.php\/wp-json\/wp\/v2\/posts\/6365\/revisions\/6367"}],"wp:featuredmedia":[{"embeddable":true,"href":"https:\/\/bihavadis.com\/index.php\/wp-json\/wp\/v2\/media\/6366"}],"wp:attachment":[{"href":"https:\/\/bihavadis.com\/index.php\/wp-json\/wp\/v2\/media?parent=6365"}],"wp:term":[{"taxonomy":"category","embeddable":true,"href":"https:\/\/bihavadis.com\/index.php\/wp-json\/wp\/v2\/categories?post=6365"},{"taxonomy":"post_tag","embeddable":true,"href":"https:\/\/bihavadis.com\/index.php\/wp-json\/wp\/v2\/tags?post=6365"}],"curies":[{"name":"wp","href":"https:\/\/api.w.org\/{rel}","templated":true}]}}