{"id":6368,"date":"2026-01-30T14:18:07","date_gmt":"2026-01-30T14:18:07","guid":{"rendered":"https:\/\/bihavadis.com\/?p=6368"},"modified":"2026-01-30T14:18:07","modified_gmt":"2026-01-30T14:18:07","slug":"mahmut-arikan-sac-orme-eylemine-saygi-duymak-gerek","status":"publish","type":"post","link":"https:\/\/bihavadis.com\/index.php\/2026\/01\/30\/mahmut-arikan-sac-orme-eylemine-saygi-duymak-gerek\/","title":{"rendered":"Mahmut Ar\u0131kan: Sa\u00e7 \u00f6rme eylemine sayg\u0131 duymak gerek"},"content":{"rendered":"<p>G\u00fcndem Suriye&#8217;deki geli\u015fmeler&#8230;<\/p>\n<p>DEM Parti&#8217;nin sa\u00e7 \u00f6rme olay\u0131, Suriye&#8217;de ya\u015fananlara tepki olarak ortaya \u00e7\u0131kt\u0131.<\/p>\n<p><strong>SORULARI YANITLADI<\/strong><\/p>\n<p>Saadet Partisi Genel Ba\u015fkan\u0131 Mahmut Ar\u0131kan, TBMM&#8217;de parlamento muhabirleri ile kahvalt\u0131da bir araya gelerek g\u00fcndeme ili\u015fkin sorular\u0131 yan\u0131tlad\u0131.<\/p>\n<p>Konu\u015fmas\u0131nda d\u00fcnyadaki geli\u015fmelere dikkat \u00e7eken Ar\u0131kan, &#8220;\u00c7emberin h\u0131zl\u0131 bir \u015fekilde darald\u0131\u011f\u0131n\u0131 ve bizimle ilintili olan gerek inan\u00e7 anlam\u0131nda, gerek k\u00fclt\u00fcrel anlamda ba\u011f\u0131m\u0131z olan co\u011frafyalarda \u00e7ok h\u0131zl\u0131 sava\u015flar\u0131n \u00e7\u0131kt\u0131\u011f\u0131na, i\u00e7 karga\u015falar\u0131n ya\u015fand\u0131\u011f\u0131na \u015fahit oluyoruz\u201d dedi.<\/p>\n<p><strong>&#8220;SIKINTILARI BERABER YA\u015eIYORUZ&#8221;<\/strong><\/p>\n<p>T\u00fcrkiye&#8217;nin krizlerden etkilendi\u011fine vurgu yapan Ar\u0131kan, <em><b>&#8220;\u00dclkemizdeki durum da \u00e7ok farkl\u0131 de\u011fil. Ekonomik manadaki s\u0131k\u0131nt\u0131lar\u0131 beraber ya\u015f\u0131yoruz. S\u0131k\u0131nt\u0131lar, problemler saklanamayacak noktaya geldi. &#8216;Ter\u00f6r meselesi yok&#8217; demekle ortadan kalkmad\u0131\u011f\u0131n\u0131 bug\u00fcnlerde ya\u015fanan hadiselerde g\u00f6rd\u00fck. K\u00fcrt meselesinin &#8216;hadi \u00e7\u00f6z\u00fcyoruz&#8217; deyince bir masaya oturuldu\u011funda \u00e7\u00f6z\u00fclemedi\u011fine de, \u00fcz\u00fclerek bug\u00fcnlere \u015fahitlik etmekteyiz. Hem devlet kurumlar\u0131n\u0131n hem \u00f6zel sekt\u00f6r\u00fcn, ilan edilmemi\u015f olsa bile iflasla kar\u015f\u0131 kar\u015f\u0131ya kald\u0131\u011f\u0131n\u0131 g\u00f6r\u00fcyoruz&#8221;<\/b><\/em> diye konu\u015ftu.<\/p>\n<p><img decoding=\"async\" src=\"https:\/\/bihavadis.com\/wp-content\/uploads\/2026\/01\/mahmut-arikan-sac-orme-eylemine-saygi-duymak-gerek-0-BFk79KG4.jpg\"\/><\/p>\n<p><strong>SA\u00c7 \u00d6RME EYLEMLER\u0130N\u0130 DESTEKLED\u0130<\/strong><\/p>\n<p>Ar\u0131kan, Suriye&#8217;de devam eden son s\u00fcre\u00e7te\u00a0Suriye ordusunun ter\u00f6r \u00f6rg\u00fct\u00fcn\u00fc temizleme harekat\u0131nda duruma tepki amac\u0131yla T\u00fcrkiye\u2019de de s\u00fcren sa\u00e7 \u00f6rme protestosuna y\u00f6nelik soruyu,<em><b> &#8220;Eylemler insanlar\u0131n en do\u011fal hakk\u0131d\u0131r&#8221;<\/b><\/em> s\u00f6zleri ile yan\u0131tlad\u0131.<\/p>\n<p>Ar\u0131kan, \u015f\u00f6yle devam etti:<\/p>\n<p><em><b>&#8220;K\u00f6kl\u00fc bir siyasi gelene\u011fimiz var ve K\u00fcrt meselesinde T\u00fcrkiye\u2019de ilk bedeli \u00f6deyen parti, Milli G\u00f6r\u00fc\u015f Hareketi\u2019nin partileri oldu. Hat\u0131rlar m\u0131s\u0131n\u0131z bilmiyorum; 1990\u2019l\u0131 y\u0131llarda Necmettin Erbakan Hocam\u0131z Bing\u00f6l&#8217;de tarihi bir konu\u015fma yapm\u0131\u015ft\u0131 ve ceza alm\u0131\u015ft\u0131. Yine 1996 y\u0131l\u0131nda Van Milletvekilimiz Fethullah Erba\u015f, PKK&#8217;n\u0131n kamplar\u0131na gitmi\u015fti, orada esir olan askerlerimizi getirmi\u015fti ve bunun bedellerini o d\u00f6nem \u00f6demi\u015fti. Biz hep \u015funu s\u00f6yl\u00fcyoruz: Bir \u00fclkede ya\u015fayan ne kadar K\u00fcrt varsa, ne kadar T\u00fcrk varsa; bu co\u011frafya T\u00fcrk&#8217;\u00fcn oldu\u011fu kadar K\u00fcrt\u2019\u00fcn de co\u011frafyas\u0131d\u0131r, b\u00fct\u00fcn ya\u015fayan insanlar\u0131n co\u011frafyas\u0131d\u0131r. Ne kadar S\u00fcnni\u2019nin hakk\u0131 varsa, Alevi\u2019nin de bu topraklar \u00fczerinde o kadar hakk\u0131 oldu\u011fu inanc\u0131nday\u0131z. \u00c7o\u011funlu\u011fun T\u00fcrk olmas\u0131, K\u00fcrd\u00fcn haklar\u0131n\u0131 g\u00f6rmezden gelmemeyi gerektirir. Ayn\u0131 \u015fey, tersi durumda da ge\u00e7erlidir.&#8221;<\/b><\/em><\/p>\n<p><img decoding=\"async\" src=\"https:\/\/bihavadis.com\/wp-content\/uploads\/2026\/01\/mahmut-arikan-sac-orme-eylemine-saygi-duymak-gerek-1-n8tOik8I.jpg\"\/><\/p>\n<p><strong>&#8220;HERKES\u0130N T\u00dcRK\u0130YE&#8217;DE EYLEM HAKKI OLDU\u011eUNU D\u00dc\u015e\u00dcN\u00dcYORUM&#8221;<\/strong><\/p>\n<p><em><b>\u015eunu da hep s\u00f6yl\u00fcyorum: \u00c7o\u011funlu\u011fun yapt\u0131\u011f\u0131 milliyet\u00e7ilik olarak tan\u0131mlan\u0131rken, az\u0131nl\u0131\u011f\u0131n haklar\u0131n\u0131 savunmas\u0131 &#8216;b\u00f6l\u00fcc\u00fcl\u00fck&#8217; olarak tan\u0131mlan\u0131rsa, orada bir \u00e7\u0131kmaza gireriz. Hi\u00e7bir zaman \u00e7okluk, me\u015frulu\u011fun ve hakk\u0131n kar\u015f\u0131l\u0131\u011f\u0131 olamaz. Suriye\u2019de de hepimizin i\u00e7ini ac\u0131tan \u00e7ok s\u0131k\u0131nt\u0131l\u0131 bir s\u00fcre\u00e7 var. Bug\u00fcn son bir ay i\u00e7erisindeki geli\u015fmelere bakarak de\u011ferlendirme yaparsak eksik olur. B\u00fcy\u00fck resme bakt\u0131\u011f\u0131m\u0131zda, Esad\u2019\u0131n ilk g\u00fcnlerinden bu yana co\u011frafyan\u0131n dizayn edilmeye \u00e7al\u0131\u015f\u0131ld\u0131\u011f\u0131n\u0131 g\u00f6r\u00fcyoruz. O d\u00f6nem SDG&#8217;nin yan\u0131nda olan Amerika vard\u0131. Bir yap\u0131lanma s\u00f6z konusuydu. Sonra Amerika ne oldu da, ne g\u00f6r\u00fc\u015f\u00fcld\u00fc de, hangi kar\u015f\u0131l\u0131kl\u0131 anla\u015fmaya var\u0131ld\u0131 da SDG&#8217;den deste\u011fini \u00e7ekti? \u015eimdi orada bir bombalama durumu s\u00f6z konusu. Eylemler insanlar\u0131n en do\u011fal hakk\u0131d\u0131r. Sa\u00e7 \u00f6rme eylemi olur, ba\u015fka eylemler olur; bunlara sayg\u0131yla yakla\u015fmak gerekir. Herkesin T\u00fcrkiye&#8217;de eylem hakk\u0131 oldu\u011funu d\u00fc\u015f\u00fcn\u00fcyorum.&#8221;<\/b><\/em><\/p>\n","protected":false},"excerpt":{"rendered":"<p>Saadet Partisi Genel Ba\u015fkan\u0131 Mahmut Ar\u0131kan, Suriye ordusunun SDG\/YPG&#8217;ye y\u00f6nelik askeri operasyonlar\u0131 sonras\u0131 ba\u015flat\u0131lan sa\u00e7 \u00f6rme eylemini destekledi. Ar\u0131kan, &#8220;Eylemler insanlar\u0131n en do\u011fal hakk\u0131d\u0131r. Sa\u00e7 \u00f6rme eylemine sayg\u0131yla yakla\u015fmak gerekir&#8221; yorumunda bulundu.<\/p>\n","protected":false},"author":1,"featured_media":6369,"comment_status":"open","ping_status":"open","sticky":false,"template":"","format":"standard","meta":{"footnotes":""},"categories":[9,13],"tags":[1505,1504,1502,1503,517],"class_list":["post-6368","post","type-post","status-publish","format-standard","has-post-thumbnail","hentry","category-genel","category-son-dakika","tag-arikan","tag-cografya","tag-eylem","tag-hakki","tag-turk"],"_links":{"self":[{"href":"https:\/\/bihavadis.com\/index.php\/wp-json\/wp\/v2\/posts\/6368","targetHints":{"allow":["GET"]}}],"collection":[{"href":"https:\/\/bihavadis.com\/index.php\/wp-json\/wp\/v2\/posts"}],"about":[{"href":"https:\/\/bihavadis.com\/index.php\/wp-json\/wp\/v2\/types\/post"}],"author":[{"embeddable":true,"href":"https:\/\/bihavadis.com\/index.php\/wp-json\/wp\/v2\/users\/1"}],"replies":[{"embeddable":true,"href":"https:\/\/bihavadis.com\/index.php\/wp-json\/wp\/v2\/comments?post=6368"}],"version-history":[{"count":1,"href":"https:\/\/bihavadis.com\/index.php\/wp-json\/wp\/v2\/posts\/6368\/revisions"}],"predecessor-version":[{"id":6372,"href":"https:\/\/bihavadis.com\/index.php\/wp-json\/wp\/v2\/posts\/6368\/revisions\/6372"}],"wp:featuredmedia":[{"embeddable":true,"href":"https:\/\/bihavadis.com\/index.php\/wp-json\/wp\/v2\/media\/6369"}],"wp:attachment":[{"href":"https:\/\/bihavadis.com\/index.php\/wp-json\/wp\/v2\/media?parent=6368"}],"wp:term":[{"taxonomy":"category","embeddable":true,"href":"https:\/\/bihavadis.com\/index.php\/wp-json\/wp\/v2\/categories?post=6368"},{"taxonomy":"post_tag","embeddable":true,"href":"https:\/\/bihavadis.com\/index.php\/wp-json\/wp\/v2\/tags?post=6368"}],"curies":[{"name":"wp","href":"https:\/\/api.w.org\/{rel}","templated":true}]}}