{"id":63712,"date":"2026-03-07T02:36:07","date_gmt":"2026-03-07T02:36:07","guid":{"rendered":"https:\/\/bihavadis.com\/?p=63712"},"modified":"2026-03-07T02:36:07","modified_gmt":"2026-03-07T02:36:07","slug":"eskinazi-turkiye-avrupa-deger-zincirlerinin-vazgecilmez-bir-parcasi","status":"publish","type":"post","link":"https:\/\/bihavadis.com\/index.php\/2026\/03\/07\/eskinazi-turkiye-avrupa-deger-zincirlerinin-vazgecilmez-bir-parcasi\/","title":{"rendered":"Eskinazi: &#8220;T\u00fcrkiye Avrupa De\u011fer Zincirlerinin Vazge\u00e7ilmez Bir Par\u00e7as\u0131&#8221;"},"content":{"rendered":"<p>AB\u2019nin \u201cMade in EU\u201d tasla\u011f\u0131nda T\u00fcrkiye\u2019nin G\u00fcmr\u00fck Birli\u011fi \u00e7er\u00e7evesinde dikkate al\u0131nmas\u0131 ihracat\u00e7\u0131lar taraf\u0131ndan memnuniyetle kar\u015f\u0131land\u0131.<\/p>\n<p>Ege \u0130hracat\u00e7\u0131 Birlikleri Koordinat\u00f6r Ba\u015fkan\u0131 Jak Eskinazi, son d\u00f6nemde y\u00fcr\u00fct\u00fclen yap\u0131c\u0131 diyalo\u011fun somut sonu\u00e7lar vermesinden memnuniyet duyduklar\u0131n\u0131 ifade etti.<\/p>\n<p>Eskinazi, \u201cAvrupa Birli\u011fi ile son d\u00f6nemde ekonomik ve ticari alanlarda y\u00fcr\u00fct\u00fclen yo\u011fun ve yap\u0131c\u0131 diplomasi trafi\u011finin olumlu sonu\u00e7lar vermesinden memnuniyet duyuyoruz. AB\u2019nin haz\u0131rl\u0131klar\u0131n\u0131 s\u00fcrd\u00fcrd\u00fc\u011f\u00fc Sanayi H\u0131zland\u0131rma Yasas\u0131 ve \u2018Made in EU\u2019 politikas\u0131 \u00e7er\u00e7evesinde yay\u0131mlanan taslakta, T\u00fcrkiye ile mevcut G\u00fcmr\u00fck Birli\u011fi\u2019nin bu politika kapsam\u0131nda dikkate al\u0131nmas\u0131, iki taraf aras\u0131ndaki g\u00fc\u00e7l\u00fc ekonomik entegrasyonun ve kar\u015f\u0131l\u0131kl\u0131 g\u00fcvenin \u00f6nemli bir g\u00f6stergesidir.\u201d dedi.<\/p>\n<p>T\u00fcrkiye ile Avrupa Birli\u011fi aras\u0131nda y\u00fcr\u00fct\u00fclen isti\u015farelerin ticari ili\u015fkilerin s\u00fcrd\u00fcr\u00fclebilirli\u011fi a\u00e7\u0131s\u0131ndan \u00f6nemli oldu\u011funu vurgulayan Eskinazi, T\u00fcrkiye\u2019nin Avrupa de\u011fer zincirleri i\u00e7indeki rol\u00fcn\u00fcn de bu s\u00fcre\u00e7te bir kez daha teyit edildi\u011fini ifade etti.<\/p>\n<p>\u201cT\u00fcrkiye, uzun y\u0131llard\u0131r Avrupa sanayi ekosistemiyle entegre bir \u00fcretim yap\u0131s\u0131na sahiptir. Otomotivden makineye, tekstilden kimyaya kadar pek \u00e7ok sekt\u00f6rde Avrupa de\u011fer zincirlerinin \u00f6nemli ve g\u00fcvenilir bir par\u00e7as\u0131y\u0131z. Bu \u00e7er\u00e7evede at\u0131lan ad\u0131mlar\u0131n, T\u00fcrkiye ile Avrupa Birli\u011fi aras\u0131ndaki ekonomik i\u015f birli\u011finin daha da g\u00fc\u00e7lenmesine katk\u0131 sa\u011flayaca\u011f\u0131na inan\u0131yoruz.\u201d<\/p>\n<p>Ba\u015fkan Eskinazi, bu olumlu geli\u015fmede T\u00fcrkiye\u2019nin y\u00fcr\u00fctt\u00fc\u011f\u00fc aktif ticaret diplomasisinin \u00f6nemli bir pay\u0131 bulundu\u011funu belirterek Ticaret Bakanl\u0131\u011f\u0131\u2019n\u0131n s\u00fcrece sa\u011flad\u0131\u011f\u0131 katk\u0131ya \u00f6zel olarak dikkat \u00e7ekti.<\/p>\n<p>\u201cBu s\u00fcrecin ba\u015far\u0131yla y\u00fcr\u00fct\u00fclmesinde Ticaret Bakanl\u0131\u011f\u0131m\u0131z\u0131n kararl\u0131 ve etkin ticaret diplomasisinin b\u00fcy\u00fck rol\u00fc bulunmaktad\u0131r. Ticaret Bakan\u0131m\u0131z Say\u0131n Prof. Dr. \u00d6mer Bolat\u2019\u0131n Avrupa Birli\u011fi ile y\u00fcr\u00fct\u00fclen temaslarda ortaya koydu\u011fu yap\u0131c\u0131, \u00e7\u00f6z\u00fcm odakl\u0131 yakla\u015f\u0131m\u0131n bu olumlu sonucun ortaya \u00e7\u0131kmas\u0131na \u00f6nemli katk\u0131 sa\u011flad\u0131\u011f\u0131n\u0131 d\u00fc\u015f\u00fcn\u00fcyoruz. T\u00fcrk i\u015f d\u00fcnyas\u0131n\u0131n ve ihracat\u00e7\u0131lar\u0131m\u0131z\u0131n \u00e7\u0131karlar\u0131n\u0131 uluslararas\u0131 platformlarda g\u00fc\u00e7l\u00fc bir \u015fekilde savunan Ticaret Bakanl\u0131\u011f\u0131m\u0131za ve Say\u0131n Bakan\u0131m\u0131za ve ekibine \u015f\u00fckranlar\u0131m\u0131 sunuyorum.\u201d<\/p>\n<p>Eskinazi ayr\u0131ca, T\u00fcrkiye ile Avrupa Birli\u011fi aras\u0131ndaki ekonomik i\u015f birli\u011finin \u00f6n\u00fcm\u00fczdeki d\u00f6nemde daha da derinle\u015fmesi gerekti\u011fini vurgulayarak s\u00f6zlerini \u015f\u00f6yle tamamlad\u0131:<\/p>\n<p>\u201cT\u00fcrkiye ile Avrupa Birli\u011fi aras\u0131ndaki ekonomik ortakl\u0131\u011f\u0131n g\u00fc\u00e7lenmesi, de\u011fer zincirlerinin rekabet\u00e7ili\u011finin art\u0131r\u0131lmas\u0131 ve ye\u015fil ile dijital d\u00f6n\u00fc\u015f\u00fcm s\u00fcre\u00e7lerinin h\u0131zland\u0131r\u0131lmas\u0131 a\u00e7\u0131s\u0131ndan b\u00fcy\u00fck \u00f6nem ta\u015f\u0131yor. Bu s\u00fcre\u00e7te kamu ve \u00f6zel sekt\u00f6r\u00fcn g\u00fc\u00e7l\u00fc i\u015f birli\u011fiyle Avrupa ile ekonomik entegrasyonumuzu daha ileri bir seviyeye ta\u015f\u0131yaca\u011f\u0131m\u0131za inan\u0131yoruz.\u201d<\/p>\n<p>\u00a0<\/p>\n<p>\u00a0<\/p>\n<p>Kaynak: (BYZHA) Beyaz Haber Ajans\u0131<\/p>\n","protected":false},"excerpt":{"rendered":"<p>AB\u2019nin \u201cMade in EU\u201d tasla\u011f\u0131nda T\u00fcrkiye\u2019nin G\u00fcmr\u00fck Birli\u011fi \u00e7er\u00e7evesinde dikkate al\u0131nmas\u0131 ihracat\u00e7\u0131lar taraf\u0131ndan memnuniyetle kar\u015f\u0131land\u0131.<\/p>\n","protected":false},"author":1,"featured_media":63713,"comment_status":"open","ping_status":"open","sticky":false,"template":"","format":"standard","meta":{"footnotes":""},"categories":[8],"tags":[3046,1569,1191,406,197],"class_list":["post-63712","post","type-post","status-publish","format-standard","has-post-thumbnail","hentry","category-ekonomi","tag-avrupa-birligi","tag-ekonomik","tag-onemli","tag-ticaret","tag-turkiye"],"_links":{"self":[{"href":"https:\/\/bihavadis.com\/index.php\/wp-json\/wp\/v2\/posts\/63712","targetHints":{"allow":["GET"]}}],"collection":[{"href":"https:\/\/bihavadis.com\/index.php\/wp-json\/wp\/v2\/posts"}],"about":[{"href":"https:\/\/bihavadis.com\/index.php\/wp-json\/wp\/v2\/types\/post"}],"author":[{"embeddable":true,"href":"https:\/\/bihavadis.com\/index.php\/wp-json\/wp\/v2\/users\/1"}],"replies":[{"embeddable":true,"href":"https:\/\/bihavadis.com\/index.php\/wp-json\/wp\/v2\/comments?post=63712"}],"version-history":[{"count":1,"href":"https:\/\/bihavadis.com\/index.php\/wp-json\/wp\/v2\/posts\/63712\/revisions"}],"predecessor-version":[{"id":63714,"href":"https:\/\/bihavadis.com\/index.php\/wp-json\/wp\/v2\/posts\/63712\/revisions\/63714"}],"wp:featuredmedia":[{"embeddable":true,"href":"https:\/\/bihavadis.com\/index.php\/wp-json\/wp\/v2\/media\/63713"}],"wp:attachment":[{"href":"https:\/\/bihavadis.com\/index.php\/wp-json\/wp\/v2\/media?parent=63712"}],"wp:term":[{"taxonomy":"category","embeddable":true,"href":"https:\/\/bihavadis.com\/index.php\/wp-json\/wp\/v2\/categories?post=63712"},{"taxonomy":"post_tag","embeddable":true,"href":"https:\/\/bihavadis.com\/index.php\/wp-json\/wp\/v2\/tags?post=63712"}],"curies":[{"name":"wp","href":"https:\/\/api.w.org\/{rel}","templated":true}]}}