{"id":63753,"date":"2026-03-07T03:18:11","date_gmt":"2026-03-07T03:18:11","guid":{"rendered":"https:\/\/bihavadis.com\/?p=63753"},"modified":"2026-03-07T03:18:11","modified_gmt":"2026-03-07T03:18:11","slug":"sanliurfada-6-subat-depremlerinde-hayatini-kaybedenler-anildi","status":"publish","type":"post","link":"https:\/\/bihavadis.com\/index.php\/2026\/03\/07\/sanliurfada-6-subat-depremlerinde-hayatini-kaybedenler-anildi\/","title":{"rendered":"\u015eanl\u0131urfa&#8217;da 6 \u015eubat depremlerinde hayat\u0131n\u0131 kaybedenler an\u0131ld\u0131"},"content":{"rendered":"<p> \u015eanl\u0131urfa&#8217;da Kahramanmara\u015f merkezli 6 \u015eubat 2023&#8217;teki depremlerde hayat\u0131n\u0131 kaybedenler an\u0131ld\u0131.<\/p>\n<p>Rabia Meydan\u0131&#8217;nda d\u00fczenlenen etkinlikte konu\u015fan Vali Hasan \u015e\u0131ldak, bu zorlu s\u00fcrecin a\u015f\u0131lmas\u0131n\u0131 sa\u011flayan, \u00f6nderli\u011fiyle g\u00fc\u00e7lerine g\u00fc\u00e7 katan ba\u015fta Cumhurba\u015fkan\u0131 Recep Tayyip Erdo\u011fan olmak \u00fczere t\u00fcm bakanlara ve devlet b\u00fcy\u00fcklerine \u015f\u00fckranlar\u0131n\u0131 iletti.<\/p>\n<p>\u015e\u0131ldak, \u015f\u00f6yle konu\u015ftu: <\/p>\n<p>&#8220;Geldi\u011fimiz a\u015famada deprem afetinin yaralar\u0131n\u0131n sar\u0131ld\u0131\u011f\u0131n\u0131 ve geri kalan s\u00fcre\u00e7te de her t\u00fcrl\u00fc planlaman\u0131n yap\u0131larak eksikliklerin tamamlanmak \u00fczere oldu\u011funu memnuniyetle ifade etmek istiyorum. Bu s\u00fcre\u00e7te destekleriyle bize g\u00fc\u00e7 veren b\u00fct\u00fcn kurumlara, bu zorlu s\u00fcre\u00e7te g\u00f6rev alan t\u00fcm kadroya g\u00f6n\u00fclden te\u015fekk\u00fcr ediyorum. Allah bir daha b\u00f6yle ac\u0131lar ya\u015fatmas\u0131n. \u015eanl\u0131urfa&#8217;da ve di\u011fer illerde kaybetti\u011fimiz \u015fehitlerimizi rahmetle an\u0131yorum. Y\u00fcce Allah&#8217;tan her birine rahmet diliyorum. Ailelerine, yak\u0131nlar\u0131na ba\u015fsa\u011fl\u0131\u011f\u0131 diliyorum.&#8221;<\/p>\n<p>AK Parti \u015eanl\u0131urfa Milletvekili Cevahir Asuman Yazmac\u0131 da depremde hayat\u0131n\u0131 kaybedenlere Allah&#8217;tan rahmet, yak\u0131nlar\u0131na sab\u0131r temennisinde bulundu.<\/p>\n<p>Devlet olarak, AK Parti olarak Cumhurba\u015fkan\u0131 Erdo\u011fan&#8217;\u0131n liderli\u011finde depremin meydana geldi\u011fi andan itibaren sahada olduklar\u0131n\u0131 ifade eden Yazmac\u0131, &#8220;Bakanlar\u0131m\u0131z, valilerimiz, AFAD, K\u0131z\u0131lay ve di\u011fer t\u00fcm kamu kurumlar\u0131m\u0131zla ve halk\u0131m\u0131zla an\u0131nda sahaya \u00e7\u0131kt\u0131k. \u015eanl\u0131urfa, bu depremden en az etkilenen il oldu, 180 kayb\u0131m\u0131z var ama \u015eanl\u0131urfa ile birlikte t\u00fcm 11 ilimizde sahadayd\u0131k ve Allah&#8217;a \u015f\u00fck\u00fcrler olsun biz g\u00fc\u00e7l\u00fc liderin yol arkada\u015flar\u0131 olarak \u00fclkemizi ve 11 ilimizi 3. y\u0131l\u0131n sonunda ihya ettik, yeniden in\u015fa ettik.&#8221; diye konu\u015ftu.<\/p>\n<p>Konu\u015fmalar\u0131n ard\u0131ndan dua edildi, arma takma t\u00f6reni yap\u0131ld\u0131.<\/p>\n<p>Daha sonra Vali Hasan \u015e\u0131ldak ve protokol \u00fcyeleri, arama kurtarma ekipleri ile baz\u0131 kurumlara ait malzemelerin bulundu\u011fu stantlar\u0131 ve resim sergisini gezdi.<\/p>\n","protected":false},"excerpt":{"rendered":"<p>\u015eanl\u0131urfa&#8217;da Kahramanmara\u015f merkezli 6 \u015eubat 2023&#8217;teki depremlerde hayat\u0131n\u0131 kaybedenler an\u0131ld\u0131.<\/p>\n","protected":false},"author":1,"featured_media":63754,"comment_status":"open","ping_status":"open","sticky":false,"template":"","format":"standard","meta":{"footnotes":""},"categories":[9,4,13],"tags":[60,1957],"class_list":["post-63753","post","type-post","status-publish","format-standard","has-post-thumbnail","hentry","category-genel","category-gundem","category-son-dakika","tag-deprem","tag-sanliurfa"],"_links":{"self":[{"href":"https:\/\/bihavadis.com\/index.php\/wp-json\/wp\/v2\/posts\/63753","targetHints":{"allow":["GET"]}}],"collection":[{"href":"https:\/\/bihavadis.com\/index.php\/wp-json\/wp\/v2\/posts"}],"about":[{"href":"https:\/\/bihavadis.com\/index.php\/wp-json\/wp\/v2\/types\/post"}],"author":[{"embeddable":true,"href":"https:\/\/bihavadis.com\/index.php\/wp-json\/wp\/v2\/users\/1"}],"replies":[{"embeddable":true,"href":"https:\/\/bihavadis.com\/index.php\/wp-json\/wp\/v2\/comments?post=63753"}],"version-history":[{"count":1,"href":"https:\/\/bihavadis.com\/index.php\/wp-json\/wp\/v2\/posts\/63753\/revisions"}],"predecessor-version":[{"id":63755,"href":"https:\/\/bihavadis.com\/index.php\/wp-json\/wp\/v2\/posts\/63753\/revisions\/63755"}],"wp:featuredmedia":[{"embeddable":true,"href":"https:\/\/bihavadis.com\/index.php\/wp-json\/wp\/v2\/media\/63754"}],"wp:attachment":[{"href":"https:\/\/bihavadis.com\/index.php\/wp-json\/wp\/v2\/media?parent=63753"}],"wp:term":[{"taxonomy":"category","embeddable":true,"href":"https:\/\/bihavadis.com\/index.php\/wp-json\/wp\/v2\/categories?post=63753"},{"taxonomy":"post_tag","embeddable":true,"href":"https:\/\/bihavadis.com\/index.php\/wp-json\/wp\/v2\/tags?post=63753"}],"curies":[{"name":"wp","href":"https:\/\/api.w.org\/{rel}","templated":true}]}}