{"id":63763,"date":"2026-03-07T03:27:19","date_gmt":"2026-03-07T03:27:19","guid":{"rendered":"https:\/\/bihavadis.com\/?p=63763"},"modified":"2026-03-07T03:27:19","modified_gmt":"2026-03-07T03:27:19","slug":"hizanda-bayrak-temali-etkinlik","status":"publish","type":"post","link":"https:\/\/bihavadis.com\/index.php\/2026\/03\/07\/hizanda-bayrak-temali-etkinlik\/","title":{"rendered":"Hizan&#8217;da Bayrak Temal\u0131 Etkinlik"},"content":{"rendered":"<p> Bitlis&#8217;in Hizan il\u00e7esindeki Merkez Ortaokulunda bayrak temal\u0131 etkinlik d\u00fczenlendi.<\/p>\n<p>Okul bah\u00e7esinde ger\u00e7ekle\u015ftirilen etkinlik sayg\u0131 duru\u015funda bulunulmas\u0131yla ba\u015flad\u0131.<\/p>\n<p>Okulun T\u00fcrk\u00e7e \u00f6\u011fretmeni \u0130zzet Korkmaz etkinlikle ilgili yapt\u0131\u011f\u0131 konu\u015fmada bayra\u011f\u0131n ve milli de\u011ferlerin \u00f6nemini vurgulad\u0131.<\/p>\n<p>Konu\u015fman\u0131n ard\u0131ndan il\u00e7e genelinde yap\u0131lan \u0130stiklal Mar\u015f\u0131&#8217;n\u0131 G\u00fczel Okuma Yar\u0131\u015fmas\u0131&#8217;nda birinci olan be\u015finci s\u0131n\u0131f \u00f6\u011frencisi Deniz Aylin \u00d6zcan, \u0130stiklal Mar\u015f\u0131&#8217;n\u0131 seslendirdi.<\/p>\n<p>Etkinli\u011fe kat\u0131lan \u00f6\u011frenciler de ellerindeki bayraklarla g\u00f6steri yapt\u0131.<\/p>\n<p>Programa \u0130l\u00e7e Milli E\u011fitim M\u00fcd\u00fcr\u00fc Mehmet Cemil Tarhan, \u0130l\u00e7e Milli E\u011fitim \u015eube M\u00fcd\u00fcr\u00fc \u0130smail Odaba\u015f\u0131, \u00f6\u011fretmenler ve \u00f6\u011frenciler kat\u0131ld\u0131.<\/p>\n","protected":false},"excerpt":{"rendered":"<p>Merkez Ortaokulu&#8217;nda bayrak etkinli\u011fi d\u00fczenlendi, \u0130stiklal Mar\u015f\u0131 okundu ve \u00f6\u011frenciler g\u00f6steri yapt\u0131.<\/p>\n","protected":false},"author":1,"featured_media":63764,"comment_status":"open","ping_status":"open","sticky":false,"template":"","format":"standard","meta":{"footnotes":""},"categories":[9,4,13],"tags":[],"class_list":["post-63763","post","type-post","status-publish","format-standard","has-post-thumbnail","hentry","category-genel","category-gundem","category-son-dakika"],"_links":{"self":[{"href":"https:\/\/bihavadis.com\/index.php\/wp-json\/wp\/v2\/posts\/63763","targetHints":{"allow":["GET"]}}],"collection":[{"href":"https:\/\/bihavadis.com\/index.php\/wp-json\/wp\/v2\/posts"}],"about":[{"href":"https:\/\/bihavadis.com\/index.php\/wp-json\/wp\/v2\/types\/post"}],"author":[{"embeddable":true,"href":"https:\/\/bihavadis.com\/index.php\/wp-json\/wp\/v2\/users\/1"}],"replies":[{"embeddable":true,"href":"https:\/\/bihavadis.com\/index.php\/wp-json\/wp\/v2\/comments?post=63763"}],"version-history":[{"count":1,"href":"https:\/\/bihavadis.com\/index.php\/wp-json\/wp\/v2\/posts\/63763\/revisions"}],"predecessor-version":[{"id":63765,"href":"https:\/\/bihavadis.com\/index.php\/wp-json\/wp\/v2\/posts\/63763\/revisions\/63765"}],"wp:featuredmedia":[{"embeddable":true,"href":"https:\/\/bihavadis.com\/index.php\/wp-json\/wp\/v2\/media\/63764"}],"wp:attachment":[{"href":"https:\/\/bihavadis.com\/index.php\/wp-json\/wp\/v2\/media?parent=63763"}],"wp:term":[{"taxonomy":"category","embeddable":true,"href":"https:\/\/bihavadis.com\/index.php\/wp-json\/wp\/v2\/categories?post=63763"},{"taxonomy":"post_tag","embeddable":true,"href":"https:\/\/bihavadis.com\/index.php\/wp-json\/wp\/v2\/tags?post=63763"}],"curies":[{"name":"wp","href":"https:\/\/api.w.org\/{rel}","templated":true}]}}