{"id":63781,"date":"2026-03-07T03:42:09","date_gmt":"2026-03-07T03:42:09","guid":{"rendered":"https:\/\/bihavadis.com\/?p=63781"},"modified":"2026-03-07T03:42:09","modified_gmt":"2026-03-07T03:42:09","slug":"cagri-hakan-balta-fenerbahce-yolunda-esyalarini-topladi","status":"publish","type":"post","link":"https:\/\/bihavadis.com\/index.php\/2026\/03\/07\/cagri-hakan-balta-fenerbahce-yolunda-esyalarini-topladi\/","title":{"rendered":"\u00c7a\u011fr\u0131 Hakan Balta, Fenerbah\u00e7e yolunda: E\u015fyalar\u0131n\u0131 toplad\u0131&#8230;"},"content":{"rendered":"<p>Galatasaray altyap\u0131s\u0131nda yeti\u015fen ve kul\u00fcb\u00fcn efsane isimlerinden Hakan Balta&#8217;n\u0131n o\u011flu olan Hakan \u00c7a\u011fr\u0131 Balta, kariyeri i\u00e7in ses getirecek bir ad\u0131m atmaya haz\u0131rlan\u0131yor.<\/p>\n<p>17 ya\u015f\u0131ndaki gen\u00e7 futbolcu, Galatasaray&#8217;dan gelen s\u00f6zle\u015fme teklifini kabul etmedi ve tak\u0131mdan ayr\u0131lma karar\u0131 alm\u0131\u015ft\u0131.<\/p>\n<p>Ya\u015fananlar\u0131n ard\u0131ndan Galatasaray cephesi ile Balta aras\u0131nda anla\u015fma sa\u011flanamad\u0131 ve gen\u00e7 oyuncu gelece\u011fiyle ilgili karar\u0131n\u0131 verdi.<\/p>\n<p><strong>FLORYA&#8217;DAK\u0130 E\u015eYALARINI TOPLADI: FENERBAH\u00c7E&#8217;YE G\u0130D\u0130YOR<\/strong><\/p>\n<p>HT Spor&#8217;un haberine g\u00f6re; Fenerbah\u00e7e ile anla\u015fan 17 ya\u015f\u0131ndaki gen\u00e7 futbolcu, Florya&#8217;dan cumartesi g\u00fcn\u00fc t\u00fcm e\u015fyalar\u0131n\u0131 alarak ayr\u0131ld\u0131.<\/p>\n<p>Haberin devam\u0131nda, gen\u00e7 y\u0131ld\u0131z aday\u0131n\u0131n, may\u0131s ay\u0131nda 18 ya\u015f\u0131na girece\u011fi ve sar\u0131-lacivertlilerle s\u00f6zle\u015fme imzalayaca\u011f\u0131 ifade edildi.<\/p>\n<p>Fenerbah\u00e7e&#8217;nin, ezeli rakibi Galatasaray&#8217;a 3-4 milyon TL&#8217;lik bir yeti\u015ftirme bedeli ve sonraki transferden y\u00fczde 10 pay \u00f6deyece\u011fi aktar\u0131ld\u0131.<\/p>\n<p>Galatasaray&#8217;\u0131n U19 tak\u0131m\u0131nda bu sezon 21 ma\u00e7ta boy g\u00f6steren \u00c7a\u011fr\u0131 Balta, 6 kez fileleri sarsma ba\u015far\u0131s\u0131 g\u00f6sterdi.<\/p>\n<p><img decoding=\"async\" src=\"https:\/\/bihavadis.com\/wp-content\/uploads\/2026\/03\/cagri-hakan-balta-fenerbahce-yolunda-esyalarini-topladi-0-IuUwv4v1.jpg\"\/><\/p>\n<p><strong>GE\u00c7EN SEZON GOL KRALI OLDU<\/strong><\/p>\n<p>Ge\u00e7ti\u011fimiz sezon U19 Ligi&#8217;nde att\u0131\u011f\u0131 22 golle gol kral\u0131 olan ve performans\u0131yla dikkat \u00e7eken gen\u00e7 forvet, bu sezon da 21 ma\u00e7ta 5 gol kaydetti.<\/p>\n<p>\u00c7a\u011fr\u0131 Balta&#8217;n\u0131n T\u00fcrkiye Kupas\u0131&#8217;nda Fethiyespor ile oynanan ma\u00e7ta kadroya al\u0131nmamas\u0131 da dikkat \u00e7ekmi\u015fti.<\/p>\n<p><img decoding=\"async\" src=\"https:\/\/bihavadis.com\/wp-content\/uploads\/2026\/03\/cagri-hakan-balta-fenerbahce-yolunda-esyalarini-topladi-1-X6CEunFH.jpg\"\/><\/p>\n<p><strong>DURSUN \u00d6ZBEK KONU\u015eMAK \u0130STEMEM\u0130\u015eT\u0130<\/strong><\/p>\n<p>Ge\u00e7ti\u011fimiz g\u00fcnlerde \u00c7a\u011fr\u0131 Balta hakk\u0131nda gelen soruya yan\u0131t veren Galatasaray Ba\u015fkan\u0131 Dursun \u00d6zbek, <b><em>&#8220;Bu konuyla ilgili a\u00e7\u0131klamalar\u0131m\u0131z\u0131 yapt\u0131k. Dolay\u0131s\u0131yla bu a\u00e7\u0131klamalar \u00e7er\u00e7evesinde sabit duruyoruz. Onun d\u0131\u015f\u0131nda s\u00f6ylemek istedi\u011fim ba\u015fka bir \u015fey yok. Hakan Balta bizim \u00f6nemli oyuncumuzdu. Kaptanl\u0131\u011f\u0131m\u0131z\u0131 yapm\u0131\u015f birisi. O\u011flu bizim oyuncumuz. Yapm\u0131\u015f oldu\u011fumuz a\u00e7\u0131klama yeterlidir diye d\u00fc\u015f\u00fcn\u00fcyorum.\u201d<\/em><\/b> demi\u015fti.<\/p>\n<p><img decoding=\"async\" src=\"https:\/\/bihavadis.com\/wp-content\/uploads\/2026\/03\/cagri-hakan-balta-fenerbahce-yolunda-esyalarini-topladi-2-CgByaINy.jpg\"\/><\/p>\n<p><strong>MUSTAFA KAPI, BARTU\u011e ELMAZ, YUSUF AK\u00c7\u0130\u00c7EK&#8230;<\/strong><\/p>\n<p>\u00d6te yandan Hakan \u00c7a\u011fr\u0131 Balta krizinde ya\u015fanan durum, ak\u0131llara \u00f6nceki y\u0131llarda ortaya \u00e7\u0131kan benzer olaylar\u0131 getirdi.<\/p>\n<p>Ge\u00e7ti\u011fimiz y\u0131llarda altyap\u0131s\u0131ndan yeti\u015ftirdi\u011fi Mustafa Kap\u0131, Bartu\u011f Elmaz, Yusuf Ak\u00e7i\u00e7ek, Hamza Akman ve Efe Akman gibi gen\u00e7 futbolcular\u0131n\u0131 elinde tutamayan sar\u0131-k\u0131rm\u0131z\u0131l\u0131lar, \u00c7a\u011fr\u0131 Balta&#8217;yla da vedala\u015facak gibi duruyor&#8230;<\/p>\n<div> <span><strong>Kaynak:<\/strong> Ensonhaber Haber Merkezi<\/span> <\/div>\n","protected":false},"excerpt":{"rendered":"<p>Galatasaray altyap\u0131s\u0131nda yeti\u015fen ve kul\u00fcb\u00fcn efsane isimlerinden Hakan Balta&#8217;n\u0131n o\u011flu olan Hakan \u00c7a\u011fr\u0131 Balta, kariyeri i\u00e7in ses getirecek bir ad\u0131m atmaya haz\u0131rlan\u0131yor. 17 ya\u015f\u0131ndaki gen\u00e7 futbolcu, Galatasaray&#8217;dan gelen s\u00f6zle\u015fme teklifini kabul etmedi &#8230;<\/p>\n","protected":false},"author":1,"featured_media":63782,"comment_status":"open","ping_status":"open","sticky":false,"template":"","format":"standard","meta":{"footnotes":""},"categories":[14],"tags":[7389,496,340],"class_list":["post-63781","post","type-post","status-publish","format-standard","has-post-thumbnail","hentry","category-spor","tag-cagri-balta","tag-galatasaray","tag-genc"],"_links":{"self":[{"href":"https:\/\/bihavadis.com\/index.php\/wp-json\/wp\/v2\/posts\/63781","targetHints":{"allow":["GET"]}}],"collection":[{"href":"https:\/\/bihavadis.com\/index.php\/wp-json\/wp\/v2\/posts"}],"about":[{"href":"https:\/\/bihavadis.com\/index.php\/wp-json\/wp\/v2\/types\/post"}],"author":[{"embeddable":true,"href":"https:\/\/bihavadis.com\/index.php\/wp-json\/wp\/v2\/users\/1"}],"replies":[{"embeddable":true,"href":"https:\/\/bihavadis.com\/index.php\/wp-json\/wp\/v2\/comments?post=63781"}],"version-history":[{"count":1,"href":"https:\/\/bihavadis.com\/index.php\/wp-json\/wp\/v2\/posts\/63781\/revisions"}],"predecessor-version":[{"id":63786,"href":"https:\/\/bihavadis.com\/index.php\/wp-json\/wp\/v2\/posts\/63781\/revisions\/63786"}],"wp:featuredmedia":[{"embeddable":true,"href":"https:\/\/bihavadis.com\/index.php\/wp-json\/wp\/v2\/media\/63782"}],"wp:attachment":[{"href":"https:\/\/bihavadis.com\/index.php\/wp-json\/wp\/v2\/media?parent=63781"}],"wp:term":[{"taxonomy":"category","embeddable":true,"href":"https:\/\/bihavadis.com\/index.php\/wp-json\/wp\/v2\/categories?post=63781"},{"taxonomy":"post_tag","embeddable":true,"href":"https:\/\/bihavadis.com\/index.php\/wp-json\/wp\/v2\/tags?post=63781"}],"curies":[{"name":"wp","href":"https:\/\/api.w.org\/{rel}","templated":true}]}}