{"id":63814,"date":"2026-03-07T04:03:07","date_gmt":"2026-03-07T04:03:07","guid":{"rendered":"https:\/\/bihavadis.com\/?p=63814"},"modified":"2026-03-07T04:03:07","modified_gmt":"2026-03-07T04:03:07","slug":"fuat-oktay-afet-yonetimi-icin-afada-daha-fazla-ihtiyac-var","status":"publish","type":"post","link":"https:\/\/bihavadis.com\/index.php\/2026\/03\/07\/fuat-oktay-afet-yonetimi-icin-afada-daha-fazla-ihtiyac-var\/","title":{"rendered":"Fuat Oktay: Afet Y\u00f6netimi \u0130\u00e7in AFAD&#8217;a Daha Fazla \u0130htiya\u00e7 Var"},"content":{"rendered":"<p>TBMM D\u0131\u015fi\u015fleri Komisyonu Ba\u015fkan\u0131 Fuat Oktay, &#8220;Son d\u00f6nemde teknolojik afetlerle birlikte insan kaynakl\u0131 afetlerde; gerek g\u00f6\u00e7lerle gerek sava\u015flarla, \u00e7at\u0131\u015fmalarla olu\u015fan, belirsizliklerle olu\u015fan afetler de dahil olmak \u00fczere afetlerin boyutu da \u00e7e\u015fitlili\u011fi de \u00e7ok artm\u0131\u015f durumda. Dolay\u0131s\u0131yla b\u00f6yle bir ortamda AFAD&#8217;a ve AFAD benzeri kurumlara olan ihtiya\u00e7 d\u00fcnden, d\u00fcnk\u00fcnden \u00e7ok daha fazla&#8221; dedi.<\/p>\n<p>TBMM D\u0131\u015fi\u015fleri Komisyonu Ba\u015fkan\u0131 ve Ankara Milletvekili Fuat Oktay, Kahramanmara\u015f merkezli 6 \u015eubat depremlerinin 3&#8217;\u00fcnc\u00fc y\u0131l d\u00f6n\u00fcm\u00fc dolay\u0131s\u0131yla AFAD Ba\u015fkanl\u0131\u011f\u0131 Afet Y\u00f6netim Merkezi&#8217;ni ziyaret etti. Ziyaret sonras\u0131 a\u00e7\u0131klama yapan Oktay, afetin, hayat\u0131n bir ger\u00e7e\u011fi; depremlerin de T\u00fcrkiye&#8217;nin bir ger\u00e7e\u011fi oldu\u011funu belirterek, &#8220;Son d\u00f6nemde teknolojik afetlerle birlikte insan kaynakl\u0131 afetlerde; gerek g\u00f6\u00e7lerle gerek sava\u015flarla, \u00e7at\u0131\u015fmalarla olu\u015fan, belirsizliklerle olu\u015fan afetler de dahil olmak \u00fczere afetlerin boyutu da\u00e7e\u015fitlili\u011fi de \u00e7ok artm\u0131\u015f durumda. Dolay\u0131s\u0131yla b\u00f6yle bir ortamda AFAD&#8217;a ve AFAD benzeri kurumlara olan ihtiya\u00e7 d\u00fcnden, d\u00fcnk\u00fcnden \u00e7ok daha fazla. Dolay\u0131s\u0131yla asl\u0131nda AFAD demek, afete haz\u0131rl\u0131k demektir. Nas\u0131l ki T\u00fcrkiye \u00fclke olarak bir\u00e7ok konuda takip ediliyor; AFAD da o anlamda takip edilen ve gurur duyulan, bizim \u00fclkemiz olarak gurur duydu\u011fumuz ama d\u00fcnyada da bir o kadar izlenen bir kurumumuz&#8221; ifadelerini kulland\u0131.<\/p>\n<p>&#8216;T\u00dcRK\u0130YE DI\u015eINDA B\u0130R \u00dcLKE BUNUN ALTINDAN KALKAMAZ&#8217;<\/p>\n<p>Fuat Oktay, Kahramanmara\u015f merkezli 6 \u015eubat depremlerinin 11 ili do\u011frudan ve 18 ili de dolayl\u0131 yoldan etkileyen bir deprem oldu\u011funu s\u00f6yleyerek, &#8220;Yani bu kadar b\u00fcy\u00fck depremi ayn\u0131 g\u00fcn ya\u015fayan, bu kadar b\u00fcy\u00fck \u00f6l\u00e7ekli alanda etkilenen b\u00f6yle bir afetin alt\u0131ndan T\u00fcrkiye&#8217;nin d\u0131\u015f\u0131nda hi\u00e7bir \u00fclkenin bu kadar h\u0131zl\u0131 \u015fekilde kalkmas\u0131 m\u00fcmk\u00fcn de\u011fildir. O g\u00fcn yine cumhurba\u015fkan\u0131 yard\u0131mc\u0131s\u0131 olarak biz buradayd\u0131k ve 3 bakan\u0131m\u0131z da yine buradayd\u0131. Dolay\u0131s\u0131yla T\u00fcrkiye&#8217;nin yapm\u0131\u015f oldu\u011fu bu muhte\u015fem i\u015flerle bir b\u00fct\u00fcn olarak gurur duymal\u0131y\u0131z. Bu siyaset konusu de\u011fil. Bu, \u00fczerinde farkl\u0131 arg\u00fcmanlar olu\u015fturulacak bir alan de\u011fil. Bu, vatanda\u015f\u0131m\u0131z\u0131n \u00f6l\u00fcm kal\u0131m meselesi. Dolay\u0131s\u0131yla bu yap\u0131lan \u00e7al\u0131\u015fmalardan her birimizin, her bir T\u00fcrkiye Cumhuriyeti vatanda\u015f\u0131n\u0131n oldu\u011fu gibi siyaset\u00e7ilerimizin de gurur duymas\u0131 ve ilgili kurumlar\u0131m\u0131z\u0131 y\u00fcrekten tebrik ediyor olmalar\u0131 \u00f6nemli&#8221; diye konu\u015ftu. <\/p>\n","protected":false},"excerpt":{"rendered":"<p>Oktay, son d\u00f6nemde artan afetlerin \u00f6nemine dikkat \u00e7ekerek AFAD&#8217;a olan ihtiyac\u0131n artt\u0131\u011f\u0131n\u0131 belirtti.<\/p>\n","protected":false},"author":1,"featured_media":63815,"comment_status":"open","ping_status":"open","sticky":false,"template":"","format":"standard","meta":{"footnotes":""},"categories":[8],"tags":[2544,987,60,7390,197],"class_list":["post-63814","post","type-post","status-publish","format-standard","has-post-thumbnail","hentry","category-ekonomi","tag-afad","tag-afetler","tag-deprem","tag-dolayisiyla","tag-turkiye"],"_links":{"self":[{"href":"https:\/\/bihavadis.com\/index.php\/wp-json\/wp\/v2\/posts\/63814","targetHints":{"allow":["GET"]}}],"collection":[{"href":"https:\/\/bihavadis.com\/index.php\/wp-json\/wp\/v2\/posts"}],"about":[{"href":"https:\/\/bihavadis.com\/index.php\/wp-json\/wp\/v2\/types\/post"}],"author":[{"embeddable":true,"href":"https:\/\/bihavadis.com\/index.php\/wp-json\/wp\/v2\/users\/1"}],"replies":[{"embeddable":true,"href":"https:\/\/bihavadis.com\/index.php\/wp-json\/wp\/v2\/comments?post=63814"}],"version-history":[{"count":1,"href":"https:\/\/bihavadis.com\/index.php\/wp-json\/wp\/v2\/posts\/63814\/revisions"}],"predecessor-version":[{"id":63816,"href":"https:\/\/bihavadis.com\/index.php\/wp-json\/wp\/v2\/posts\/63814\/revisions\/63816"}],"wp:featuredmedia":[{"embeddable":true,"href":"https:\/\/bihavadis.com\/index.php\/wp-json\/wp\/v2\/media\/63815"}],"wp:attachment":[{"href":"https:\/\/bihavadis.com\/index.php\/wp-json\/wp\/v2\/media?parent=63814"}],"wp:term":[{"taxonomy":"category","embeddable":true,"href":"https:\/\/bihavadis.com\/index.php\/wp-json\/wp\/v2\/categories?post=63814"},{"taxonomy":"post_tag","embeddable":true,"href":"https:\/\/bihavadis.com\/index.php\/wp-json\/wp\/v2\/tags?post=63814"}],"curies":[{"name":"wp","href":"https:\/\/api.w.org\/{rel}","templated":true}]}}