{"id":63879,"date":"2026-03-07T04:57:14","date_gmt":"2026-03-07T04:57:14","guid":{"rendered":"https:\/\/bihavadis.com\/?p=63879"},"modified":"2026-03-07T04:57:14","modified_gmt":"2026-03-07T04:57:14","slug":"kizilaydan-sehzadelerde-iftar-destegi","status":"publish","type":"post","link":"https:\/\/bihavadis.com\/index.php\/2026\/03\/07\/kizilaydan-sehzadelerde-iftar-destegi\/","title":{"rendered":"K\u0131z\u0131lay&#8217;dan \u015eehzadeler&#8217;de \u0130ftar Deste\u011fi"},"content":{"rendered":"<p>T\u00fcrk K\u0131z\u0131lay, Manisa&#8217;n\u0131n \u015eehzadeler il\u00e7esinde ihtiya\u00e7 sahibi 200 aileye iftar yeme\u011fi verecek.<\/p>\n<p>\u015eehzadeler Kaymakam\u0131 Fatih Genel ile T\u00fcrk K\u0131z\u0131lay Manisa \u015eube Ba\u015fkan\u0131 \u00d6ner G\u00fcrsel, ailelere iftar yeme\u011fi verilmesi amac\u0131yla protokol imzalad\u0131.<\/p>\n<p>Protokol kapsam\u0131nda T\u00fcrk K\u0131z\u0131lay taraf\u0131ndan temin edilen s\u0131cak iftar yemekleri, \u015eehzadeler Kaymakaml\u0131\u011f\u0131na ait ara\u00e7larla, T\u00fcrk K\u0131z\u0131lay ekipleri ve g\u00f6n\u00fcll\u00fclerin deste\u011fiyle 200 aileye teslim edilecek.<\/p>\n<p>Kaymakam Fatih Genel, ramazan\u0131n payla\u015fma ve dayan\u0131\u015fma ay\u0131 oldu\u011funu s\u00f6yledi.<\/p>\n<p>G\u00fcrsel de ramazan ay\u0131nda iyilik hareketini daha da yayg\u0131nla\u015ft\u0131rd\u0131klar\u0131n\u0131, hay\u0131rseverlerden al\u0131nan emanetleri ger\u00e7ek sahiplerine ula\u015ft\u0131rmay\u0131 temel bir sorumluluk olarak g\u00f6rd\u00fcklerini ifade etti.<\/p>\n<p>G\u00fcrsel, ayr\u0131ca \u015eehzadeler il\u00e7esindeki Sultan Camisi \u00f6n\u00fcnde ve Yunusemre il\u00e7esindeki Lale Meydan\u0131 yan\u0131nda kurulan \u00e7ad\u0131rlarda her g\u00fcn 600 ki\u015filik iftar yeme\u011fi verilece\u011fini kaydetti.<\/p>\n","protected":false},"excerpt":{"rendered":"<p>T\u00fcrk K\u0131z\u0131lay, Manisa&#8217;n\u0131n \u015eehzadeler il\u00e7esinde 200 aileye iftar yeme\u011fi verecek.<\/p>\n","protected":false},"author":1,"featured_media":63880,"comment_status":"open","ping_status":"open","sticky":false,"template":"","format":"standard","meta":{"footnotes":""},"categories":[9,4,13],"tags":[],"class_list":["post-63879","post","type-post","status-publish","format-standard","has-post-thumbnail","hentry","category-genel","category-gundem","category-son-dakika"],"_links":{"self":[{"href":"https:\/\/bihavadis.com\/index.php\/wp-json\/wp\/v2\/posts\/63879","targetHints":{"allow":["GET"]}}],"collection":[{"href":"https:\/\/bihavadis.com\/index.php\/wp-json\/wp\/v2\/posts"}],"about":[{"href":"https:\/\/bihavadis.com\/index.php\/wp-json\/wp\/v2\/types\/post"}],"author":[{"embeddable":true,"href":"https:\/\/bihavadis.com\/index.php\/wp-json\/wp\/v2\/users\/1"}],"replies":[{"embeddable":true,"href":"https:\/\/bihavadis.com\/index.php\/wp-json\/wp\/v2\/comments?post=63879"}],"version-history":[{"count":1,"href":"https:\/\/bihavadis.com\/index.php\/wp-json\/wp\/v2\/posts\/63879\/revisions"}],"predecessor-version":[{"id":63881,"href":"https:\/\/bihavadis.com\/index.php\/wp-json\/wp\/v2\/posts\/63879\/revisions\/63881"}],"wp:featuredmedia":[{"embeddable":true,"href":"https:\/\/bihavadis.com\/index.php\/wp-json\/wp\/v2\/media\/63880"}],"wp:attachment":[{"href":"https:\/\/bihavadis.com\/index.php\/wp-json\/wp\/v2\/media?parent=63879"}],"wp:term":[{"taxonomy":"category","embeddable":true,"href":"https:\/\/bihavadis.com\/index.php\/wp-json\/wp\/v2\/categories?post=63879"},{"taxonomy":"post_tag","embeddable":true,"href":"https:\/\/bihavadis.com\/index.php\/wp-json\/wp\/v2\/tags?post=63879"}],"curies":[{"name":"wp","href":"https:\/\/api.w.org\/{rel}","templated":true}]}}