{"id":63882,"date":"2026-03-07T05:00:08","date_gmt":"2026-03-07T05:00:08","guid":{"rendered":"https:\/\/bihavadis.com\/?p=63882"},"modified":"2026-03-07T05:00:08","modified_gmt":"2026-03-07T05:00:08","slug":"konyada-dunya-yetimler-gununde-kardeslik-iftari-duzenlendi-baskan-altay-birbirimize-sahip-ciktikca-gucluyuz","status":"publish","type":"post","link":"https:\/\/bihavadis.com\/index.php\/2026\/03\/07\/konyada-dunya-yetimler-gununde-kardeslik-iftari-duzenlendi-baskan-altay-birbirimize-sahip-ciktikca-gucluyuz\/","title":{"rendered":"Konya&#8217;da D\u00fcnya Yetimler G\u00fcn\u00fc&#8217;nde Karde\u015flik \u0130ftar\u0131 D\u00fczenlendi Ba\u015fkan Altay: &#8220;Birbirimize Sahip \u00c7\u0131kt\u0131k\u00e7a G\u00fc\u00e7l\u00fcy\u00fcz&#8221;"},"content":{"rendered":"<p><strong>Konya Valili\u011fi, Konya B\u00fcy\u00fck\u015fehir Belediyesi ile Meram, Karatay ve Sel\u00e7uklu belediyeleri ortakl\u0131\u011f\u0131yla D\u00fcnya Yetimler G\u00fcn\u00fc vesilesiyle d\u00fczenlenen programda Konya\u2019daki yetim \u00e7ocuklar iftar sofras\u0131nda bulu\u015ftu. Programa kat\u0131lan Konya B\u00fcy\u00fck\u015fehir Belediye Ba\u015fkan\u0131 U\u011fur \u0130brahim Altay, \u201c\u015eunu bilmenizi isterim ki aya\u011f\u0131n\u0131za tak\u0131lan her ta\u015fta, omzunuzdaki her y\u00fckte yan\u0131n\u0131zda olmak i\u00e7in buraday\u0131z. Konya sizin evinizdir. Sizler bize emanetsiniz ve bizim kap\u0131m\u0131z sizlere her daim a\u00e7\u0131kt\u0131r. Bizler hep birlikte bir aileyiz. Birbirimize sahip \u00e7\u0131kt\u0131k\u00e7a g\u00fc\u00e7l\u00fcy\u00fcz. \u0130yi ki vars\u0131n\u0131z\u201d dedi. Konya Valisi \u0130brahim Ak\u0131n, Konya&#8217;n\u0131n Mevlana&#8217;n\u0131n \u00f6\u011fretileriyle insan\u0131 kucaklayan, vak\u0131f k\u00fclt\u00fcr\u00fcyle yetimin ba\u015f\u0131n\u0131 ok\u015fayan bir medeniyetin ta\u015f\u0131y\u0131c\u0131s\u0131 olan kadim bir ba\u015f\u015fehir oldu\u011funu s\u00f6yledi.<\/strong><\/p>\n<hr\/>\n<p>Konya Valili\u011fi, Konya B\u00fcy\u00fck\u015fehir Belediyesi ile Meram, Karatay ve Sel\u00e7uklu belediyeleri taraf\u0131ndan D\u00fcnya Yetimler G\u00fcn\u00fc vesilesiyle yetim \u00e7ocuklar i\u00e7in Karde\u015flik \u0130ftar\u0131 d\u00fczenlendi.<\/p>\n<p>Sel\u00e7uklu Kongre Merkezi\u2019nde d\u00fczenlenen iftar program\u0131nda konu\u015fan Konya B\u00fcy\u00fck\u015fehir Beediye Ba\u015fkan\u0131 U\u011fur \u0130brahim Altay, bu anlaml\u0131 bulu\u015fman\u0131n birlik ve g\u00f6n\u00fcl ikliminde ger\u00e7ekle\u015fmesini \u00e7ok de\u011ferli buldu\u011funu ifade etti.<\/p>\n<p><strong>\u201cBU \u015eEH\u0130R EMANETE SAH\u0130P \u00c7IKMAYI VAZ\u0130FE B\u0130LEN B\u0130R \u015eEH\u0130RD\u0130R\u201d<\/strong><\/p>\n<p>Konya\u2019n\u0131n tarih boyunca bir g\u00f6n\u00fcl \u015fehri oldu\u011funu vurgulayan Ba\u015fkan Altay, \u201cBu \u015fehir, kap\u0131s\u0131n\u0131 \u00e7alana evini a\u00e7an, ihtiya\u00e7 sahibini g\u00f6zeten, emanete sahip \u00e7\u0131kmay\u0131 vazife bilen bir \u015fehirdir. Bu \u015fehir, bir \u00e7ocu\u011fun kalbine dokunman\u0131n, bir toplumu aya\u011fa kald\u0131rmak oldu\u011funun bilincindedir. \u0130slam medeniyetinde de yaln\u0131z kalm\u0131\u015f bir \u00e7ocu\u011fa sahip \u00e7\u0131kmak sosyal bir sorumluluk oldu\u011fu kadar imani bir y\u00fck\u00fcml\u00fcl\u00fckt\u00fcr. Peygamber Efendimizin daha d\u00fcnyaya gelmeden babas\u0131n\u0131 kaybetmi\u015f olmas\u0131 da bize bu konuda derin bir hikmeti hat\u0131rlat\u0131r. O, hayat\u0131 boyunca sahipsiz b\u0131rak\u0131lanlar\u0131n yan\u0131nda durmu\u015f, yaln\u0131z kalan herkesi himaye etmi\u015f, kimsesizlerin kimsesi olmu\u015ftur. Nitekim Peygamber Efendimiz \u2018M\u00fcsl\u00fcman toplumunun en hay\u0131rl\u0131s\u0131 yetime ve kimsesize sahip \u00e7\u0131kand\u0131r\u2019 buyurarak her birimize a\u00e7\u0131ktan yol g\u00f6stermektedir\u201d ifadelerini kulland\u0131.<\/p>\n<p><strong>\u201cAYA\u011eINIZA TAKILAN HER TA\u015eTA, OMZUNUZDAK\u0130 HER Y\u00dcKTE YANINIZDA OLMAK \u0130\u00c7\u0130N BURADAYIZ\u201d<\/strong><\/p>\n<p>Ba\u015fkan Altay, konu\u015fmas\u0131na \u015f\u00f6yle devam etti:<\/p>\n<p>\u201cG\u00f6nl\u00fc g\u00fczel evlatlar\u0131m, hayat her zaman d\u00fcz bir yol de\u011fildir. Bazen ta\u015fl\u0131d\u0131r, bazen yoku\u015fludur, bazen insan\u0131 yorar. Fakat \u015funu bilmenizi isterim ki o yolda hi\u00e7biriniz yaln\u0131z y\u00fcr\u00fcm\u00fcyorsunuz. Aya\u011f\u0131n\u0131za tak\u0131lan her ta\u015fta, omzunuzdaki her y\u00fckte yan\u0131n\u0131zda olmak i\u00e7in buraday\u0131z. \u015eunu da bilmenizi isterim ki, bu \u015fehir bir merhamet \u015fehridir. Konya sizin evinizdir. Sizler bize emanetsiniz ve bizim kap\u0131m\u0131z sizlere her daim a\u00e7\u0131kt\u0131r. Bizler hep birlikte bir aileyiz. Birbirimize sahip \u00e7\u0131kt\u0131k\u00e7a g\u00fc\u00e7l\u00fcy\u00fcz. \u0130yi ki vars\u0131n\u0131z. \u0130yi ki bu m\u00fcbarek g\u00fcnde ayn\u0131 sofran\u0131n, ayn\u0131 duan\u0131n, ayn\u0131 g\u00f6n\u00fcl halkas\u0131n\u0131n i\u00e7indeyiz. Rabbim sofram\u0131za bereket, kalbimize huzur nasip etsin.\u201d<\/p>\n<p><strong>\u201cS\u0130ZLER\u0130 EN \u0130Y\u0130 \u015eEK\u0130LDE YET\u0130\u015eT\u0130RMEK, HAYAT YOLCULU\u011eUNUZDA S\u0130ZLERE DESTEK OLMAK B\u0130Z\u0130M ASL\u0130 VAZ\u0130FELER\u0130M\u0130ZDEND\u0130R\u201d<\/strong><\/p>\n<p>Konya Valisi \u0130brahim Ak\u0131n da, Konya&#8217;n\u0131n Hz. Mevlana&#8217;n\u0131n \u00f6\u011fretileriyle insan\u0131 kucaklayan, vak\u0131f k\u00fclt\u00fcr\u00fcyle yetimin ba\u015f\u0131n\u0131 ok\u015fayan bir medeniyetin ta\u015f\u0131y\u0131c\u0131s\u0131 olan kadim bir ba\u015f\u015fehir oldu\u011funun alt\u0131n\u0131 \u00e7izerek, \u201cMedeniyetimizin merhamet damar\u0131n\u0131n en g\u00fc\u00e7l\u00fc akt\u0131\u011f\u0131 \u015fehirlerden biri olan Konya&#8217;m\u0131zda yetime ve \u00f6ks\u00fcze sahip \u00e7\u0131kmak kadim medeniyet miras\u0131m\u0131z\u0131n tabii bir sonucudur. Bug\u00fcn de ayn\u0131 ruhla kamu kurumlar\u0131m\u0131z, belediyelerimiz, hay\u0131rseverlerimiz el ele vererek k\u0131ymetli \u00e7ocuklar\u0131m\u0131z\u0131n y\u00fcz\u00fcndeki tebess\u00fcm\u00fc \u00e7o\u011faltmak i\u00e7in gayret g\u00f6stermektedir. Sevgili evlatlar\u0131m\u0131z sizler bizim g\u00f6z\u00fcm\u00fcz\u00fcn nuru, kalbimizin en m\u00fcstesna yerindesiniz. Sizler \u00fclkemizin ve milletimizin umut dolu yar\u0131nlar\u0131s\u0131n\u0131z. Sizleri en iyi \u015fekilde yeti\u015ftirmek, hayat yolculu\u011funuzda sizlere destek olmak bizim asli vazifelerimizdendir. Bu m\u00fcbarek Ramazan ak\u015fam\u0131nda d\u00fczenlenen iftar program\u0131m\u0131za katk\u0131 sunan Konya B\u00fcy\u00fck\u015fehir Belediyemize, Meram, Karatay ve Sel\u00e7uklu Belediyelerimize ve eme\u011fi ge\u00e7en t\u00fcm kurumlar\u0131m\u0131za te\u015fekk\u00fcr ediyorum\u201d diye konu\u015ftu.<\/p>\n<p>Programa; \u0130l Jandarma Komutan\u0131 T\u00fcmgenerel Cemil L\u00fctfi \u00d6zkul, Konya Hava Savunma ve Garnizon Komutan\u0131 T\u00fcmgeneral Yusuf Diker, Cumhuriyet Ba\u015fsavc\u0131s\u0131 Cuma \u00c7oban, Meram Kaymakam\u0131 Bayram Y\u0131lmaz, Sel\u00e7uklu Kaymakam\u0131 Eflatun Can Tortop, Karatay Kaymakam\u0131 Cengiz Ayhan, \u0130l Emniyet M\u00fcd\u00fcr\u00fc Maksut Y\u00fcksek, Sel\u00e7uklu Belediye Ba\u015fkan\u0131 Ahmet Pekyat\u0131rmac\u0131, Karatay Belediye Ba\u015fkan\u0131 Hasan K\u0131lca, Meram Belediye Ba\u015fkan\u0131 Mustafa Kavu\u015f, Konya \u0130l M\u00fcft\u00fcs\u00fc Ali \u00d6\u011fe, Konya Aile ve Sosyal Hizmetler \u0130l M\u00fcd\u00fcr\u00fc Arif Topal, Konya \u015eehit Aileleri Derne\u011fi Ba\u015fkan\u0131 Recep Pekdemir, T\u00fcrkiye Harp Malul\u00fc Gaziler \u015eehit, Dul ve Yetimleri Derne\u011fi Ba\u015fkan\u0131 S\u00fcleyman Ege de\u00a0kat\u0131ld\u0131.<\/p>\n<p>\u00a0<\/p>\n<p>\u00a0<\/p>\n<p>Kaynak: (BYZHA) Beyaz Haber Ajans\u0131<\/p>\n","protected":false},"excerpt":{"rendered":"<p>Konya Valili\u011fi, Konya B\u00fcy\u00fck\u015fehir Belediyesi ile Meram, Karatay ve Sel\u00e7uklu belediyeleri ortakl\u0131\u011f\u0131yla D\u00fcnya Yetimler G\u00fcn\u00fc vesilesiyle d\u00fczenlenen programda Konya\u2019daki yetim \u00e7ocuklar iftar sofras\u0131nda bulu\u015ftu.<\/p>\n","protected":false},"author":1,"featured_media":63883,"comment_status":"open","ping_status":"open","sticky":false,"template":"","format":"standard","meta":{"footnotes":""},"categories":[4],"tags":[986,372,426,1461,5143],"class_list":["post-63882","post","type-post","status-publish","format-standard","has-post-thumbnail","hentry","category-gundem","tag-baskani","tag-belediye","tag-konya","tag-sehir","tag-yetim"],"_links":{"self":[{"href":"https:\/\/bihavadis.com\/index.php\/wp-json\/wp\/v2\/posts\/63882","targetHints":{"allow":["GET"]}}],"collection":[{"href":"https:\/\/bihavadis.com\/index.php\/wp-json\/wp\/v2\/posts"}],"about":[{"href":"https:\/\/bihavadis.com\/index.php\/wp-json\/wp\/v2\/types\/post"}],"author":[{"embeddable":true,"href":"https:\/\/bihavadis.com\/index.php\/wp-json\/wp\/v2\/users\/1"}],"replies":[{"embeddable":true,"href":"https:\/\/bihavadis.com\/index.php\/wp-json\/wp\/v2\/comments?post=63882"}],"version-history":[{"count":1,"href":"https:\/\/bihavadis.com\/index.php\/wp-json\/wp\/v2\/posts\/63882\/revisions"}],"predecessor-version":[{"id":63884,"href":"https:\/\/bihavadis.com\/index.php\/wp-json\/wp\/v2\/posts\/63882\/revisions\/63884"}],"wp:featuredmedia":[{"embeddable":true,"href":"https:\/\/bihavadis.com\/index.php\/wp-json\/wp\/v2\/media\/63883"}],"wp:attachment":[{"href":"https:\/\/bihavadis.com\/index.php\/wp-json\/wp\/v2\/media?parent=63882"}],"wp:term":[{"taxonomy":"category","embeddable":true,"href":"https:\/\/bihavadis.com\/index.php\/wp-json\/wp\/v2\/categories?post=63882"},{"taxonomy":"post_tag","embeddable":true,"href":"https:\/\/bihavadis.com\/index.php\/wp-json\/wp\/v2\/tags?post=63882"}],"curies":[{"name":"wp","href":"https:\/\/api.w.org\/{rel}","templated":true}]}}