{"id":63922,"date":"2026-03-07T05:33:04","date_gmt":"2026-03-07T05:33:04","guid":{"rendered":"https:\/\/bihavadis.com\/?p=63922"},"modified":"2026-03-07T05:33:04","modified_gmt":"2026-03-07T05:33:04","slug":"uc-kusak-bir-arada-istiklal-marsi","status":"publish","type":"post","link":"https:\/\/bihavadis.com\/index.php\/2026\/03\/07\/uc-kusak-bir-arada-istiklal-marsi\/","title":{"rendered":"\u00dc\u00e7 Ku\u015fak Bir Arada \u0130stiklal Mar\u015f\u0131"},"content":{"rendered":"<p><b>Kahramankazan Kaymakaml\u0131\u011f\u0131, Kahramankazan Belediyesi ve \u0130l\u00e7e Milli E\u011fitim M\u00fcd\u00fcrl\u00fc\u011f\u00fc i\u015f birli\u011fiyle d\u00fczenlenen &#8220;\u00dc\u00e7 Ku\u015fak \u0130stiklal Mar\u015f\u0131&#8217;n\u0131 G\u00fczel Okuma Yar\u0131\u015fmas\u0131&#8221; b\u00fcy\u00fck bir co\u015fkuyla ger\u00e7ekle\u015fti.<\/b><\/p>\n<p>Program, Kahramankazan \u0130l\u00e7e Kaymakam\u0131 Mustafa Y\u0131lmaz, Cumhuriyet Ba\u015fsavc\u0131s\u0131 Mehmet Onurkan G\u00fclderen, Kahramankazan Belediye Ba\u015fkan Yard\u0131mc\u0131s\u0131 Ali \u0130hsan Baykurt, \u0130l\u00e7e Milli E\u011fitim M\u00fcd\u00fcr\u00fc Co\u015fkun Yener, il\u00e7e protokol\u00fc, \u00f6\u011fretmenler, \u00f6\u011frenciler ve velilerin kat\u0131l\u0131m\u0131yla ger\u00e7ekle\u015fti. Final program\u0131, 15 Temmuz \u015eehitleri ve Demokrasi M\u00fczesi\u2019nde ger\u00e7ekle\u015ftirildi. Ankara\u2019n\u0131n 10 farkl\u0131 il\u00e7esinden gelen okullar\u0131n kat\u0131ld\u0131\u011f\u0131 yar\u0131\u015fmada \u00f6\u011frenciler, anne babalar\u0131 ve b\u00fcy\u00fckleriyle birlikte sahneye \u00e7\u0131karak \u0130stiklal Mar\u015f\u0131\u2019n\u0131 \u00fc\u00e7 ku\u015fa\u011f\u0131n sesiyle okudu. Ayn\u0131 sahnede bulu\u015fan \u00fc\u00e7 nesil, milli birlik ve beraberlik duygusunu g\u00fc\u00e7l\u00fc bir \u015fekilde yans\u0131tt\u0131. Yar\u0131\u015fma sonunda j\u00fcri de\u011ferlendirmesiyle dereceye giren kat\u0131l\u0131mc\u0131lar belirlendi.<\/p>\n<p>Milli ruhun ve aile ba\u011flar\u0131n\u0131n g\u00fc\u00e7l\u00fc bir \u015fekilde hissedildi\u011fi program, t\u00fcm yar\u0131\u015fmac\u0131lara hediyelerin takdim edilmesi ve g\u00fcn\u00fcn an\u0131s\u0131na \u00e7ekilen hat\u0131ra foto\u011fraf\u0131yla sona erdi.<\/p>\n<p>\u00a0<\/p>\n<p>Kaynak: (BYZHA) Beyaz Haber Ajans\u0131<\/p>\n","protected":false},"excerpt":{"rendered":"<p>Kahramankazan Kaymakaml\u0131\u011f\u0131, Kahramankazan Belediyesi ve \u0130l\u00e7e Milli E\u011fitim M\u00fcd\u00fcrl\u00fc\u011f\u00fc i\u015f birli\u011fiyle d\u00fczenlenen &#8220;\u00dc\u00e7 Ku\u015fak \u0130stiklal Mar\u015f\u0131&#8217;n\u0131 G\u00fczel Okuma Yar\u0131\u015fmas\u0131&#8221; b\u00fcy\u00fck bir co\u015fkuyla ger\u00e7ekle\u015fti.<\/p>\n","protected":false},"author":1,"featured_media":63923,"comment_status":"open","ping_status":"open","sticky":false,"template":"","format":"standard","meta":{"footnotes":""},"categories":[7],"tags":[],"class_list":["post-63922","post","type-post","status-publish","format-standard","has-post-thumbnail","hentry","category-egitim"],"_links":{"self":[{"href":"https:\/\/bihavadis.com\/index.php\/wp-json\/wp\/v2\/posts\/63922","targetHints":{"allow":["GET"]}}],"collection":[{"href":"https:\/\/bihavadis.com\/index.php\/wp-json\/wp\/v2\/posts"}],"about":[{"href":"https:\/\/bihavadis.com\/index.php\/wp-json\/wp\/v2\/types\/post"}],"author":[{"embeddable":true,"href":"https:\/\/bihavadis.com\/index.php\/wp-json\/wp\/v2\/users\/1"}],"replies":[{"embeddable":true,"href":"https:\/\/bihavadis.com\/index.php\/wp-json\/wp\/v2\/comments?post=63922"}],"version-history":[{"count":1,"href":"https:\/\/bihavadis.com\/index.php\/wp-json\/wp\/v2\/posts\/63922\/revisions"}],"predecessor-version":[{"id":63924,"href":"https:\/\/bihavadis.com\/index.php\/wp-json\/wp\/v2\/posts\/63922\/revisions\/63924"}],"wp:featuredmedia":[{"embeddable":true,"href":"https:\/\/bihavadis.com\/index.php\/wp-json\/wp\/v2\/media\/63923"}],"wp:attachment":[{"href":"https:\/\/bihavadis.com\/index.php\/wp-json\/wp\/v2\/media?parent=63922"}],"wp:term":[{"taxonomy":"category","embeddable":true,"href":"https:\/\/bihavadis.com\/index.php\/wp-json\/wp\/v2\/categories?post=63922"},{"taxonomy":"post_tag","embeddable":true,"href":"https:\/\/bihavadis.com\/index.php\/wp-json\/wp\/v2\/tags?post=63922"}],"curies":[{"name":"wp","href":"https:\/\/api.w.org\/{rel}","templated":true}]}}