{"id":64028,"date":"2026-03-07T06:57:07","date_gmt":"2026-03-07T06:57:07","guid":{"rendered":"https:\/\/bihavadis.com\/?p=64028"},"modified":"2026-03-07T06:57:07","modified_gmt":"2026-03-07T06:57:07","slug":"doktor-saglamdan-gazze-protestosu","status":"publish","type":"post","link":"https:\/\/bihavadis.com\/index.php\/2026\/03\/07\/doktor-saglamdan-gazze-protestosu\/","title":{"rendered":"Doktor Sa\u011flam&#8217;dan Gazze Protestosu"},"content":{"rendered":"<p>Artvin \u00c7oruh \u00dcniversitesi Sanat ve Tasar\u0131m Fak\u00fcltesi \u00d6\u011fretim \u00dcyesi Dr. Kemal Sa\u011flam, Trabzon&#8217;da, \u0130srail&#8217;in Gazze&#8217;ye y\u00f6nelik sald\u0131r\u0131lar\u0131n\u0131 protesto amac\u0131yla eylem ger\u00e7ekle\u015ftirdi.<\/p>\n<p>Performans sanat\u00e7\u0131s\u0131 Sa\u011flam, Kahramanmara\u015f Caddesi&#8217;nde haz\u0131rlad\u0131\u011f\u0131 dikenli tellerin aras\u0131na girdi.<\/p>\n<p>Dikenli tellerden kurtulmak i\u00e7in bir s\u00fcre \u00e7aba sarf eden Sa\u011flam&#8217;\u0131 vatanda\u015flar ilgiyle izledi.<\/p>\n<p>Gazze&#8217;deki doktorlar\u0131n ya\u015fad\u0131klar\u0131na dikkati \u00e7ekmeye \u00e7al\u0131\u015fan Sa\u011flam, \u00e7evredekilerden yard\u0131m isteyerek, &#8220;Sadece hastalar\u0131m\u0131 muayene ettim, ben \u00e7ocuk doktoruyum, su\u00e7suzum.&#8221; dedi.<\/p>\n<p>Sa\u011flam, yakla\u015f\u0131k bir saatlik tek ki\u015filik eylemini, vatanda\u015flar\u0131n yard\u0131m\u0131yla dikenli tellerin aras\u0131ndan \u00e7\u0131karak tamamlad\u0131.<\/p>\n<p>Kemal Sa\u011flam, gazetecilere yapt\u0131\u011f\u0131 a\u00e7\u0131klamada, performans\u0131, Gazzelilerin abluka alt\u0131na al\u0131nmas\u0131n\u0131, adeta a\u00e7\u0131k bir cezaevinde tutulmalar\u0131n\u0131 ve doktorlar\u0131n su\u00e7suz yere hapishanelere at\u0131lmas\u0131n\u0131 protesto amac\u0131yla ger\u00e7ekle\u015ftirdi\u011fini s\u00f6yledi.<\/p>\n","protected":false},"excerpt":{"rendered":"<p>Dr. Kemal Sa\u011flam, Trabzon&#8217;da Gazze&#8217;ye y\u00f6nelik sald\u0131r\u0131lar\u0131 protesto etmek i\u00e7in eylem yapt\u0131.<\/p>\n","protected":false},"author":1,"featured_media":0,"comment_status":"open","ping_status":"open","sticky":false,"template":"","format":"standard","meta":{"footnotes":""},"categories":[9,4,13],"tags":[1156],"class_list":["post-64028","post","type-post","status-publish","format-standard","hentry","category-genel","category-gundem","category-son-dakika","tag-saglam"],"_links":{"self":[{"href":"https:\/\/bihavadis.com\/index.php\/wp-json\/wp\/v2\/posts\/64028","targetHints":{"allow":["GET"]}}],"collection":[{"href":"https:\/\/bihavadis.com\/index.php\/wp-json\/wp\/v2\/posts"}],"about":[{"href":"https:\/\/bihavadis.com\/index.php\/wp-json\/wp\/v2\/types\/post"}],"author":[{"embeddable":true,"href":"https:\/\/bihavadis.com\/index.php\/wp-json\/wp\/v2\/users\/1"}],"replies":[{"embeddable":true,"href":"https:\/\/bihavadis.com\/index.php\/wp-json\/wp\/v2\/comments?post=64028"}],"version-history":[{"count":1,"href":"https:\/\/bihavadis.com\/index.php\/wp-json\/wp\/v2\/posts\/64028\/revisions"}],"predecessor-version":[{"id":64029,"href":"https:\/\/bihavadis.com\/index.php\/wp-json\/wp\/v2\/posts\/64028\/revisions\/64029"}],"wp:attachment":[{"href":"https:\/\/bihavadis.com\/index.php\/wp-json\/wp\/v2\/media?parent=64028"}],"wp:term":[{"taxonomy":"category","embeddable":true,"href":"https:\/\/bihavadis.com\/index.php\/wp-json\/wp\/v2\/categories?post=64028"},{"taxonomy":"post_tag","embeddable":true,"href":"https:\/\/bihavadis.com\/index.php\/wp-json\/wp\/v2\/tags?post=64028"}],"curies":[{"name":"wp","href":"https:\/\/api.w.org\/{rel}","templated":true}]}}