{"id":64030,"date":"2026-03-07T07:00:07","date_gmt":"2026-03-07T07:00:07","guid":{"rendered":"https:\/\/bihavadis.com\/?p=64030"},"modified":"2026-03-07T07:00:07","modified_gmt":"2026-03-07T07:00:07","slug":"elazigli-ve-kahramanmaraslilar-iftarda-bulustu","status":"publish","type":"post","link":"https:\/\/bihavadis.com\/index.php\/2026\/03\/07\/elazigli-ve-kahramanmaraslilar-iftarda-bulustu\/","title":{"rendered":"Elaz\u0131\u011fl\u0131 ve Kahramanmara\u015fl\u0131lar \u0130ftarda Bulu\u015ftu"},"content":{"rendered":"<p><b>\u00c7ankaya Belediye Ba\u015fkan\u0131 H\u00fcseyin Can G\u00fcner, Ramazan ay\u0131 dolay\u0131s\u0131yla hem\u015fehri dernekleri, meslek odalar\u0131 ve \u00e7e\u015fitli sivil toplum kurulu\u015flar\u0131n\u0131n temsilcilerini iftar sofralar\u0131nda a\u011f\u0131rlamay\u0131 s\u00fcrd\u00fcr\u00fcyor. Ba\u015fkan G\u00fcner, son olarak Elaz\u0131\u011fl\u0131 ve Kahramanmara\u015fl\u0131 vatanda\u015flarla iftar program\u0131nda bir araya geldi.<\/b><\/p>\n<p>\u00c7ankaya Belediye Ba\u015fkan\u0131 H\u00fcseyin Can G\u00fcner, Ramazan ay\u0131 dolay\u0131s\u0131yla hem\u015fehri dernekleri, meslek odalar\u0131 ve \u00e7e\u015fitli sivil toplum kurulu\u015flar\u0131n\u0131n temsilcilerini iftar sofralar\u0131nda a\u011f\u0131rlamay\u0131 s\u00fcrd\u00fcr\u00fcyor.<b>\u00a0<\/b>Z\u00fcbeyde Han\u0131m Sosyal Tesisinde d\u00fczenlenen iftar program\u0131na, Elaz\u0131\u011f ve Kahramanmara\u015f federasyon ve dernekleri, b\u00f6lge milletvekilleri, akademisyenler, b\u00fcrokratlar kat\u0131ld\u0131.\u00a0<\/p>\n<p>\u0130ftar program\u0131nda konu\u015fan \u00c7ankaya Belediye Ba\u015fkan\u0131 H\u00fcseyin Can G\u00fcner, \u201cBirlik ve beraberli\u011fin, karde\u015flik ve dayan\u0131\u015fman\u0131n ay\u0131 Ramazan ay\u0131nda \u00c7ankaya\u2019n\u0131n 3 farkl\u0131 noktas\u0131nda kurulan iftar \u00e7ad\u0131rlar\u0131m\u0131zda ve hem\u015fehri derneklerimizle, meslek odalar\u0131m\u0131zla birlikte iftar\u0131m\u0131z\u0131 ger\u00e7ekle\u015ftiriyoruz\u201d dedi. \u00a0<\/p>\n<p><b>\u00c7ANKAYA\u2019DA SOSYAL BELED\u0130YEC\u0130L\u0130K VURGUSU<\/b><\/p>\n<p>\u00c7ankaya\u2019da dayan\u0131\u015fmay\u0131, karde\u015fli\u011fi, payla\u015fmay\u0131 sadece Ramazan ay\u0131nda de\u011fil asl\u0131nda y\u0131l\u0131n her ay\u0131nda da her g\u00fcn\u00fcnde s\u00fcrd\u00fcrd\u00fcklerini kaydeden G\u00fcner, \u201cHer g\u00fcn 2500\u2019\u00fc a\u015fk\u0131n \u00fcniversite \u00f6\u011frencisine \u00fccretsiz ak\u015fam yeme\u011fi veriyor, Kent Lokantalar\u0131 ve \u00c7ankafelerle yurtta\u015flar\u0131m\u0131za uygun ko\u015fullarda hizmet sunuyoruz. Kantini olmayan okullarda beslenme deste\u011fi sa\u011fl\u0131yor; emekliler, gen\u00e7ler ve \u00f6\u011frenciler i\u00e7in a\u00e7t\u0131\u011f\u0131m\u0131z sosyal alanlarla sosyal belediyecili\u011fi g\u00fc\u00e7lendirmeye devam ediyoruz\u201d \u015feklinde konu\u015ftu.<\/p>\n<p><b>T\u00dcM YURTTA\u015eLARA E\u015e\u0130T H\u0130ZMET<\/b><\/p>\n<p>\u00c7ankaya\u2019n\u0131n k\u00fclt\u00fcr sanat alan\u0131nda da parlad\u0131\u011f\u0131n\u0131 belirten G\u00fcner, \u201cAtat\u00fcrk Sanat Merkezimizi hizmete a\u00e7arak k\u00fclt\u00fcr ve sanata eri\u015fimi kolayla\u015ft\u0131r\u0131yoruz. Bu y\u0131l a\u00e7may\u0131 hedefledi\u011fimiz Alzheimer ve Demans Ya\u015fl\u0131 Ya\u015fam Merkezi ile de b\u00fcy\u00fcklerimizin yan\u0131nda olaca\u011f\u0131z. \u00c7ankaya\u2019da g\u00f6r\u00fc\u015f\u00fc, k\u00f6keni ne olursa olsun t\u00fcm yurtta\u015flar\u0131m\u0131za e\u015fit hizmet etme sorumlulu\u011fuyla \u00e7al\u0131\u015fmaya devam edece\u011fiz. Sizlerin deste\u011fiyle bu g\u00f6revi en iyi \u015fekilde yerine getirmek i\u00e7in var g\u00fcc\u00fcm\u00fczle \u00e7al\u0131\u015f\u0131yoruz\u201d ifadelerini kulland\u0131.<\/p>\n<p><b>DEPREMDE HAYATINI KAYBEDENLER ANILDI<\/b><\/p>\n<p>Elaz\u0131\u011f ve Kahramanmara\u015f illerinin ayn\u0131 zamanda depremden de zarar g\u00f6rm\u00fc\u015f arada belirli birka\u00e7 y\u0131l olmas\u0131na kar\u015f\u0131n depremin ac\u0131s\u0131n\u0131 y\u00fcre\u011finde hissetmi\u015f iki farkl\u0131 kent oldu\u011funu hat\u0131rlatan G\u00fcner, \u201cAllah b\u00f6yle ac\u0131lar ya\u015fatmas\u0131n, depremde kaybettiklerimizi sayg\u0131yla rahmetle an\u0131yorum\u201d dedi.<\/p>\n<p><b>M\u0130LLETVEK\u0130LLER\u0130NDEN BA\u015eKAN G\u00dcNER\u2019E TE\u015eEKK\u00dcR<\/b><\/p>\n<p>Programa kat\u0131lan CHP Kahramanmara\u015f Milletvekili Ali \u00d6ztun\u00e7, \u201cNe mutlu ki bize Kahramanmara\u015fl\u0131lar ve Elaz\u0131\u011fl\u0131lar, T\u00fcrkiye Cumhuriyeti\u2019nin Ba\u015fkent\u2019inde Mustafa Kemal Atat\u00fcrk\u2019\u00fcn \u00c7alkayas\u0131nda bir arada. Gen\u00e7 ve ba\u015far\u0131l\u0131 belediye ba\u015fkan\u0131m\u0131z H\u00fcseyin Can G\u00fcner\u2019e bizlere ev sahipli\u011fi yapt\u0131\u011f\u0131 i\u00e7in, bizleri bir araya getirdi\u011fi i\u00e7in te\u015fekk\u00fcr ediyorum\u201d dedi. \u00d6ztun\u00e7, d\u00fcnya kritik g\u00fcnlerden ge\u00e7erken,\u00a0 Mustafa Kemal Atat\u00fcrk\u2019\u00fcn \u201cYurtta bar\u0131\u015f, d\u00fcnyada bar\u0131\u015f\u201d s\u00f6z\u00fcn\u00fc hat\u0131rlatarak sava\u015f\u0131n son bulmas\u0131 temennisinde bulundu.<\/p>\n<p>CHP Elaz\u0131\u011f Milletvekili G\u00fcrsel Erol da, H\u00fcseyin Can G\u00fcner\u2019e iftar program\u0131 dolay\u0131s\u0131yla te\u015fekk\u00fcr ederek \u015fu ifadeleri kulland\u0131:<\/p>\n<p>\u201cT\u00fcrkiye\u2019nin incisi \u00c7ankaya\u2019n\u0131n Belediye Ba\u015fkan\u0131 olarak g\u00fczel hizmetlere imza att\u0131\u011f\u0131 i\u00e7in can-\u0131 g\u00f6n\u00fclden te\u015fekk\u00fcr ediyorum. Bug\u00fcn ulusal birlikteli\u011fimizin g\u00fcn\u00fc. Bu \u00fclke hepimizin, bu devlet hepimizin, bu vatan hepimizin. \u0130\u00e7inde bulundu\u011fumuz s\u00fcre\u00e7te her an sava\u015f durumuyla kar\u015f\u0131 kar\u015f\u0131ya kalma durumuna kar\u015f\u0131 ulusal birlikteli\u011fe ihtiyac\u0131m\u0131z var.\u201d\u00a0\u00a0<\/p>\n<p>\u00a0<\/p>\n<p>Kaynak: (BYZHA) Beyaz Haber Ajans\u0131<\/p>\n","protected":false},"excerpt":{"rendered":"<p>\u00c7ankaya Belediye Ba\u015fkan\u0131 H\u00fcseyin Can G\u00fcner, Ramazan ay\u0131 dolay\u0131s\u0131yla hem\u015fehri dernekleri, meslek odalar\u0131 ve \u00e7e\u015fitli sivil toplum kurulu\u015flar\u0131n\u0131n temsilcilerini iftar sofralar\u0131nda a\u011f\u0131rlamay\u0131 s\u00fcrd\u00fcr\u00fcyor.<\/p>\n","protected":false},"author":1,"featured_media":64031,"comment_status":"open","ping_status":"open","sticky":false,"template":"","format":"standard","meta":{"footnotes":""},"categories":[4],"tags":[2416,236,5964,315,675],"class_list":["post-64030","post","type-post","status-publish","format-standard","has-post-thumbnail","hentry","category-gundem","tag-cankaya","tag-gun","tag-guner","tag-hizmet","tag-iftar"],"_links":{"self":[{"href":"https:\/\/bihavadis.com\/index.php\/wp-json\/wp\/v2\/posts\/64030","targetHints":{"allow":["GET"]}}],"collection":[{"href":"https:\/\/bihavadis.com\/index.php\/wp-json\/wp\/v2\/posts"}],"about":[{"href":"https:\/\/bihavadis.com\/index.php\/wp-json\/wp\/v2\/types\/post"}],"author":[{"embeddable":true,"href":"https:\/\/bihavadis.com\/index.php\/wp-json\/wp\/v2\/users\/1"}],"replies":[{"embeddable":true,"href":"https:\/\/bihavadis.com\/index.php\/wp-json\/wp\/v2\/comments?post=64030"}],"version-history":[{"count":1,"href":"https:\/\/bihavadis.com\/index.php\/wp-json\/wp\/v2\/posts\/64030\/revisions"}],"predecessor-version":[{"id":64032,"href":"https:\/\/bihavadis.com\/index.php\/wp-json\/wp\/v2\/posts\/64030\/revisions\/64032"}],"wp:featuredmedia":[{"embeddable":true,"href":"https:\/\/bihavadis.com\/index.php\/wp-json\/wp\/v2\/media\/64031"}],"wp:attachment":[{"href":"https:\/\/bihavadis.com\/index.php\/wp-json\/wp\/v2\/media?parent=64030"}],"wp:term":[{"taxonomy":"category","embeddable":true,"href":"https:\/\/bihavadis.com\/index.php\/wp-json\/wp\/v2\/categories?post=64030"},{"taxonomy":"post_tag","embeddable":true,"href":"https:\/\/bihavadis.com\/index.php\/wp-json\/wp\/v2\/tags?post=64030"}],"curies":[{"name":"wp","href":"https:\/\/api.w.org\/{rel}","templated":true}]}}