{"id":64154,"date":"2026-03-07T08:42:09","date_gmt":"2026-03-07T08:42:09","guid":{"rendered":"https:\/\/bihavadis.com\/?p=64154"},"modified":"2026-03-07T08:42:09","modified_gmt":"2026-03-07T08:42:09","slug":"antalyada-firtinali-havada-denize-giren-gencten-7-gun-sonra-aci-haber","status":"publish","type":"post","link":"https:\/\/bihavadis.com\/index.php\/2026\/03\/07\/antalyada-firtinali-havada-denize-giren-gencten-7-gun-sonra-aci-haber\/","title":{"rendered":"Antalya&#8217;da f\u0131rt\u0131nal\u0131 havada denize giren gen\u00e7ten 7 g\u00fcn sonra ac\u0131 haber"},"content":{"rendered":"<p>17 \u015eubat gecesi saat 23.30 s\u0131ralar\u0131nda, Antalya&#8217;n\u0131n Konyaalt\u0131 il\u00e7esi Akdeniz Bulvar\u0131 \u00fczerindeki Konyaalt\u0131 Sahili\u2019nde, f\u0131rt\u0131na nedeniyle dalgalar\u0131n zaman zaman 5 metreyi buldu\u011fu s\u0131rada bir ki\u015finin denize girdi\u011fi ve g\u00f6zden kayboldu\u011fu ihbar\u0131 \u00fczerine b\u00f6lgeye polis ve sa\u011fl\u0131k ekipleri sevk edildi.<\/p>\n<p>Karadan ve denizden yap\u0131lan arama \u00e7al\u0131\u015fmalar\u0131nda,\u00a032 ya\u015f\u0131ndaki\u00a0Onur \u00d6\u011f\u00fct oldu\u011fu belirlenen gen\u00e7, ihbar noktas\u0131ndan yakla\u015f\u0131k 300 metre uzakl\u0131kta, Antalya Emniyet M\u00fcd\u00fcrl\u00fc\u011f\u00fc Deniz Liman\u0131 \u015eube M\u00fcd\u00fcrl\u00fc\u011f\u00fc ekiplerince k\u0131y\u0131ya yak\u0131n bir alanda bulundu.<\/p>\n<p><img decoding=\"async\" src=\"https:\/\/bihavadis.com\/wp-content\/uploads\/2026\/03\/antalyada-firtinali-havada-denize-giren-gencten-7-gun-sonra-aci-haber-0-3us7TpMh.jpg\"\/><\/p>\n<p><strong>HASTANEDE YA\u015eAM M\u00dcCADELES\u0130N\u0130 KAYBETT\u0130<\/strong><\/p>\n<p>Bilinci kapal\u0131 halde sudan \u00e7\u0131kar\u0131lan \u00d6\u011f\u00fct\u2019e, olay yerinde 112 Acil Sa\u011fl\u0131k ekipleri taraf\u0131ndan ilk m\u00fcdahale yap\u0131ld\u0131. Ambulansla hastaneye kald\u0131r\u0131lan ve ent\u00fcbe edilen gen\u00e7 g\u00fcvenlik g\u00f6revlisi, yo\u011fun bak\u0131mda s\u00fcren bir haftal\u0131k ya\u015fam m\u00fccadelesinin ard\u0131ndan hayat\u0131n\u0131 kaybetti.<\/p>\n<p>\u00d6\u011f\u00fct\u2019\u00fcn cenazesi, savc\u0131l\u0131k incelemesi ve otopsi i\u015flemleri i\u00e7in Antalya Adli T\u0131p Kurumu morguna g\u00f6t\u00fcr\u00fcld\u00fc.<\/p>\n<p><img decoding=\"async\" src=\"https:\/\/bihavadis.com\/wp-content\/uploads\/2026\/03\/antalyada-firtinali-havada-denize-giren-gencten-7-gun-sonra-aci-haber-1-pG4Otsez.jpg\"\/><\/p>\n<p><strong>SON YOLCULU\u011eUNA U\u011eURLANDI<\/strong><\/p>\n<p>Ac\u0131 haberi alan ailesi ve yak\u0131nlar\u0131 b\u00fcy\u00fck \u00fcz\u00fcnt\u00fc ya\u015fad\u0131. Gen\u00e7 g\u00fcvenlik g\u00f6revlisinin cenazesi, otopsinin ard\u0131ndan Serik il\u00e7esi Abdurrahmanlar \u00c7\u0131tl\u0131kl\u0131 Mezarl\u0131\u011f\u0131\u2019nda topra\u011fa verilmek \u00fczere defnedilmek \u00fczere teslim edildi.<\/p>\n<p>Olayla ilgili incelemenin s\u00fcrd\u00fc\u011f\u00fc \u00f6\u011frenildi.<\/p>\n<p><img decoding=\"async\" src=\"https:\/\/bihavadis.com\/wp-content\/uploads\/2026\/03\/antalyada-firtinali-havada-denize-giren-gencten-7-gun-sonra-aci-haber-2-jizp66M9.jpg\"\/><\/p>\n<p><img decoding=\"async\" src=\"https:\/\/bihavadis.com\/wp-content\/uploads\/2026\/03\/antalyada-firtinali-havada-denize-giren-gencten-7-gun-sonra-aci-haber-3-XSPhpZSv.jpg\"\/><\/p>\n<p><img decoding=\"async\" src=\"https:\/\/bihavadis.com\/wp-content\/uploads\/2026\/03\/antalyada-firtinali-havada-denize-giren-gencten-7-gun-sonra-aci-haber-4-UIphwkeX.jpg\"\/> <\/p>\n<div> <span><strong>Kaynak:<\/strong> \u0130hlas Haber Ajans\u0131 (\u0130HA)<\/span> <\/div>\n","protected":false},"excerpt":{"rendered":"<p>17 \u015eubat gecesi saat 23.30 s\u0131ralar\u0131nda, Antalya&#8217;n\u0131n Konyaalt\u0131 il\u00e7esi Akdeniz Bulvar\u0131 \u00fczerindeki Konyaalt\u0131 Sahili\u2019nde, f\u0131rt\u0131na nedeniyle dalgalar\u0131n zaman zaman 5 metreyi buldu\u011fu s\u0131rada bir ki\u015finin denize girdi\u011fi ve g\u00f6zden kayboldu\u011fu ihbar\u0131 \u00fczerine &#8230;<\/p>\n","protected":false},"author":1,"featured_media":64155,"comment_status":"open","ping_status":"open","sticky":false,"template":"","format":"standard","meta":{"footnotes":""},"categories":[4,13],"tags":[],"class_list":["post-64154","post","type-post","status-publish","format-standard","has-post-thumbnail","hentry","category-gundem","category-son-dakika"],"_links":{"self":[{"href":"https:\/\/bihavadis.com\/index.php\/wp-json\/wp\/v2\/posts\/64154","targetHints":{"allow":["GET"]}}],"collection":[{"href":"https:\/\/bihavadis.com\/index.php\/wp-json\/wp\/v2\/posts"}],"about":[{"href":"https:\/\/bihavadis.com\/index.php\/wp-json\/wp\/v2\/types\/post"}],"author":[{"embeddable":true,"href":"https:\/\/bihavadis.com\/index.php\/wp-json\/wp\/v2\/users\/1"}],"replies":[{"embeddable":true,"href":"https:\/\/bihavadis.com\/index.php\/wp-json\/wp\/v2\/comments?post=64154"}],"version-history":[{"count":1,"href":"https:\/\/bihavadis.com\/index.php\/wp-json\/wp\/v2\/posts\/64154\/revisions"}],"predecessor-version":[{"id":64161,"href":"https:\/\/bihavadis.com\/index.php\/wp-json\/wp\/v2\/posts\/64154\/revisions\/64161"}],"wp:featuredmedia":[{"embeddable":true,"href":"https:\/\/bihavadis.com\/index.php\/wp-json\/wp\/v2\/media\/64155"}],"wp:attachment":[{"href":"https:\/\/bihavadis.com\/index.php\/wp-json\/wp\/v2\/media?parent=64154"}],"wp:term":[{"taxonomy":"category","embeddable":true,"href":"https:\/\/bihavadis.com\/index.php\/wp-json\/wp\/v2\/categories?post=64154"},{"taxonomy":"post_tag","embeddable":true,"href":"https:\/\/bihavadis.com\/index.php\/wp-json\/wp\/v2\/tags?post=64154"}],"curies":[{"name":"wp","href":"https:\/\/api.w.org\/{rel}","templated":true}]}}