{"id":64185,"date":"2026-03-07T09:00:07","date_gmt":"2026-03-07T09:00:07","guid":{"rendered":"https:\/\/bihavadis.com\/?p=64185"},"modified":"2026-03-07T09:00:07","modified_gmt":"2026-03-07T09:00:07","slug":"samsung-ve-amd-yapay-zeka-destekli-ag-inovasyonlarini-gelistirmek-uzere-stratejik-is-birligini-guclendiriyor","status":"publish","type":"post","link":"https:\/\/bihavadis.com\/index.php\/2026\/03\/07\/samsung-ve-amd-yapay-zeka-destekli-ag-inovasyonlarini-gelistirmek-uzere-stratejik-is-birligini-guclendiriyor\/","title":{"rendered":"Samsung ve AMD yapay zek\u00e2 destekli a\u011f inovasyonlar\u0131n\u0131 geli\u015ftirmek \u00fczere stratejik i\u015f birli\u011fini g\u00fc\u00e7lendiriyor"},"content":{"rendered":"<p>Samsung Electronics, 5G \u00c7ekirdek, sanalla\u015ft\u0131r\u0131lm\u0131\u015f RAN (vRAN) ve \u00f6zel a\u011flar dahil olmak \u00fczere a\u011f portf\u00f6y\u00fcnde AMD ile birlikte ger\u00e7ekle\u015ftirilen yeni at\u0131l\u0131mlar\u0131 duyurdu. Bu ba\u015far\u0131, her iki \u015firket i\u00e7in de ortak do\u011frulama a\u015famas\u0131ndan ticari yay\u0131l\u0131mlara ge\u00e7i\u015fi simgeleyen \u00f6nemli bir d\u00f6n\u00fcm noktas\u0131n\u0131 i\u015faret ederek yaz\u0131l\u0131m ile yapay zek\u00e2 odakl\u0131 a\u011f inovasyonu i\u00e7in stratejik i\u015f birli\u011fini g\u00fc\u00e7lendiriyor. Yak\u0131n zamanda Samsung, AMD EPYC\u2122 9005 Serisi i\u015flemcilerle desteklenen 5G Non-Standalone (NSA) ve 4G LTE \u00c7ekirdek a\u011f ge\u00e7idi \u00e7\u00f6z\u00fcmlerini kurmak \u00fczere Videotron taraf\u0131ndan se\u00e7ildi. Bu proje arac\u0131l\u0131\u011f\u0131yla Samsung, Kanada ve \u00f6tesindeki varl\u0131\u011f\u0131n\u0131 geni\u015fletirken, bulut tabanl\u0131 yapay zek\u00e2 \u00e7ekirdek a\u011f ayak izini h\u0131zland\u0131r\u0131yor ve operat\u00f6rlerin Samsung\u2019un kan\u0131tlanm\u0131\u015f i\u015f orta\u011f\u0131 ekosistemine ve a\u011f \u00e7\u00f6z\u00fcmlerine olan g\u00fcvenini de koruyor.<\/p>\n<p>Samsung, MWC 2026&#8217;da AMD EPYC i\u015flemcileriyle birlikte yapay zek\u00e2 destekli vRAN&#8217;\u0131n\u0131 kullanarak yapay zek\u00e2 tabanl\u0131 RAN&#8217;daki \u00e7\u0131\u011f\u0131r a\u00e7an geli\u015fmelerini sergiledi. Ge\u00e7ti\u011fimiz y\u0131lki do\u011frulama a\u015famas\u0131n\u0131n ard\u0131ndan, her iki \u015firket de Samsung&#8217;un Ar-Ge Laboratuvar\u0131&#8217;nda ger\u00e7ekle\u015ftirilen \u00e7ok h\u00fccreli testlerin ba\u015far\u0131l\u0131 sonu\u00e7lar\u0131n\u0131 a\u00e7\u0131klad\u0131. Bu testler, yaz\u0131l\u0131m tabanl\u0131 a\u011f ortamlar\u0131nda \u00f6l\u00e7eklenebilir da\u011f\u0131t\u0131mlar\u0131 ve daha fazla i\u015flemci esnekli\u011fini m\u00fcmk\u00fcn k\u0131lacak. Bu ba\u015far\u0131, Samsung\u2019un ek h\u0131zland\u0131r\u0131c\u0131lara ihtiya\u00e7 duymadan en yeni AMD i\u015flemcisi \u00fczerindeki tamamen sanalla\u015ft\u0131r\u0131lm\u0131\u015f bir yaz\u0131l\u0131m y\u0131\u011f\u0131n\u0131 kullanarak ticari d\u00fczeyde, yapay zek\u00e2 destekli vRAN performans\u0131na ula\u015fma yetene\u011fini ve kararl\u0131l\u0131\u011f\u0131n\u0131 vurguluyor. Ayr\u0131ca bu durum, Samsung\u2019un donan\u0131m ba\u011f\u0131ml\u0131l\u0131\u011f\u0131n\u0131 azaltmak, operat\u00f6rlere daha fazla se\u00e7enek ve uyarlanabilirlik sa\u011flamak amac\u0131yla tasarlanan yaz\u0131l\u0131m odakl\u0131 mimarilere do\u011fru devam eden d\u00f6n\u00fc\u015f\u00fcm\u00fcn\u00fcn alt\u0131n\u0131 \u00e7iziyor.<\/p>\n<p>Samsung Electronics A\u011f \u0130\u015f Birimi Teknoloji Strateji Grubu Ba\u015fkan\u0131 ve Ba\u015fkan Yard\u0131mc\u0131s\u0131 Keunchul Hwang, &#8220;Samsung&#8217;un AMD ile elde etti\u011fi ba\u015far\u0131, yapay zek\u00e2 tabanl\u0131, a\u00e7\u0131k ve sanalla\u015ft\u0131r\u0131lm\u0131\u015f mimariler geli\u015fmi\u015f bili\u015fim inovasyonlar\u0131yla bulu\u015ftu\u011funda nelerin m\u00fcmk\u00fcn oldu\u011funu vurguluyor. Operat\u00f6rlerin g\u00fcn\u00fcm\u00fczde yapay zek\u00e2 tabanl\u0131 a\u011flar\u0131 ticari d\u00fczeyde performans ve daha fazla altyap\u0131 se\u00e7ene\u011fiyle tam olarak \u00f6l\u00e7eklendirmelerine yard\u0131mc\u0131 olma yolunda ilerliyoruz; b\u00f6ylece a\u011flar\u0131n\u0131n geli\u015fen teknolojiler ve kullan\u0131m \u00f6rnekleriyle evrimle\u015fmeye haz\u0131r olmas\u0131n\u0131 sa\u011fl\u0131yoruz&#8221; dedi.<\/p>\n<p>AMD Kurumsal \u0130\u015f Birimi Ba\u015fkan Yard\u0131mc\u0131s\u0131 Derek Dicker ise \u015funlar\u0131 s\u00f6yledi: &#8220;AMD EPYC i\u015flemciler, modern telekom\u00fcnikasyon altyap\u0131s\u0131n\u0131n yo\u011fun hesaplama gereksinimlerini kar\u015f\u0131lamak \u00fczere \u00fcretilmi\u015ftir. Samsung ile ger\u00e7ekle\u015ftirdi\u011fimiz en son \u00e7ok h\u00fccreli vRAN testleri, en yeni nesil EPYC i\u015flemcilerimizin; a\u011f operat\u00f6rlerinin ve i\u015fletmelerin yapay zek\u00e2, otomasyon ve gelecekteki inovasyonlara haz\u0131r yeni nesil a\u011flar kurmak i\u00e7in ihtiya\u00e7 duydu\u011fu performans, verimlilik ve \u00f6l\u00e7eklenebilirli\u011fi nas\u0131l sundu\u011funu kan\u0131tl\u0131yor&#8221;.<\/p>\n<p>\u015eirketler ayr\u0131ca yapay zek\u00e2 odakl\u0131 kurumsal \u00e7\u00f6z\u00fcmler i\u00e7in ortak \u00e7al\u0131\u015fmalar\u0131n\u0131 geni\u015fletti. Samsung, MWC&#8217;de AMD i\u015flemciyle desteklenen, tam sanalla\u015ft\u0131r\u0131lm\u0131\u015f yeni nesil bir Kenar-AI (Edge-AI) \u00e7\u00f6z\u00fcm\u00fc olan Sunucudaki A\u011f (NIS) \u00e7\u00f6z\u00fcm\u00fcn\u00fc sundu. Bu \u00e7\u00f6z\u00fcm, operat\u00f6rlerin yapay zek\u00e2y\u0131 a\u011flar\u0131na kolayca dahil etmelerine, operasyonel karma\u015f\u0131kl\u0131\u011f\u0131 azaltmalar\u0131na ve yeni f\u0131rsatlar\u0131n kap\u0131s\u0131n\u0131 aralamalar\u0131na yard\u0131mc\u0131 oluyor. Samsung, b\u00fcy\u00fck bir Japon operat\u00f6rle ger\u00e7ek d\u00fcnya ortamlar\u0131nda do\u011frulanan NIS kullanarak \u00e7e\u015fitli &#8220;RAN \u00fczerinde yapay zek\u00e2&#8221; kullan\u0131m \u00f6rneklerini sergiledi. Bu kullan\u0131m \u00f6rnekleri aras\u0131nda video analizi, Entegre Alg\u0131lama ve \u0130leti\u015fim (ISAC) teknolojisine dayal\u0131 sens\u00f6r ve radar alg\u0131lama hizmetleri ile yeni nesil cihazlar i\u00e7in hiper-ba\u011flant\u0131 yer al\u0131yor.<\/p>\n<p>Samsung, operat\u00f6rlere esnek, yapay zek\u00e2 destekli ve bulut tabanl\u0131 bir a\u011f evrimini h\u0131zland\u0131rmak i\u00e7in \u00e7e\u015fitli se\u00e7enekler sunarak g\u00fc\u00e7l\u00fc ve teknoloji odakl\u0131 bir yonga seti i\u015f orta\u011f\u0131 ekosistemini benimseme konusundaki kararl\u0131l\u0131\u011f\u0131n\u0131n alt\u0131n\u0131 \u00e7iziyor. Samsung Networks; yonga setleri, radyolar ve \u00e7ekirdek a\u011flar dahil olmak \u00fczere 5G u\u00e7tan uca \u00e7\u00f6z\u00fcmlerin ba\u015far\u0131l\u0131 bir \u015fekilde sunulmas\u0131na \u00f6nc\u00fcl\u00fck ediyor. \u015eirket; ama\u00e7 odakl\u0131 RAN, sanalla\u015ft\u0131r\u0131lm\u0131\u015f RAN, A\u00e7\u0131k RAN, AI-RAN ve bulut tabanl\u0131 yapay zek\u00e2 \u00e7ekirdek a\u011f\u0131ndan \u00f6zel a\u011f \u00e7\u00f6z\u00fcmlerine, yapay zek\u00e2 destekli otomasyon ara\u00e7lar\u0131na ve uygulamalar\u0131na kadar pazar lideri \u00fcr\u00fcn portf\u00f6y\u00fcyle sekt\u00f6r\u00fc 5G a\u011flar\u0131n\u0131 geli\u015ftirmeye te\u015fvik ediyor.<strong>\u2003<\/strong><\/p>\n<p><strong>\u00a0<\/strong><\/p>\n<p>\u00a0<\/p>\n<p>Kaynak: (BYZHA) Beyaz Haber Ajans\u0131<\/p>\n","protected":false},"excerpt":{"rendered":"<p>Samsung Electronics, 5G \u00c7ekirdek, sanalla\u015ft\u0131r\u0131lm\u0131\u015f RAN (vRAN) ve \u00f6zel a\u011flar dahil olmak \u00fczere a\u011f portf\u00f6y\u00fcnde AMD ile birlikte ger\u00e7ekle\u015ftirilen yeni at\u0131l\u0131mlar\u0131 duyurdu.<\/p>\n","protected":false},"author":1,"featured_media":64186,"comment_status":"open","ping_status":"open","sticky":false,"template":"","format":"standard","meta":{"footnotes":""},"categories":[16],"tags":[2623,395,7412,2724,213],"class_list":["post-64185","post","type-post","status-publish","format-standard","has-post-thumbnail","hentry","category-teknoloji","tag-ag","tag-is","tag-ran","tag-samsung","tag-yapay-zeka"],"_links":{"self":[{"href":"https:\/\/bihavadis.com\/index.php\/wp-json\/wp\/v2\/posts\/64185","targetHints":{"allow":["GET"]}}],"collection":[{"href":"https:\/\/bihavadis.com\/index.php\/wp-json\/wp\/v2\/posts"}],"about":[{"href":"https:\/\/bihavadis.com\/index.php\/wp-json\/wp\/v2\/types\/post"}],"author":[{"embeddable":true,"href":"https:\/\/bihavadis.com\/index.php\/wp-json\/wp\/v2\/users\/1"}],"replies":[{"embeddable":true,"href":"https:\/\/bihavadis.com\/index.php\/wp-json\/wp\/v2\/comments?post=64185"}],"version-history":[{"count":1,"href":"https:\/\/bihavadis.com\/index.php\/wp-json\/wp\/v2\/posts\/64185\/revisions"}],"predecessor-version":[{"id":64187,"href":"https:\/\/bihavadis.com\/index.php\/wp-json\/wp\/v2\/posts\/64185\/revisions\/64187"}],"wp:featuredmedia":[{"embeddable":true,"href":"https:\/\/bihavadis.com\/index.php\/wp-json\/wp\/v2\/media\/64186"}],"wp:attachment":[{"href":"https:\/\/bihavadis.com\/index.php\/wp-json\/wp\/v2\/media?parent=64185"}],"wp:term":[{"taxonomy":"category","embeddable":true,"href":"https:\/\/bihavadis.com\/index.php\/wp-json\/wp\/v2\/categories?post=64185"},{"taxonomy":"post_tag","embeddable":true,"href":"https:\/\/bihavadis.com\/index.php\/wp-json\/wp\/v2\/tags?post=64185"}],"curies":[{"name":"wp","href":"https:\/\/api.w.org\/{rel}","templated":true}]}}