{"id":64201,"date":"2026-03-07T09:12:13","date_gmt":"2026-03-07T09:12:13","guid":{"rendered":"https:\/\/bihavadis.com\/?p=64201"},"modified":"2026-03-07T09:12:13","modified_gmt":"2026-03-07T09:12:13","slug":"tsk-depremde-vatandasin-yaninda","status":"publish","type":"post","link":"https:\/\/bihavadis.com\/index.php\/2026\/03\/07\/tsk-depremde-vatandasin-yaninda\/","title":{"rendered":"TSK Depremde Vatanda\u015f\u0131n Yan\u0131nda"},"content":{"rendered":"<p>\n<p>&#8216; TSK, \u0130LK ANDAN \u0130T\u0130BAREN VATANDA\u015eIN YANINDA YER ALDI&#8217;<\/p>\n<p> Milli Savunma Bakan\u0131 Ya\u015far G\u00fcler, 12&#8217;nci Komando Tugay Komutanl\u0131\u011f\u0131&#8217;nda inceleme ve denetlemelerin ard\u0131ndan komandolara hitap etti. Bakan Ya\u015far G\u00fcler, deprem felaketinde hayat\u0131n\u0131 kaybeden vatanda\u015flara Allah&#8217;tan rahmet dileyerek, &#8220;11 ilimizi etkileyen ve &#8216;Asr\u0131n Felaketi&#8217; olarak nitelendirilen bu b\u00fcy\u00fck afete Osmaniye&#8217;miz de maruz kald\u0131. Ne yaz\u0131k ki can kay\u0131plar\u0131m\u0131z oldu, evlerimiz, i\u015f yerlerimiz y\u0131k\u0131ld\u0131. Depremin ortaya \u00e7\u0131kard\u0131\u011f\u0131 t\u00fcm zorluklara ra\u011fmen devletimiz, Say\u0131n Cumhurba\u015fkan\u0131m\u0131z\u0131n liderli\u011finde t\u00fcm kurumlar\u0131 ile depremzede karde\u015flerimizin yard\u0131m\u0131na ko\u015ftu. T\u00fcrk Silahl\u0131 Kuvvetlerimizin b\u00f6lgedeki unsurlar\u0131 da depremin y\u0131k\u0131c\u0131 etkisine u\u011framas\u0131na ra\u011fmen ilk andan itibaren vatanda\u015flar\u0131m\u0131z\u0131n yan\u0131nda yer ald\u0131. Ayr\u0131ca \u00fclkemizin d\u00f6rt bir k\u00f6\u015fesinden unsurlar\u0131m\u0131z da s\u00fcratle b\u00f6lgeye intikal ettirildi. Bu kapsamda kahraman ordumuz; ba\u015fta arama kurtarma faaliyetleri olmak \u00fczere ia\u015fe, bar\u0131nma, sa\u011fl\u0131k gibi ihtiya\u00e7lar\u0131n kar\u015f\u0131lanmas\u0131 i\u00e7in kahramanca ve fedakarca g\u00f6rev yapt\u0131. \u00dcstlendi\u011fi t\u00fcm sorumluluklar\u0131, ilgili kurum ve kurulu\u015flar\u0131m\u0131z ile tam bir koordinasyon ve uyum i\u00e7inde icra etti&#8221; ifadelerini kulland\u0131. <\/p>\n<p>&#8216;BA\u015eARILI OPERASYONLAR \u0130CRA ETT\u0130K&#8217;<\/p>\n<p>D\u00fcnya genelinde, birbiri ard\u0131na gerginlikler ve krizler ya\u015fand\u0131\u011f\u0131n\u0131 aktaran G\u00fcler, &#8220;Risk ve tehditlerin \u00e7ok boyutlu hale geldi\u011fi b\u00f6ylesine hassas bir ortamda, Milli Savunma Bakanl\u0131\u011f\u0131 olarak \u00fclkemizin ve asil milletimizin g\u00fcvenlik ve huzuru i\u00e7in gece g\u00fcnd\u00fcz demeden azim ve kararl\u0131l\u0131kla \u00e7al\u0131\u015f\u0131yoruz. \u015eanl\u0131 ordumuz da son bir asr\u0131n en kapsaml\u0131, en yo\u011fun ve en etkili faaliyetlerini ger\u00e7ekle\u015ftirmektedir. En ba\u015fta ter\u00f6rle m\u00fccadele kapsam\u0131nda hem yurt i\u00e7inde hem de tehdidi kayna\u011f\u0131nda yok etme stratejisi do\u011frultusunda Suriye&#8217;nin ve Irak&#8217;\u0131n kuzeyinde ter\u00f6r \u00f6rg\u00fctlerine y\u00f6nelik ba\u015far\u0131l\u0131 operasyonlar icra ettik&#8221; dedi.<\/p>\n<p>&#8216;HUZUR VE G\u00dcVENL\u0130K ORTAMI S\u0130ZLER\u0130N SAYES\u0130NDE&#8217;<\/p>\n<p>Bakan G\u00fcler, s\u0131n\u0131r \u015fehirlerinde huzur ve g\u00fcvenlik ortam\u0131n\u0131n hakim oldu\u011funu, bunlar\u0131n Mehmet\u00e7i\u011fin m\u00fccadelesi sayesinde oldu\u011funu vurgulad\u0131. G\u00fcler, &#8220;Nitekim 12&#8217;nci Komando Tugay\u0131m\u0131z da Kas\u0131m 2023&#8217;ten itibaren 2 y\u0131l boyunca Bahar Kalkan\u0131 Harekat b\u00f6lgesinde g\u00f6rev icra etmi\u015f olup, Ekim 2025&#8217;ten bu yana da F\u0131rat Kalkan\u0131 Harekat b\u00f6lgesinde y\u00fcksek vazife \u015fuuru ve sorumluluk bilinci ile g\u00f6rev yapmaktad\u0131r. Halihaz\u0131rda tugay\u0131m\u0131za ba\u011fl\u0131 taburlar\u0131m\u0131z\u0131n, b\u00f6lgedeki faaliyetlerini ba\u015far\u0131yla s\u00fcrd\u00fcrd\u00fc\u011f\u00fcn\u00fc memnuniyetle m\u00fc\u015fahede ediyorum. Ba\u015fta sizler olmak \u00fczere tugay\u0131m\u0131z\u0131n t\u00fcm personelini gayretleri nedeniyle y\u00fcrekten tebrik ediyor, her birinizin g\u00f6zlerinden \u00f6p\u00fcyorum&#8221; diye konu\u015ftu.<\/p>\n<p>&#8216;SUR\u0130YE \u0130LE KOORD\u0130NASYON \u0130\u00c7ER\u0130S\u0130NDEY\u0130Z&#8217;<\/p>\n<p>Bakan G\u00fcler, ger\u00e7ekle\u015ftirilen operasyonlar\u0131n ba\u015far\u0131s\u0131 neticesinde T\u00fcrkiye&#8217;nin ter\u00f6rle m\u00fccadelesinde \u00f6nemli bir a\u015famaya ge\u00e7ildi\u011fini a\u00e7\u0131klayarak, &#8220;Devletimiz, ter\u00f6r\u00fc tamam\u0131yla sona erdirmek i\u00e7in Say\u0131n Cumhurba\u015fkan\u0131m\u0131z\u0131n vizyoner liderli\u011finde &#8216;Ter\u00f6rs\u00fcz T\u00fcrkiye&#8217; s\u00fcrecini ba\u015flatm\u0131\u015ft\u0131r. Bu tarihi proje kahraman ordumuzun sahadaki emsalsiz gayretleriyle birlikte asil milletimizin ortak iradesi, toplumsal dayan\u0131\u015fmam\u0131z ve rasyonel devlet akl\u0131yla y\u00fcr\u00fct\u00fclmektedir. S\u00fcrecin ba\u015far\u0131s\u0131 i\u00e7in PKK ve iltisakl\u0131 gruplar\u0131n ba\u015fta Suriye olmak \u00fczere t\u00fcm b\u00f6lgelerde ter\u00f6rist faaliyetlerine son vermeleri ve silahlar\u0131n\u0131 en h\u0131zl\u0131 \u015fekilde ko\u015fulsuz teslim etmeleri i\u00e7in \u00e7al\u0131\u015fmalar\u0131m\u0131z\u0131 s\u00fcrd\u00fcr\u00fcyoruz. Bu konuda kom\u015fumuz Suriye y\u00f6netimi ile de yak\u0131n bir koordinasyon i\u00e7erisindeyiz. Hem s\u0131n\u0131rlar\u0131m\u0131z\u0131n g\u00fcvenli\u011fi hem de Suriye&#8217;nin kal\u0131c\u0131 istikrar\u0131 ve siyasi birli\u011fi i\u00e7in YPG\/SDG unsurlar\u0131 10 Mart ve 18 Ocak mutabakatlar\u0131n\u0131n gerekliliklerini h\u0131zl\u0131 bir \u015fekilde yerine getirmelidirler. Ter\u00f6r \u00f6rg\u00fct\u00fcn\u00fcn \u00fclkemize tehdit olu\u015fturmayaca\u011f\u0131ndan emin oluncaya ve gerekli emniyet seviyesine ula\u015f\u0131ncaya kadar planl\u0131 faaliyetlerimizi kesintisiz olarak icra etmeye devam edece\u011fiz&#8221; ifadelerini kulland\u0131. <\/p>\n<p>&#8216;HAK VE MENFAATLER\u0130M\u0130Z\u0130 KARARLILIKLA KORUYORUZ&#8217;<\/p>\n<p>Ter\u00f6re kar\u015f\u0131 verilen ba\u015far\u0131l\u0131 m\u00fccadelenin yan\u0131 s\u0131ra hudut g\u00fcvenli\u011finin, en g\u00fc\u00e7l\u00fc ve en kapsaml\u0131 tedbirlerle sa\u011fland\u0131\u011f\u0131n\u0131 belirten Bakan G\u00fcler, &#8220;Ayn\u0131 \u015fekilde mavi ve g\u00f6k vatan\u0131m\u0131zdaki hak ve menfaatlerimizi de kararl\u0131l\u0131kla korumaktay\u0131z. Ayr\u0131ca pek \u00e7ok co\u011frafyada uluslararas\u0131 bar\u0131\u015f ve istikrar\u0131n tesisine m\u00fcstesna katk\u0131lar sunmaktay\u0131z. Bu faaliyetlerimizle e\u015f zamanl\u0131 olarak karada, denizde ve havada b\u00fcy\u00fck \u00f6l\u00e7ekli e\u011fitim ve tatbikatlar icra ediyoruz. B\u00f6ylesine geni\u015f kapsaml\u0131 g\u00f6revlerin ayn\u0131 anda ve \u00fcst\u00fcn bir ba\u015far\u0131yla y\u00fcr\u00fctmesinde e\u011fitimli, disiplinli nitelikli personel ile yerli, milli ve modern savunma sanayi \u00fcr\u00fcnlerine sahip olmam\u0131z en b\u00fcy\u00fck etkendir&#8221; dedi.<\/p>\n<p>&#8216;T\u00dcRK KOMANDOSU DA\u0130MA G\u00dc\u00c7L\u00dc OLMALI&#8217;<\/p>\n<p>Bakan G\u00fcler, ordunun g\u00fcc\u00fc, etkinli\u011fi ve cayd\u0131r\u0131c\u0131l\u0131\u011f\u0131n\u0131n Mehmet\u00e7iklerin omuzlar\u0131nda temsil edildi\u011fini s\u00f6yleyerek, &#8220;Bu nedenle sizlerden beklentimiz; e\u011fitimlerinize \u00f6zen g\u00f6stermeniz, ayn\u0131 zamanda fiziksel kondisyonunuzu, bireysel geli\u015fiminizi ve mesleki niteliklerinizi daha da ileri ta\u015f\u0131mak i\u00e7in \u00e7aba sarf etmenizdir. Unutmay\u0131n\u0131z ki bir T\u00fcrk komandosu daima g\u00fc\u00e7l\u00fc, cesur, haz\u0131r ve dayan\u0131kl\u0131 olmal\u0131d\u0131r. Bu esaslar\u0131 rehber edinece\u011fine inand\u0131\u011f\u0131m siz kahraman komandolar\u0131m\u0131z\u0131n bug\u00fcne kadar oldu\u011fu gibi bundan sonra da g\u00f6rev ve sorumluluklar\u0131n\u0131z\u0131 \u00fcst\u00fcn bir gayretle yerine getirece\u011finize, b\u00f6ylece T\u00fcrk Silahl\u0131 Kuvvetlerimizin g\u00fcc\u00fcne g\u00fc\u00e7 kataca\u011f\u0131n\u0131za y\u00fcrekten inan\u0131yorum. Cumhuriyetimizin ikinci y\u00fczy\u0131l\u0131nda &#8216;T\u00fcrkiye Y\u00fczy\u0131l\u0131&#8217; hedeflerimize emin ad\u0131mlarla y\u00fcr\u00fcyoruz. Savunma ve g\u00fcvenlik alan\u0131nda da temel \u00f6nceli\u011fimiz elde etti\u011fimiz ba\u015far\u0131lar\u0131n korunmas\u0131 ve daha y\u00fcksek seviyelere \u00e7\u0131kar\u0131lmas\u0131d\u0131r. Bu vesileyle Mete Han&#8217;dan Sultan Alparslan&#8217;a, Fatih Sultan Mehmet&#8217;ten Gazi Mustafa Kemal Atat\u00fcrk&#8217;e ve bug\u00fcne kadarki t\u00fcm devlet b\u00fcy\u00fcklerimizi ve komutanlar\u0131m\u0131z\u0131 sayg\u0131yla an\u0131yor; aziz \u015fehitlerimizi ve ebediyete irtihal eden kahraman gazilerimizi rahmet ve minnetle yad ediyorum&#8221; ifadelerini kulland\u0131. <\/p>\n","protected":false},"excerpt":{"rendered":"<p>Bakan G\u00fcler, TSK&#8217;n\u0131n deprem felaketindeki yard\u0131m faaliyetlerini ve ter\u00f6rle m\u00fccadelesini anlatt\u0131.<\/p>\n","protected":false},"author":1,"featured_media":64202,"comment_status":"open","ping_status":"open","sticky":false,"template":"","format":"standard","meta":{"footnotes":""},"categories":[9,4,13],"tags":[436,2778,6949,2051,517],"class_list":["post-64201","post","type-post","status-publish","format-standard","has-post-thumbnail","hentry","category-genel","category-gundem","category-son-dakika","tag-bakan","tag-guler","tag-icra","tag-teror","tag-turk"],"_links":{"self":[{"href":"https:\/\/bihavadis.com\/index.php\/wp-json\/wp\/v2\/posts\/64201","targetHints":{"allow":["GET"]}}],"collection":[{"href":"https:\/\/bihavadis.com\/index.php\/wp-json\/wp\/v2\/posts"}],"about":[{"href":"https:\/\/bihavadis.com\/index.php\/wp-json\/wp\/v2\/types\/post"}],"author":[{"embeddable":true,"href":"https:\/\/bihavadis.com\/index.php\/wp-json\/wp\/v2\/users\/1"}],"replies":[{"embeddable":true,"href":"https:\/\/bihavadis.com\/index.php\/wp-json\/wp\/v2\/comments?post=64201"}],"version-history":[{"count":1,"href":"https:\/\/bihavadis.com\/index.php\/wp-json\/wp\/v2\/posts\/64201\/revisions"}],"predecessor-version":[{"id":64203,"href":"https:\/\/bihavadis.com\/index.php\/wp-json\/wp\/v2\/posts\/64201\/revisions\/64203"}],"wp:featuredmedia":[{"embeddable":true,"href":"https:\/\/bihavadis.com\/index.php\/wp-json\/wp\/v2\/media\/64202"}],"wp:attachment":[{"href":"https:\/\/bihavadis.com\/index.php\/wp-json\/wp\/v2\/media?parent=64201"}],"wp:term":[{"taxonomy":"category","embeddable":true,"href":"https:\/\/bihavadis.com\/index.php\/wp-json\/wp\/v2\/categories?post=64201"},{"taxonomy":"post_tag","embeddable":true,"href":"https:\/\/bihavadis.com\/index.php\/wp-json\/wp\/v2\/tags?post=64201"}],"curies":[{"name":"wp","href":"https:\/\/api.w.org\/{rel}","templated":true}]}}