{"id":64210,"date":"2026-03-07T09:21:05","date_gmt":"2026-03-07T09:21:05","guid":{"rendered":"https:\/\/bihavadis.com\/?p=64210"},"modified":"2026-03-07T09:21:05","modified_gmt":"2026-03-07T09:21:05","slug":"oktay-afadi-ziyaret-etti","status":"publish","type":"post","link":"https:\/\/bihavadis.com\/index.php\/2026\/03\/07\/oktay-afadi-ziyaret-etti\/","title":{"rendered":"Oktay, AFAD&#8217;\u0131 Ziyaret Etti"},"content":{"rendered":"<p>TBMM D\u0131\u015fi\u015fleri Komisyonu Ba\u015fkan\u0131 ve AK Parti Ankara Milletvekili Fuat Oktay, 6 \u015eubat 2023&#8217;teki Kahramanmara\u015f merkezli depremlerin \u00fc\u00e7\u00fcnc\u00fc y\u0131l\u0131 dolay\u0131s\u0131yla Afet ve Acil Durum Y\u00f6netimi Ba\u015fkanl\u0131\u011f\u0131n\u0131 (AFAD) ziyaret etti.<\/p>\n<p>AFAD Koordinasyon Merkezi&#8217;nde personel ile bir araya gelen Fuat Oktay, burada yapt\u0131\u011f\u0131 konu\u015fmada, her \u015feyin yoluna girdi\u011fi, afetten etkilenen illerin aya\u011fa kalkt\u0131\u011f\u0131 bir ortamda AFAD personeliyle birlikte olman\u0131n ayr\u0131 bir g\u00fczelli\u011fi bulundu\u011funu s\u00f6yledi.<\/p>\n<p>Depremlerin T\u00fcrkiye&#8217;nin bir ger\u00e7e\u011fi oldu\u011funu belirten Oktay, afetlerin boyutunun da \u00e7e\u015fitlili\u011finin de artt\u0131\u011f\u0131 bir d\u00f6nemden ge\u00e7ildi\u011fine dikkati \u00e7ekti.<\/p>\n<p>B\u00f6yle bir d\u00f6nemde AFAD ve benzeri kurumlara ihtiyac\u0131n d\u00fcnden daha da fazla oldu\u011funu ifade eden Oktay, &#8220;AFAD demek, afete haz\u0131rl\u0131k demektir. AFAD d\u00fcnyada takip edilen bir kurumdur. Nas\u0131l ki T\u00fcrkiye \u00fclke olarak bir\u00e7ok konuda takip ediliyor, i\u00e7erisine girdi\u011fimizde de AFAD o anlamda takip edilen, gurur duyulan bir kurumumuzdur.&#8221; dedi.<\/p>\n<p>&#8220;AFAD&#8217;\u0131n koordinasyonunda muhte\u015fem bir \u00e7al\u0131\u015fma ortaya koyduk&#8221;<\/p>\n<p>6 \u015eubat 2023&#8217;te ya\u015fananlar\u0131 an\u0131msatan Oktay, \u015f\u00f6yle devam etti: <\/p>\n<p>&#8220;Tabii 6 \u015eubat 2023 saat 04.17, bir telefon ve b\u00fcy\u00fck bir deprem. 7,7 b\u00fcy\u00fckl\u00fc\u011f\u00fcnde, merkezi Mara\u015f olan depremi hepiniz hat\u0131rl\u0131yorsunuz. An\u0131nda hepimizin seferber oldu\u011fu, Cumhurba\u015fkan\u0131m\u0131zla an\u0131nda irtibat kurdu\u011fumuz, dakikalar i\u00e7erisinde o g\u00fcnk\u00fc Kabine&#8217;deki t\u00fcm arkada\u015flar\u0131m\u0131zla birlikte irtibata ge\u00e7ip burada bulu\u015ftuk. Dakikalar i\u00e7erisinde t\u00fcm Kabine&#8217;nin burada olmas\u0131, bir saat i\u00e7erisinde g\u00f6revlendirmelerin yap\u0131l\u0131yor olmas\u0131 ve sadece merkezde de\u011fil, t\u00fcm sahada bakanlar nezdinde g\u00f6revlendirmelerin yap\u0131l\u0131yor olmas\u0131 kolay bir olay de\u011fil. Buras\u0131 herhangi bir afet an\u0131nda b\u00fct\u00fcn kurumlar\u0131m\u0131z\u0131n yani T\u00fcrkiye&#8217;nin t\u00fcm kapasitesinin yans\u0131t\u0131ld\u0131\u011f\u0131 bir salondur. Buras\u0131 bir kriz merkezidir.<\/p>\n<p>7,7 b\u00fcy\u00fckl\u00fc\u011f\u00fcnde hemen akabinde de asl\u0131nda bir de\u011fil \u00fc\u00e7 b\u00fcy\u00fck deprem ya\u015fad\u0131k. Birle\u015fmi\u015f Milletler Genel Sekreter Yard\u0131mc\u0131s\u0131 bir heyetle geldi. O g\u00fcn bize s\u00f6yledi\u011fi \u015fuydu, ayn\u0131 g\u00fcnde bu kadar b\u00fcy\u00fckl\u00fckte ve bu kadar geni\u015f bir b\u00f6lgeyi yani 11 ili do\u011frudan ve dolayl\u0131 yoldan etkileyen 18 ili, yani yakla\u015f\u0131k 120 bin kilometrekarelik bir alandan bahsediyoruz. &#8216;Bu kadar b\u00fcy\u00fck depremi ayn\u0131 g\u00fcn ya\u015fayan, bu kadar b\u00fcy\u00fck \u00f6l\u00e7ekli alanda etkilenen b\u00f6yle bir afetin alt\u0131ndan T\u00fcrkiye&#8217;nin d\u0131\u015f\u0131nda hi\u00e7bir \u00fclkenin h\u0131zl\u0131 bir \u015fekilde kalkmas\u0131 m\u00fcmk\u00fcn de\u011fildir.&#8217; Hemen ilgili t\u00fcm kurumlar\u0131m\u0131zla birlikte 27 \u00e7al\u0131\u015fma kurumumuzu ilgilendiren yani bar\u0131nmas\u0131ndan, beslenmesinden, arama kurtarmas\u0131ndan g\u00fcvenli\u011fine, enerjisinden i\u00e7me suyuna, hasar tespitinden di\u011fer ilgili t\u00fcm alanlara kadarki b\u00fct\u00fcn kurumlar\u0131m\u0131z, bakanl\u0131klar\u0131m\u0131z AFAD&#8217;\u0131n koordinasyonunda muhte\u015fem bir \u00e7al\u0131\u015fma ortaya koyduk.&#8221;<\/p>\n<p>Birlik ve beraberli\u011fin \u00f6nemini vurgulayan Oktay, &#8220;Biz bir olduk\u00e7a, biz beraber olduk\u00e7a, biz g\u00fc\u00e7l\u00fc olduk\u00e7a, dayan\u0131\u015fma i\u00e7erisinde oldu\u011fumuz s\u00fcrece ne afetler ne de ba\u015fka hi\u00e7bir \u015feyin bizi olumsuz etkilemesi m\u00fcmk\u00fcn de\u011fil. Ne olursa olsun d\u00fcnk\u00fcnden \u00e7ok daha g\u00fc\u00e7l\u00fc \u015fekilde aya\u011fa kalkar\u0131z. 6 \u015eubat&#8217;taki ya\u015fad\u0131\u011f\u0131m\u0131z depremden sonra aya\u011fa kalkt\u0131\u011f\u0131m\u0131z gibi.&#8221; diye konu\u015ftu.<\/p>\n<p>AFAD personeline tek tek te\u015fekk\u00fcr eden Oktay, depremlerde hayat\u0131n\u0131 kaybeden vatanda\u015flara Cenab\u0131hakk&#8217;tan rahmet, yak\u0131nlar\u0131na ba\u015fsa\u011fl\u0131\u011f\u0131 diledi.<\/p>\n","protected":false},"excerpt":{"rendered":"<p>Fuat Oktay, deprem felaketinin \u00fc\u00e7\u00fcnc\u00fc y\u0131l\u0131nda AFAD&#8217;\u0131 ziyaret ederek koordinasyon \u00e7al\u0131\u015fmalar\u0131n\u0131 de\u011ferlendirdi.<\/p>\n","protected":false},"author":1,"featured_media":0,"comment_status":"open","ping_status":"open","sticky":false,"template":"","format":"standard","meta":{"footnotes":""},"categories":[12],"tags":[2544,1194,60,7419],"class_list":["post-64210","post","type-post","status-publish","format-standard","hentry","category-siyaset","tag-afad","tag-afet","tag-deprem","tag-oktay"],"_links":{"self":[{"href":"https:\/\/bihavadis.com\/index.php\/wp-json\/wp\/v2\/posts\/64210","targetHints":{"allow":["GET"]}}],"collection":[{"href":"https:\/\/bihavadis.com\/index.php\/wp-json\/wp\/v2\/posts"}],"about":[{"href":"https:\/\/bihavadis.com\/index.php\/wp-json\/wp\/v2\/types\/post"}],"author":[{"embeddable":true,"href":"https:\/\/bihavadis.com\/index.php\/wp-json\/wp\/v2\/users\/1"}],"replies":[{"embeddable":true,"href":"https:\/\/bihavadis.com\/index.php\/wp-json\/wp\/v2\/comments?post=64210"}],"version-history":[{"count":1,"href":"https:\/\/bihavadis.com\/index.php\/wp-json\/wp\/v2\/posts\/64210\/revisions"}],"predecessor-version":[{"id":64211,"href":"https:\/\/bihavadis.com\/index.php\/wp-json\/wp\/v2\/posts\/64210\/revisions\/64211"}],"wp:attachment":[{"href":"https:\/\/bihavadis.com\/index.php\/wp-json\/wp\/v2\/media?parent=64210"}],"wp:term":[{"taxonomy":"category","embeddable":true,"href":"https:\/\/bihavadis.com\/index.php\/wp-json\/wp\/v2\/categories?post=64210"},{"taxonomy":"post_tag","embeddable":true,"href":"https:\/\/bihavadis.com\/index.php\/wp-json\/wp\/v2\/tags?post=64210"}],"curies":[{"name":"wp","href":"https:\/\/api.w.org\/{rel}","templated":true}]}}