{"id":64253,"date":"2026-03-07T10:00:09","date_gmt":"2026-03-07T10:00:09","guid":{"rendered":"https:\/\/bihavadis.com\/?p=64253"},"modified":"2026-03-07T10:00:09","modified_gmt":"2026-03-07T10:00:09","slug":"avrupada-iki-kisiden-biri-turkiyede-bes-kisiden-biri-otomobil-sahibi","status":"publish","type":"post","link":"https:\/\/bihavadis.com\/index.php\/2026\/03\/07\/avrupada-iki-kisiden-biri-turkiyede-bes-kisiden-biri-otomobil-sahibi\/","title":{"rendered":"Avrupa\u2019da iki ki\u015fiden biri, T\u00fcrkiye\u2019de be\u015f ki\u015fiden biri otomobil sahibi"},"content":{"rendered":"<p>Avrupa\u2019da otomobil sahipli\u011fi yayg\u0131nl\u0131\u011f\u0131n\u0131 korurken, T\u00fcrkiye\u2019de bu oran h\u00e2l\u00e2 g\u00f6rece d\u00fc\u015f\u00fck seviyelerde seyrediyor. VavaCars\u2019\u0131n kamuya a\u00e7\u0131k verilerin analizine dayanarak haz\u0131rlad\u0131\u011f\u0131 rapor, ikinci el ara\u00e7lar\u0131n T\u00fcrkiye\u2019de yaln\u0131zca bir ula\u015f\u0131m arac\u0131 de\u011fil, ayn\u0131 zamanda de\u011ferini koruyan bir yat\u0131r\u0131m unsuru olarak konumland\u0131\u011f\u0131n\u0131 ortaya koyuyor. \u0130kinci el ara\u00e7 fiyatlar\u0131 d\u00f6viz kurlar\u0131ndaki dalgalanmalardan etkilenmeye devam etse de, T\u00fcrkiye\u2019de bu pazar hem g\u00fcnl\u00fck mobilite ihtiyac\u0131na hem de uzun vadeli de\u011fer koruma beklentisine yan\u0131t veriyor.\u00a0<\/p>\n<p>Avrupa \u00fclkeleriyle k\u0131yasland\u0131\u011f\u0131nda T\u00fcrkiye\u2019de ara\u00e7 sahipli\u011finin g\u00f6rece d\u00fc\u015f\u00fck seviyede kalmas\u0131, \u00f6zellikle ikinci el otomobil pazar\u0131nda g\u00fc\u00e7l\u00fc bir b\u00fcy\u00fcme potansiyeline i\u015faret ediyor. 2024 y\u0131l\u0131nda 1.000 ki\u015fiye d\u00fc\u015fen otomobil say\u0131s\u0131 Avrupa ortalamas\u0131nda 564 iken, T\u00fcrkiye\u2019de bu rakam 190 olarak kaydedilmi\u015fti. 2025 verilerine g\u00f6re ise Avrupa ortalamas\u0131 574\u2019e, T\u00fcrkiye ortalamas\u0131 ise 203\u2019e y\u00fckseldi. T\u00fcrkiye\u2019deki art\u0131\u015f h\u0131z\u0131n\u0131n Avrupa ortalamas\u0131ndan daha y\u00fcksek olmas\u0131, pazar\u0131n b\u00fcy\u00fcme potansiyelini destekler nitelikte.<\/p>\n<p>Bu veriler, Avrupa\u2019da neredeyse her iki ki\u015fiden birinin otomobil sahibi oldu\u011funu g\u00f6sterirken, T\u00fcrkiye\u2019de yakla\u015f\u0131k her be\u015f ki\u015fiye bir otomobil d\u00fc\u015ft\u00fc\u011f\u00fcne i\u015faret ediyor. T\u00dc\u0130K verilerine g\u00f6re T\u00fcrkiye\u2019de trafi\u011fe kay\u0131tl\u0131 otomobil say\u0131s\u0131 17,4 milyon seviyesinde bulunuyor. Bu say\u0131, toplam n\u00fcfusun yakla\u015f\u0131k y\u00fczde 20\u2019sine ve yeti\u015fkin n\u00fcfusun y\u00fczde 26\u2019s\u0131na kar\u015f\u0131l\u0131k geliyor.<\/p>\n<p><img decoding=\"async\" src=\"https:\/\/bihavadis.com\/wp-content\/uploads\/2026\/03\/avrupada-iki-kisiden-biri-turkiyede-bes-kisiden-biri-otomobil-sahibi-0-tTlyUUN8.jpg\"\/><\/p>\n<p><strong>2025 VER\u0130LER\u0130 B\u00dcY\u00dcME POTANS\u0130YEL\u0130N\u0130 DESTEKL\u0130YOR<\/strong><\/p>\n<p>Makroekonomik s\u0131k\u0131la\u015fma, finansmana eri\u015fimdeki zorluklar ve artan maliyetlere ra\u011fmen, T\u00fcrkiye otomotiv pazar\u0131 2025 y\u0131l\u0131nda b\u00fcy\u00fcmesini s\u00fcrd\u00fcrd\u00fc. Y\u0131l boyunca 1,1 milyon adet s\u0131f\u0131r, 7,5 milyon adet ikinci el ara\u00e7 sat\u0131\u015f\u0131 ger\u00e7ekle\u015fti. S\u0131f\u0131r ve ikinci el pazar\u0131ndaki bu hareketlilik, T\u00fcrkiye otomotiv pazar\u0131ndaki talebin k\u0131sa vadeli dalgalanmalardan ba\u011f\u0131ms\u0131z olarak yap\u0131sal bir zemine oturdu\u011funu g\u00f6steriyor.<\/p>\n<p><img decoding=\"async\" src=\"https:\/\/bihavadis.com\/wp-content\/uploads\/2026\/03\/avrupada-iki-kisiden-biri-turkiyede-bes-kisiden-biri-otomobil-sahibi-1-qQnAAuGa.jpg\"\/><\/p>\n<p><strong>\u201cT\u00dcRK\u0130YE OTOMOT\u0130V PAZARI ORTA VE UZUN VADEDE B\u00dcY\u00dcME POTANS\u0130YEL\u0130NE SAH\u0130P\u201d<\/strong><\/p>\n<p>VavaCars Ticari Grup Ba\u015fkan\u0131 Serd\u0131l G\u00f6zelekli konuya ili\u015fkin de\u011ferlendirmesinde \u015funlar\u0131 s\u00f6yledi:<\/p>\n<p>T\u00fcrkiye\u2019de ikinci el ara\u00e7lar, \u00e7ip krizi gibi ola\u011fan\u00fcst\u00fc ko\u015fullar\u0131n yaratt\u0131\u011f\u0131 h\u0131zl\u0131 de\u011fer art\u0131\u015f\u0131 d\u00f6nemini geride b\u0131rak\u0131yor. Pazar dinamiklerinin daha dengeli ve \u00f6ng\u00f6r\u00fclebilir bir yap\u0131ya kavu\u015fmas\u0131yla birlikte ikinci el ara\u00e7lar, bug\u00fcn g\u00fcnl\u00fck kullan\u0131m ile de\u011fer koruma beklentisini bir arada sunan g\u00fc\u00e7l\u00fc bir konuma yerle\u015fiyor. Avrupa\u2019ya k\u0131yasla d\u00fc\u015f\u00fck seviyelerde seyreden ara\u00e7 sahipli\u011fi ise T\u00fcrkiye otomotiv pazar\u0131nda orta ve uzun vadede \u00f6nemli bir b\u00fcy\u00fcme potansiyeline i\u015faret ediyor. \u00d6zellikle ikinci el pazar\u0131n\u0131n, bu potansiyelin hayata ge\u00e7irilmesinde kilit bir rol \u00fcstlendi\u011fini g\u00f6r\u00fcyoruz.<\/p>\n<p><img decoding=\"async\" src=\"https:\/\/bihavadis.com\/wp-content\/uploads\/2026\/03\/avrupada-iki-kisiden-biri-turkiyede-bes-kisiden-biri-otomobil-sahibi-2-NMaYH8E7.jpg\"\/> <\/p>\n<div> <span><strong>Kaynak:<\/strong> Ensonhaber Haber Merkezi<\/span> <\/div>\n","protected":false},"excerpt":{"rendered":"<p>Avrupa\u2019da otomobil sahipli\u011fi yayg\u0131nl\u0131\u011f\u0131n\u0131 korurken, T\u00fcrkiye\u2019de bu oran h\u00e2l\u00e2 g\u00f6rece d\u00fc\u015f\u00fck seviyelerde seyrediyor. VavaCars\u2019\u0131n kamuya a\u00e7\u0131k verilerin analizine dayanarak haz\u0131rlad\u0131\u011f\u0131 rapor, ikinci el ara\u00e7lar\u0131n T\u00fcrkiye\u2019de yaln\u0131zca bir ula\u015f\u0131m arac\u0131 de\u011fil &#8230;<\/p>\n","protected":false},"author":1,"featured_media":64254,"comment_status":"open","ping_status":"open","sticky":false,"template":"","format":"standard","meta":{"footnotes":""},"categories":[8],"tags":[1090,2203,407,347,2041],"class_list":["post-64253","post","type-post","status-publish","format-standard","has-post-thumbnail","hentry","category-ekonomi","tag-avrupa","tag-buyume","tag-orta","tag-pazar","tag-turkiyede"],"_links":{"self":[{"href":"https:\/\/bihavadis.com\/index.php\/wp-json\/wp\/v2\/posts\/64253","targetHints":{"allow":["GET"]}}],"collection":[{"href":"https:\/\/bihavadis.com\/index.php\/wp-json\/wp\/v2\/posts"}],"about":[{"href":"https:\/\/bihavadis.com\/index.php\/wp-json\/wp\/v2\/types\/post"}],"author":[{"embeddable":true,"href":"https:\/\/bihavadis.com\/index.php\/wp-json\/wp\/v2\/users\/1"}],"replies":[{"embeddable":true,"href":"https:\/\/bihavadis.com\/index.php\/wp-json\/wp\/v2\/comments?post=64253"}],"version-history":[{"count":1,"href":"https:\/\/bihavadis.com\/index.php\/wp-json\/wp\/v2\/posts\/64253\/revisions"}],"predecessor-version":[{"id":64258,"href":"https:\/\/bihavadis.com\/index.php\/wp-json\/wp\/v2\/posts\/64253\/revisions\/64258"}],"wp:featuredmedia":[{"embeddable":true,"href":"https:\/\/bihavadis.com\/index.php\/wp-json\/wp\/v2\/media\/64254"}],"wp:attachment":[{"href":"https:\/\/bihavadis.com\/index.php\/wp-json\/wp\/v2\/media?parent=64253"}],"wp:term":[{"taxonomy":"category","embeddable":true,"href":"https:\/\/bihavadis.com\/index.php\/wp-json\/wp\/v2\/categories?post=64253"},{"taxonomy":"post_tag","embeddable":true,"href":"https:\/\/bihavadis.com\/index.php\/wp-json\/wp\/v2\/tags?post=64253"}],"curies":[{"name":"wp","href":"https:\/\/api.w.org\/{rel}","templated":true}]}}