{"id":64265,"date":"2026-03-07T10:09:06","date_gmt":"2026-03-07T10:09:06","guid":{"rendered":"https:\/\/bihavadis.com\/?p=64265"},"modified":"2026-03-07T10:09:06","modified_gmt":"2026-03-07T10:09:06","slug":"deprem-ve-ihmal-kavuncudan-kritik-uyari","status":"publish","type":"post","link":"https:\/\/bihavadis.com\/index.php\/2026\/03\/07\/deprem-ve-ihmal-kavuncudan-kritik-uyari\/","title":{"rendered":"Deprem ve \u0130hmal: Kavuncu&#8217;dan Kritik Uyar\u0131"},"content":{"rendered":"<p> \u0130Y\u0130 Parti Genel Ba\u015fkan Yard\u0131mc\u0131s\u0131 ve Parti S\u00f6zc\u00fcs\u00fc Bu\u011fra Kavuncu, &#8220;Deprem \u00f6ld\u00fcrmez, ihmal \u00f6ld\u00fcr\u00fcr&#8221; c\u00fcmlesinin \u00f6zellikle deprem b\u00f6lgesi bir \u00fclkede herkesin zihnine kaz\u0131nmas\u0131 gerekti\u011fini bildirdi.<\/p>\n<p>Kavuncu, 6 \u015eubat 2023&#8217;te meydana gelen Kahramanmara\u015f merkezli depremlerin 3. y\u0131l d\u00f6n\u00fcm\u00fc dolay\u0131s\u0131yla partisinin \u0130stanbul \u0130l Ba\u015fkanl\u0131\u011f\u0131nda d\u00fczenledi\u011fi bas\u0131n toplant\u0131s\u0131nda, T\u00fcrkiye&#8217;nin bir deprem \u00fclkesi oldu\u011funu s\u00f6yledi.<\/p>\n<p>Depremin hemen ard\u0131ndan Hatay&#8217;a gitti\u011fini belirten Kavuncu, &#8220;Depremin ilk g\u00fcnlerinde, deprem b\u00f6lgesinde insano\u011flunun ya\u015fayabilece\u011fi en b\u00fcy\u00fck ac\u0131y\u0131 g\u00f6rd\u00fck. Evlad\u0131n\u0131n enkaz alt\u0131nda g\u00f6zlerinin \u00f6n\u00fcnde can verdi\u011fine \u015fahit olan ana babalar\u0131n ac\u0131s\u0131n\u0131 halen unutam\u0131yorum.&#8221; diye konu\u015ftu.<\/p>\n<p>T\u00fcrkiye&#8217;nin \u00e7ok ciddi bir felaket ya\u015fad\u0131\u011f\u0131n\u0131 dile getiren Kavuncu, &#8220;&#8216;Deprem \u00f6ld\u00fcrmez, ihmal \u00f6ld\u00fcr\u00fcr&#8217;. Bu c\u00fcmle \u00f6zellikle deprem b\u00f6lgesi olan bir \u00fclkede hepimizin zihnine kaz\u0131nmal\u0131d\u0131r. Depremde can ve mal kayb\u0131 kader de\u011fildir.&#8221; ifadesini kulland\u0131.<\/p>\n<p>Bu\u011fra Kavuncu, depremler sonras\u0131nda m\u00fcteahhitler hakk\u0131nda y\u00fcr\u00fct\u00fclen yarg\u0131 s\u00fcre\u00e7lerinin yava\u015f ilerledi\u011fini kaydetti.<\/p>\n<p>Kavuncu, TBMM&#8217;de depremle ilgili kurulan ara\u015ft\u0131rma komisyonlar\u0131nca 2010 ve 2021 y\u0131llar\u0131nda haz\u0131rlanan raporlarda, imar aflar\u0131, afet \u00f6ncesi tedbirlerin yetersizli\u011fi ve koordinasyon sorunlar\u0131n\u0131n a\u00e7\u0131k\u00e7a tespit edildi\u011fini aktard\u0131.<\/p>\n<p>\u0130Y\u0130 Parti S\u00f6zc\u00fcs\u00fc Kavuncu, 2023&#8217;te yap\u0131lan Cumhurba\u015fkan\u0131 ve Milletvekili Genel Se\u00e7imleri&#8217;nden hemen \u00f6nce kurulan komisyonun 787 sayfal\u0131k bir rapor haz\u0131rlad\u0131\u011f\u0131n\u0131, bunlar\u0131n se\u00e7im d\u00f6nemine denk gelmesi nedeniyle TBMM Genel Kurulu&#8217;nda g\u00f6r\u00fc\u015f\u00fclemedi\u011fini dile getirdi.<\/p>\n<p>\u0130stanbul&#8217;da milyonlarca insan\u0131n halen ciddi risk alt\u0131nda ya\u015fad\u0131\u011f\u0131n\u0131, y\u00fcz binlerce konutun acilen d\u00f6n\u00fc\u015ft\u00fcr\u00fclmesi gerekti\u011fini anlatan Kavuncu, kentsel d\u00f6n\u00fc\u015f\u00fcm\u00fcn finansman ve koordinasyon sorunlar\u0131 nedeniyle yava\u015f ilerledi\u011fini iddia etti.<\/p>\n<p>Deprem konusunun siyaset \u00fcst\u00fc ele al\u0131nmas\u0131 gerekti\u011fini belirten Kavuncu, burada koordineli bir \u015fekilde \u00e7al\u0131\u015fmak zorunda olundu\u011funu s\u00f6zlerine ekledi.<\/p>\n","protected":false},"excerpt":{"rendered":"<p>\u0130Y\u0130 Parti S\u00f6zc\u00fcs\u00fc Kavuncu, depremin de\u011fil, ihmalin can kayb\u0131na yol a\u00e7t\u0131\u011f\u0131n\u0131 vurgulad\u0131.<\/p>\n","protected":false},"author":1,"featured_media":64266,"comment_status":"open","ping_status":"open","sticky":false,"template":"","format":"standard","meta":{"footnotes":""},"categories":[12],"tags":[60,5174],"class_list":["post-64265","post","type-post","status-publish","format-standard","has-post-thumbnail","hentry","category-siyaset","tag-deprem","tag-kavuncu"],"_links":{"self":[{"href":"https:\/\/bihavadis.com\/index.php\/wp-json\/wp\/v2\/posts\/64265","targetHints":{"allow":["GET"]}}],"collection":[{"href":"https:\/\/bihavadis.com\/index.php\/wp-json\/wp\/v2\/posts"}],"about":[{"href":"https:\/\/bihavadis.com\/index.php\/wp-json\/wp\/v2\/types\/post"}],"author":[{"embeddable":true,"href":"https:\/\/bihavadis.com\/index.php\/wp-json\/wp\/v2\/users\/1"}],"replies":[{"embeddable":true,"href":"https:\/\/bihavadis.com\/index.php\/wp-json\/wp\/v2\/comments?post=64265"}],"version-history":[{"count":1,"href":"https:\/\/bihavadis.com\/index.php\/wp-json\/wp\/v2\/posts\/64265\/revisions"}],"predecessor-version":[{"id":64267,"href":"https:\/\/bihavadis.com\/index.php\/wp-json\/wp\/v2\/posts\/64265\/revisions\/64267"}],"wp:featuredmedia":[{"embeddable":true,"href":"https:\/\/bihavadis.com\/index.php\/wp-json\/wp\/v2\/media\/64266"}],"wp:attachment":[{"href":"https:\/\/bihavadis.com\/index.php\/wp-json\/wp\/v2\/media?parent=64265"}],"wp:term":[{"taxonomy":"category","embeddable":true,"href":"https:\/\/bihavadis.com\/index.php\/wp-json\/wp\/v2\/categories?post=64265"},{"taxonomy":"post_tag","embeddable":true,"href":"https:\/\/bihavadis.com\/index.php\/wp-json\/wp\/v2\/tags?post=64265"}],"curies":[{"name":"wp","href":"https:\/\/api.w.org\/{rel}","templated":true}]}}