{"id":64293,"date":"2026-03-07T10:36:11","date_gmt":"2026-03-07T10:36:11","guid":{"rendered":"https:\/\/bihavadis.com\/?p=64293"},"modified":"2026-03-07T10:36:11","modified_gmt":"2026-03-07T10:36:11","slug":"izmirde-kiz-kardeslerin-cesetleri-bulundu","status":"publish","type":"post","link":"https:\/\/bihavadis.com\/index.php\/2026\/03\/07\/izmirde-kiz-kardeslerin-cesetleri-bulundu\/","title":{"rendered":"\u0130zmir&#8217;de K\u0131z Karde\u015flerin Cesetleri Bulundu"},"content":{"rendered":"<p> \u0130zmir&#8217;in Menderes il\u00e7esinde dere yata\u011f\u0131na d\u00fc\u015fen otomobildeki 2 k\u0131z karde\u015fin cesetlerine ula\u015f\u0131ld\u0131.<\/p>\n<p>O\u011flananas\u0131 Mahallesi&#8217;nde 35 CPV 616 plakal\u0131 otomobilin dere yata\u011f\u0131na d\u00fc\u015ft\u00fc\u011f\u00fc ihbar\u0131 \u00fczerine, olay yerine AFAD, jandarma ve sa\u011fl\u0131k ekipleri sevk edildi.<\/p>\n<p>Ekipler, yapt\u0131klar\u0131 \u00e7al\u0131\u015fmada, otomobildeki Nergiz (21) ve k\u0131z karde\u015fi Bal\u0131mnaz T\u00fcrkkal&#8217;\u0131n (16) cesedine ula\u015ft\u0131.<\/p>\n<p>Karde\u015flerin cesetleri, olay yerindeki incelemenin ard\u0131ndan \u0130zmir Adli T\u0131p Kurumu morguna kald\u0131r\u0131ld\u0131.<\/p>\n<p>Ekipler, otomobili bulundu\u011fu yerden \u00e7\u0131karmak i\u00e7in \u00e7al\u0131\u015fmalar\u0131n\u0131 s\u00fcrd\u00fcr\u00fcyor.<\/p>\n<p>\u00d6te yandan, olay\u0131n d\u00fcn gece ya\u015fand\u0131\u011f\u0131, ara\u00e7tan kendi imkanlar\u0131yla \u00e7\u0131kan otomobil s\u00fcr\u00fcc\u00fcs\u00fc T.D. (33) ve D.Y&#8217;nin (28) durumu sabah jandarmaya bildirdi\u011fi \u00f6\u011frenildi.<\/p>\n<p>S\u00fcr\u00fcc\u00fc, jandarma ekiplerince g\u00f6zalt\u0131na al\u0131nd\u0131.<\/p>\n<p>Olay yeri inceleme ekipleri, otomobilin dereye nas\u0131l d\u00fc\u015ft\u00fc\u011f\u00fcne ili\u015fkin \u00e7al\u0131\u015fmalar\u0131n\u0131 s\u00fcrd\u00fcr\u00fcyor.<\/p>\n","protected":false},"excerpt":{"rendered":"<p>Menderes&#8217;te dereye d\u00fc\u015fen otomobildeki 2 k\u0131z karde\u015fin cesetlerine ula\u015f\u0131ld\u0131, s\u00fcr\u00fcc\u00fc g\u00f6zalt\u0131nda.<\/p>\n","protected":false},"author":1,"featured_media":64294,"comment_status":"open","ping_status":"open","sticky":false,"template":"","format":"standard","meta":{"footnotes":""},"categories":[9,4,13],"tags":[280],"class_list":["post-64293","post","type-post","status-publish","format-standard","has-post-thumbnail","hentry","category-genel","category-gundem","category-son-dakika","tag-otomobil"],"_links":{"self":[{"href":"https:\/\/bihavadis.com\/index.php\/wp-json\/wp\/v2\/posts\/64293","targetHints":{"allow":["GET"]}}],"collection":[{"href":"https:\/\/bihavadis.com\/index.php\/wp-json\/wp\/v2\/posts"}],"about":[{"href":"https:\/\/bihavadis.com\/index.php\/wp-json\/wp\/v2\/types\/post"}],"author":[{"embeddable":true,"href":"https:\/\/bihavadis.com\/index.php\/wp-json\/wp\/v2\/users\/1"}],"replies":[{"embeddable":true,"href":"https:\/\/bihavadis.com\/index.php\/wp-json\/wp\/v2\/comments?post=64293"}],"version-history":[{"count":1,"href":"https:\/\/bihavadis.com\/index.php\/wp-json\/wp\/v2\/posts\/64293\/revisions"}],"predecessor-version":[{"id":64295,"href":"https:\/\/bihavadis.com\/index.php\/wp-json\/wp\/v2\/posts\/64293\/revisions\/64295"}],"wp:featuredmedia":[{"embeddable":true,"href":"https:\/\/bihavadis.com\/index.php\/wp-json\/wp\/v2\/media\/64294"}],"wp:attachment":[{"href":"https:\/\/bihavadis.com\/index.php\/wp-json\/wp\/v2\/media?parent=64293"}],"wp:term":[{"taxonomy":"category","embeddable":true,"href":"https:\/\/bihavadis.com\/index.php\/wp-json\/wp\/v2\/categories?post=64293"},{"taxonomy":"post_tag","embeddable":true,"href":"https:\/\/bihavadis.com\/index.php\/wp-json\/wp\/v2\/tags?post=64293"}],"curies":[{"name":"wp","href":"https:\/\/api.w.org\/{rel}","templated":true}]}}