{"id":64382,"date":"2026-03-07T11:45:07","date_gmt":"2026-03-07T11:45:07","guid":{"rendered":"https:\/\/bihavadis.com\/?p=64382"},"modified":"2026-03-07T11:45:07","modified_gmt":"2026-03-07T11:45:07","slug":"izmir-itfaiyesi-korusuna-ilk-fidanlar-dikildi","status":"publish","type":"post","link":"https:\/\/bihavadis.com\/index.php\/2026\/03\/07\/izmir-itfaiyesi-korusuna-ilk-fidanlar-dikildi\/","title":{"rendered":"\u0130zmir \u0130tfaiyesi Korusu&#8217;na ilk fidanlar dikildi"},"content":{"rendered":"<p>\u0130zmir B\u00fcy\u00fck\u015fehir Belediye Ba\u015fkan\u0131 Dr. Cemil Tugay, Bornova A\u015f\u0131k Veysel Rekreasyon Alan\u0131\u2019n\u0131n yan\u0131nda olu\u015fturulan 8 bin metrekarelik \u0130zmir \u0130tfaiyesi Korusu\u2019nda a\u011fa\u00e7lar\u0131 toprakla bulu\u015fturdu. \u0130tfaiye personeli ve \u00e7ocuklarla birlikte dikim yapan Ba\u015fkan Tugay, korunun gece g\u00fcnd\u00fcz \u00e7al\u0131\u015fan itfaiyecilere ithaf edildi\u011fini ve her bir a\u011fac\u0131n \u015fehrin oksijeni oldu\u011funu vurgulad\u0131.<\/p>\n<p>\u0130zmir B\u00fcy\u00fck\u015fehir Belediyesi, kent ekolojisini g\u00fc\u00e7lendirmek ve iklim de\u011fi\u015fikli\u011fiyle m\u00fccadeleye katk\u0131 sa\u011flamak amac\u0131yla Bornova\u2019da mikro orman \u00e7al\u0131\u015fmalar\u0131n\u0131 ba\u015flatt\u0131. A\u015f\u0131k Veysel Rekreasyon Alan\u0131 yan\u0131ndaki 8 bin metrekarelik alana ilk a\u011fa\u00e7lar, \u0130zmir B\u00fcy\u00fck\u015fehir Belediye Ba\u015fkan\u0131 Dr. Cemil Tugay\u2019\u0131n kat\u0131ld\u0131\u011f\u0131 t\u00f6renle dikildi. \u0130zmir\u2019in iklimine uygun yakla\u015f\u0131k 10 bin a\u011fa\u00e7 ve \u00e7al\u0131 bitkisinin dikilece\u011fi mikro ormana, yang\u0131nlarla m\u00fccadelede canlar\u0131n\u0131 ortaya koyan itfaiye personelinin onuruna \u201c\u0130zmir \u0130tfaiyesi Korusu\u201d ad\u0131 verildi. Ba\u015fkan Tugay, Talatpa\u015fa Ortaokulu ve \u015eehit Sevda G\u00fcng\u00f6r \u00d6zel E\u011fitim Uygulama Okulu \u00f6\u011frencileri ile itfaiye personeli e\u015fli\u011finde fidanlar\u0131 toprakla bulu\u015fturdu.<\/p>\n<p><strong>\u201cBen medeniyim diyen bir \u015fehir, a\u011fac\u0131na do\u011fas\u0131na sahip \u00e7\u0131kacak\u201d<\/strong><\/p>\n<p>A\u011fa\u00e7land\u0131rma t\u00f6reninde konu\u015fan Ba\u015fkan Tugay, medeni \u015fehirlerin a\u011fac\u0131na ve do\u011fas\u0131na sahip \u00e7\u0131kt\u0131\u011f\u0131n\u0131 belirterek, \u201cGitti\u011finiz bir yerde ye\u015fil doku ne kadar yo\u011funsa, oradaki insanlar da do\u011fay\u0131 korumay\u0131 ba\u015farm\u0131\u015f demektir. Do\u011fa ile birlikte ya\u015famay\u0131 \u00f6\u011frenmeliyiz. Belediyeler \u00e7al\u0131\u015fmalar yapsa da as\u0131l sorumluluk her yurtta\u015f\u0131nd\u0131r; \u00e7ocukluktan itibaren do\u011fay\u0131 koruma bilincini kazanmak ve ya\u015fam alanlar\u0131m\u0131z\u0131 korumak herkesin g\u00f6revidir\u201d dedi.<\/p>\n<p><strong>\u201cG\u00f6revim bitene kadar ka\u00e7 a\u011fa\u00e7 dikti\u011fime bakar\u0131m\u201d<\/strong><\/p>\n<p>\u0130zmir\u2019in d\u00f6rt bir yan\u0131nda a\u011fa\u00e7land\u0131rma \u00e7al\u0131\u015fmalar\u0131n\u0131n devam etti\u011fini ifade eden Ba\u015fkan Tugay, \u201c\u015eehrimizin pek \u00e7ok yerinde hem a\u011fa\u00e7land\u0131rma \u00e7al\u0131\u015fmas\u0131 hem de rekreasyon alan\u0131 d\u00fczenlemesi yap\u0131yoruz; \u00e7o\u011fu alan\u0131n varl\u0131\u011f\u0131ndan kimse haberdar de\u011fil. Ben g\u00f6reve ba\u015flad\u0131\u011f\u0131m andan itibaren, g\u00f6revim sona erdi\u011finde ne kadar a\u011fa\u00e7 dikti\u011fime bakar\u0131m. Ne kadar \u00e7ok bu g\u00f6revi yerine getirdi\u011fimize bakar\u0131m; ba\u015far\u0131 kriterlerimizden biri budur. Kendime s\u00f6z verdim; ben do\u011faya, a\u011faca ve bitkilere d\u00fc\u015fk\u00fcn bir insan\u0131m. Onlar olmazsa ya\u015fam\u0131n tad\u0131 olmad\u0131\u011f\u0131n\u0131 d\u00fc\u015f\u00fcn\u00fcyorum. Bu nedenle ba\u015fkanl\u0131k g\u00f6revimde azami gayretle, ne kadar \u00e7ok yapabilirsek o kadar \u00e7ok a\u011fa\u00e7 dikece\u011fiz. \u015eehrimizi ye\u015fillendirece\u011fiz ve bu g\u00f6r\u00fcnt\u00fcyle mutlu olaca\u011f\u0131z. Her a\u011fa\u00e7 bu \u015fehrin oksijeni. Bizler a\u011fa\u00e7lar\u0131 dikece\u011fiz, ancak her vatanda\u015f\u0131m\u0131z buralar\u0131 g\u00f6z\u00fc gibi korumay\u0131 da bilecek\u201d dedi.<\/p>\n<p><strong>\u201cOnlar bizim i\u00e7in birer kahraman\u201d<\/strong><\/p>\n<p>Fidanlar\u0131 toprakla bulu\u015fan korunun, ba\u015fta g\u00f6revi ba\u015f\u0131nda ya\u015fam\u0131n\u0131 yitiren itfaiyeciler olmak \u00fczere t\u00fcm itfaiyeciler an\u0131s\u0131na kuruldu\u011funu belirten Ba\u015fkan Tugay, \u201cBug\u00fcn itfaiyemizin kahraman erleri burada. Onlar bizim i\u00e7in birer kahraman. Yeni itfaiye erlerimiz ve ara\u00e7lar\u0131m\u0131zla, \u00e7ok daha g\u00fc\u00e7l\u00fc bir itfaiyesi olan \u015fehir olaca\u011f\u0131z. Ne zaman bir yang\u0131n s\u00f6nd\u00fcrme \u00e7al\u0131\u015fmas\u0131n\u0131 izlesem, yapt\u0131klar\u0131 i\u015fin ne kadar zor oldu\u011funu ve haklar\u0131n\u0131n \u00f6denemeyece\u011fini d\u00fc\u015f\u00fcn\u00fcyorum. Maddi olarak de\u011fil, manevi olarak da itfaiyecilerimizi onurland\u0131rmak gerekiyor. Bu k\u00fc\u00e7\u00fck ormanl\u0131k alan, onlara ithaf edilmi\u015f bir yer olacak. Ge\u00e7en y\u0131l ekiplerimiz 15 bin 800 yang\u0131na m\u00fcdahale etti, yakla\u015f\u0131k 12 bin kurtarma operasyonu ger\u00e7ekle\u015ftirdi. Bu kadar b\u00fcy\u00fck say\u0131y\u0131, gece g\u00fcnd\u00fcz \u00e7al\u0131\u015fmalar\u0131yla sa\u011fl\u0131yorlar. \u0130nsanlar uyurken veya bayramda bile g\u00f6rev ba\u015f\u0131ndalar. Her biri bizim i\u00e7in ayr\u0131 bir gurur kayna\u011f\u0131d\u0131r\u201d dedi.<\/p>\n<p><strong>10 binin \u00fczerinde bitki<\/strong><\/p>\n<p>8 bin metrekarelik \u0130zmir \u0130tfaiyesi Korusu\u2019na delice zeytin, i\u011fde, ke\u00e7iboynuzu, do\u011fu \u00e7\u0131nar\u0131, defne, Anadolu s\u0131\u011flas\u0131, ak\u00e7aa\u011fa\u00e7, incir, kavak, beyaz dut, ligustrum, tijli alev a\u011fac\u0131, adi di\u015fbudak t\u00fcrleri ba\u015fta olmak \u00fczere 4 bin 178 a\u011fa\u00e7 ve 5 bin 900 \u00e7al\u0131 dikimi ger\u00e7ekle\u015ftirilecek. Yap\u0131lan d\u00fczenlemelerle mikro orman alan\u0131 renkli ve \u00e7e\u015fitli dokusuyla kente de\u011fer katacak.<\/p>\n<p><strong>Mikro ormanla 20 y\u0131lda olu\u015facak ekosistem daha k\u0131sa s\u00fcrede kuruluyor<\/strong><\/p>\n<p>Mikro ormanlar, bir alana daha s\u0131k a\u011fa\u00e7 dikilerek, bitkilerin daha k\u0131sa s\u00fcrede b\u00fcy\u00fcmesini sa\u011flayan minimal orman projeleri olarak biliniyor. Miyawaki y\u00f6ntemi olarak adland\u0131r\u0131lan bu y\u00f6ntem, yerel t\u00fcrleri bir araya getirerek do\u011fal orman geli\u015fimini h\u0131zland\u0131r\u0131yor. B\u00f6ylece 20\u201330 y\u0131lda olu\u015fabilecek bir ekosistem, \u00e7ok daha k\u0131sa s\u00fcrede kendi kendine ya\u015fayabilen bir yap\u0131ya d\u00f6n\u00fc\u015f\u00fcyor. Do\u011faya ve iklime uygun \u015fekilde kente yeni ye\u015fil alanlar kazand\u0131rmak amac\u0131yla olu\u015fturulan mikro ormanlar, hem yerel bitki \u00e7e\u015fitlili\u011fini art\u0131r\u0131yor hem de iklim krizine kar\u015f\u0131 biyolojik m\u00fccadele sa\u011fl\u0131yor. Proje, \u0130zmir\u2019in canl\u0131 ekosistemi i\u00e7in \u00f6nemli katk\u0131lar sunarken, sadece orman i\u00e7indeki ya\u015fam\u0131 de\u011fil, toprak alt\u0131ndaki canl\u0131 \u00e7e\u015fitlili\u011fini de zenginle\u015ftiriyor.<\/p>\n<p><strong>B\u00fcy\u00fck\u015fehir\u2019in kompost g\u00fcbreleriyle b\u00fcy\u00fcyecek<\/strong><\/p>\n<p>Park ve Bah\u00e7eler Dairesi Ba\u015fkanl\u0131\u011f\u0131, yeni olu\u015fturulan orman alanlar\u0131n\u0131n verimlili\u011fini ve su tutumunu en \u00fcst d\u00fczeye \u00e7\u0131karmak i\u00e7in kendi b\u00fcnyesinde \u00fcretti\u011fi kompost g\u00fcbreleri kullan\u0131yor. \u0130zmir B\u00fcy\u00fck\u015fehir Belediyesi\u2019ne ait alanlardan elde edilen budama art\u0131\u011f\u0131, \u00e7im kal\u0131nt\u0131lar\u0131, ye\u015fil at\u0131klar ve at\u00f6lyelerden \u00e7\u0131kan tala\u015f at\u0131klar\u0131, Bornova yerle\u015fkesinde \u0130zmir Do\u011fal Ya\u015fam Park\u0131\u2019ndan getirilen hayvansal g\u00fcbre ile birle\u015ftiriliyor. Uygun s\u0131cakl\u0131k, nem ve azot ko\u015fullar\u0131 sa\u011flanarak d\u00f6n\u00fc\u015ft\u00fcr\u00fclen bu kar\u0131\u015f\u0131m, mikro ormanlar\u0131n geli\u015fimi i\u00e7in kullan\u0131larak do\u011fal bir d\u00f6ng\u00fc olu\u015fturuluyor. \u0130zmir B\u00fcy\u00fck\u015fehir Belediyesi\u2019nin kentin at\u0131l alanlar\u0131n\u0131, do\u011fayla uyumlu mikro ormanlara (mikroforest) d\u00f6n\u00fc\u015ft\u00fcrme \u00e7al\u0131\u015fmalar\u0131 kapsam\u0131nda, Kar\u015f\u0131yaka ve Gaziemir\u2019de de toplam 4 bin metrekarelik alan\u0131 mikro ormana d\u00f6n\u00fc\u015ft\u00fcrm\u00fc\u015ft\u00fc.<\/p>\n<p>\u00a0<\/p>\n<p>\u00a0<\/p>\n<p>Kaynak: (BYZHA) Beyaz Haber Ajans\u0131<\/p>\n","protected":false},"excerpt":{"rendered":"<p>\u0130zmir B\u00fcy\u00fck\u015fehir Belediye Ba\u015fkan\u0131 Dr. Cemil Tugay, Bornova A\u015f\u0131k Veysel Rekreasyon Alan\u0131\u2019n\u0131n yan\u0131nda olu\u015fturulan 8 bin metrekarelik \u0130zmir \u0130tfaiyesi Korusu\u2019nda a\u011fa\u00e7lar\u0131 toprakla bulu\u015fturdu.<\/p>\n","protected":false},"author":1,"featured_media":64383,"comment_status":"open","ping_status":"open","sticky":false,"template":"","format":"standard","meta":{"footnotes":""},"categories":[4],"tags":[1309,6095,1438,540,978],"class_list":["post-64382","post","type-post","status-publish","format-standard","has-post-thumbnail","hentry","category-gundem","tag-agac","tag-cali","tag-doga","tag-itfaiye","tag-izmir"],"_links":{"self":[{"href":"https:\/\/bihavadis.com\/index.php\/wp-json\/wp\/v2\/posts\/64382","targetHints":{"allow":["GET"]}}],"collection":[{"href":"https:\/\/bihavadis.com\/index.php\/wp-json\/wp\/v2\/posts"}],"about":[{"href":"https:\/\/bihavadis.com\/index.php\/wp-json\/wp\/v2\/types\/post"}],"author":[{"embeddable":true,"href":"https:\/\/bihavadis.com\/index.php\/wp-json\/wp\/v2\/users\/1"}],"replies":[{"embeddable":true,"href":"https:\/\/bihavadis.com\/index.php\/wp-json\/wp\/v2\/comments?post=64382"}],"version-history":[{"count":1,"href":"https:\/\/bihavadis.com\/index.php\/wp-json\/wp\/v2\/posts\/64382\/revisions"}],"predecessor-version":[{"id":64384,"href":"https:\/\/bihavadis.com\/index.php\/wp-json\/wp\/v2\/posts\/64382\/revisions\/64384"}],"wp:featuredmedia":[{"embeddable":true,"href":"https:\/\/bihavadis.com\/index.php\/wp-json\/wp\/v2\/media\/64383"}],"wp:attachment":[{"href":"https:\/\/bihavadis.com\/index.php\/wp-json\/wp\/v2\/media?parent=64382"}],"wp:term":[{"taxonomy":"category","embeddable":true,"href":"https:\/\/bihavadis.com\/index.php\/wp-json\/wp\/v2\/categories?post=64382"},{"taxonomy":"post_tag","embeddable":true,"href":"https:\/\/bihavadis.com\/index.php\/wp-json\/wp\/v2\/tags?post=64382"}],"curies":[{"name":"wp","href":"https:\/\/api.w.org\/{rel}","templated":true}]}}