{"id":64394,"date":"2026-03-07T11:57:07","date_gmt":"2026-03-07T11:57:07","guid":{"rendered":"https:\/\/bihavadis.com\/?p=64394"},"modified":"2026-03-07T11:57:07","modified_gmt":"2026-03-07T11:57:07","slug":"ahmetcan-kaplan-turkiyeden-transfer-teklifi-aldim","status":"publish","type":"post","link":"https:\/\/bihavadis.com\/index.php\/2026\/03\/07\/ahmetcan-kaplan-turkiyeden-transfer-teklifi-aldim\/","title":{"rendered":"Ahmetcan Kaplan: T\u00fcrkiye\u2019den transfer teklifi ald\u0131m"},"content":{"rendered":"<p>Bonservisi Hollanda ekibi Ajax\u2019ta bulunan ve yine bir ba\u015fka Eredivisie tak\u0131m\u0131 NEC Nijmegen\u2019de kiral\u0131k olarak forma giyen milli futbolcu Ahmetcan Kaplan, bu sezonki performans\u0131ndan kariyer hedeflerine kadar bir\u00e7ok konuda \u0130HA muhabirine a\u00e7\u0131klamalarda bulundu.<\/p>\n<p>Bu sezon Eredivisie\u2019de 19 m\u00fccadelede top ko\u015fturan ve 1 gol kaydeden Ahmetcan, s\u00f6zlerine hem kendi hem de tak\u0131m performans\u0131n\u0131 de\u011ferlendirerek ba\u015flad\u0131.<\/p>\n<p><strong>&#8220;HOLLANDA KUPASI&#8217;NI KAZANMA HEDEF\u0130M\u0130Z VAR&#8221;<\/strong><\/p>\n<p>23 ya\u015f\u0131ndaki futbolcu, <em><b>&#8220;\u00d6zellikle tak\u0131m olarak \u00e7ok iyi i\u015fler yap\u0131yoruz. Kendi performans\u0131m hakk\u0131mda daha da iyi olabilirim diye d\u00fc\u015f\u00fcn\u00fcyorum. Ama bu zaman kadar iyi performans g\u00f6sterdi\u011fimi d\u00fc\u015f\u00fcn\u00fcyorum. T\u00fcm ma\u00e7larda oynay\u0131p kendimi kan\u0131tlamak istiyorum. Tak\u0131m olarak ise Hollanda Kupas\u0131\u2019n\u0131 kazanma hedefimiz var&#8221;<\/b><\/em> ifadelerini kulland\u0131.<\/p>\n<p><img decoding=\"async\" src=\"https:\/\/bihavadis.com\/wp-content\/uploads\/2026\/03\/ahmetcan-kaplan-turkiyeden-transfer-teklifi-aldim-0-AAnByYUk.jpg\"\/><\/p>\n<p><strong>&#8220;BU KADAR \u0130Y\u0130 PERFORMANS SERG\u0130LEYECE\u011e\u0130M\u0130Z\u0130 D\u00dc\u015e\u00dcNM\u00dcYORDUM&#8221;<\/strong><\/p>\n<p>Milli oyuncu, sezon ba\u015f\u0131nda NEC Nijmegen ile bu kadar iyi performans g\u00f6stereceklerini d\u00fc\u015f\u00fcnmedi\u011fini ancak bunu tersine \u00e7evirdiklerini belirtti. Ahmetcan Kaplan, <em><b>&#8220;D\u00fcr\u00fcst olmak gerekirse bu kadar iyi performans g\u00f6sterece\u011fimizi d\u00fc\u015f\u00fcnm\u00fcyordum. Ama tak\u0131ma kat\u0131ld\u0131ktan sonra bu tak\u0131m\u0131n \u00e7ok iyi isler ba\u015farabilece\u011fini g\u00f6rd\u00fcm. Bu da puan tablosunda belli oluyor. Ligde 3.\u2019y\u00fcz ve kupada da yar final oynuyoruz&#8221;<\/b><\/em> \u015feklinde konu\u015ftu.<\/p>\n<p><strong>&#8220;\u00d6NCEL\u0130\u011e\u0130M HER ZAMAN AVRUPA&#8217;DA KALMAK&#8221;<\/strong><\/p>\n<p>Nas\u0131l bir kariyer planlamas\u0131 yapt\u0131\u011f\u0131na dair gelen bir soruya ise Ahmetcan,<em><b> &#8220;\u00d6nceli\u011fim her zaman Avrupa\u2019da kalmak. Burada bir \u015feyler ba\u015farmak. Formas\u0131n\u0131 giydi\u011fim tak\u0131mda t\u00fcm sezon oynamak. Sonras\u0131nda gerisinin de gelece\u011fini d\u00fc\u015f\u00fcn\u00fcyorum&#8221; <\/b><\/em>cevab\u0131n\u0131 verdi.<\/p>\n<p><strong>&#8220;ANTRENMANLARDAN SONRA FITNESS YAPIYORUZ&#8221;<\/strong><\/p>\n<p>Ahmetcan Kaplan, Avrupa\u2019da futbol oynaman\u0131n saha i\u00e7i ve d\u0131\u015f\u0131nda kendisine neler katt\u0131\u011f\u0131na dair de, <em><b>&#8220;Saha i\u00e7inde daha \u00e7ok taktiksel ve fizi\u011fe dayal\u0131 oyun oynuyoruz. \u00d6zellikle antrenmanlardan sonra fitness yap\u0131yoruz. Saha d\u0131\u015f\u0131nda ise yeni bir k\u00fclt\u00fcr, yeni bir \u00fclke, bir nevi hayat\u0131 \u00f6\u011freniyorsun demi\u015f olsam yan\u0131lmam&#8221; <\/b><\/em>de\u011ferlendirmesinde bulundu.<\/p>\n<p><strong>&#8220;TRABZONSPOR MA\u00c7LARINI \u0130ZL\u0130YORUM&#8221;<\/strong><\/p>\n<p>S\u00fcper Lig\u2019in kalitesinin her ge\u00e7en sene daha da art\u0131\u011f\u0131na dikkat \u00e7eken ay-y\u0131ld\u0131zl\u0131 futbolcu, eski tak\u0131m\u0131 Trabzonspor\u2019un ma\u00e7lar\u0131n\u0131 da takip etti\u011fine de\u011findi.<\/p>\n<p>Ba\u015far\u0131l\u0131 futbolcu, <em><b>&#8220;Evet, Trabzonspor ma\u00e7lar\u0131n\u0131 f\u0131rsat bulduk\u00e7a izliyorum. Fatih Tekke hoca ile iyi bir ivme yakalad\u0131lar. \u00c7ok daha iyi olacaklar\u0131n\u0131 d\u00fc\u015f\u00fcn\u00fcyorum&#8221; <\/b><\/em>dedi.<\/p>\n<p><strong>&#8220;DAHA A\u011eIR ANTRENMANLAR YAPIYORUZ&#8221;<\/strong><\/p>\n<p>Ahmetcan, S\u00fcper Lig ile Avrupa ligleri aras\u0131ndaki farklar\u0131 ise, <em><b>&#8220;Bence antrenman ve ma\u00e7 temposu. Burada daha a\u011f\u0131r antrenmanlar yap\u0131yoruz. Ma\u00e7larda da tempo s\u00fcrekli y\u00fcksek&#8221;<\/b><\/em> c\u00fcmleleriyle anlatt\u0131.<\/p>\n<p><strong>&#8220;OLUMSUZ BAKTIM&#8221;<\/strong><\/p>\n<p>Ahmetcan Kaplan, \u2018Son d\u00f6nemde T\u00fcrkiye\u2019den transfer teklifi ald\u0131n m\u0131?\u2019 sorusunu da, <em><b>&#8220;Evet ald\u0131m. Ama Avrupa\u2019da kalmak istedi\u011fim i\u00e7in olumsuz bakt\u0131m&#8221;<\/b><\/em> diye cevapland\u0131rd\u0131.<\/p>\n<p><img decoding=\"async\" src=\"https:\/\/bihavadis.com\/wp-content\/uploads\/2026\/03\/ahmetcan-kaplan-turkiyeden-transfer-teklifi-aldim-1-yiJmgXyi.jpg\"\/> <\/p>\n<div> <span><strong>Kaynak:<\/strong> \u0130hlas Haber Ajans\u0131 (\u0130HA)<\/span> <\/div>\n","protected":false},"excerpt":{"rendered":"<p>Bonservisi Hollanda ekibi Ajax\u2019ta bulunan ve yine bir ba\u015fka Eredivisie tak\u0131m\u0131 NEC Nijmegen\u2019de kiral\u0131k olarak forma giyen milli futbolcu Ahmetcan Kaplan, bu sezonki performans\u0131ndan kariyer hedeflerine kadar bir\u00e7ok konuda \u0130HA muhabirine a\u00e7\u0131klamalarda &#8230;<\/p>\n","protected":false},"author":1,"featured_media":64395,"comment_status":"open","ping_status":"open","sticky":false,"template":"","format":"standard","meta":{"footnotes":""},"categories":[14],"tags":[7436,2044,364,145,366],"class_list":["post-64394","post","type-post","status-publish","format-standard","has-post-thumbnail","hentry","category-spor","tag-ahmetcan","tag-antrenman","tag-mac","tag-performans","tag-takim"],"_links":{"self":[{"href":"https:\/\/bihavadis.com\/index.php\/wp-json\/wp\/v2\/posts\/64394","targetHints":{"allow":["GET"]}}],"collection":[{"href":"https:\/\/bihavadis.com\/index.php\/wp-json\/wp\/v2\/posts"}],"about":[{"href":"https:\/\/bihavadis.com\/index.php\/wp-json\/wp\/v2\/types\/post"}],"author":[{"embeddable":true,"href":"https:\/\/bihavadis.com\/index.php\/wp-json\/wp\/v2\/users\/1"}],"replies":[{"embeddable":true,"href":"https:\/\/bihavadis.com\/index.php\/wp-json\/wp\/v2\/comments?post=64394"}],"version-history":[{"count":1,"href":"https:\/\/bihavadis.com\/index.php\/wp-json\/wp\/v2\/posts\/64394\/revisions"}],"predecessor-version":[{"id":64398,"href":"https:\/\/bihavadis.com\/index.php\/wp-json\/wp\/v2\/posts\/64394\/revisions\/64398"}],"wp:featuredmedia":[{"embeddable":true,"href":"https:\/\/bihavadis.com\/index.php\/wp-json\/wp\/v2\/media\/64395"}],"wp:attachment":[{"href":"https:\/\/bihavadis.com\/index.php\/wp-json\/wp\/v2\/media?parent=64394"}],"wp:term":[{"taxonomy":"category","embeddable":true,"href":"https:\/\/bihavadis.com\/index.php\/wp-json\/wp\/v2\/categories?post=64394"},{"taxonomy":"post_tag","embeddable":true,"href":"https:\/\/bihavadis.com\/index.php\/wp-json\/wp\/v2\/tags?post=64394"}],"curies":[{"name":"wp","href":"https:\/\/api.w.org\/{rel}","templated":true}]}}