{"id":64411,"date":"2026-03-07T12:12:11","date_gmt":"2026-03-07T12:12:11","guid":{"rendered":"https:\/\/bihavadis.com\/?p=64411"},"modified":"2026-03-07T12:12:11","modified_gmt":"2026-03-07T12:12:11","slug":"kozanda-tir-carpan-yasli-adam-hayatini-kaybetti","status":"publish","type":"post","link":"https:\/\/bihavadis.com\/index.php\/2026\/03\/07\/kozanda-tir-carpan-yasli-adam-hayatini-kaybetti\/","title":{"rendered":"Kozan&#8217;da TIR \u00c7arpan Ya\u015fl\u0131 Adam Hayat\u0131n\u0131 Kaybetti"},"content":{"rendered":"<p>\n<p>ADANA&#8217;n\u0131n Kozan il\u00e7esinde yolun kar\u015f\u0131s\u0131na ge\u00e7erken TIR&#8217;\u0131n \u00e7arpt\u0131\u011f\u0131 Ahmet Karaca (86), hayat\u0131n\u0131 kaybetti. Ayn\u0131 yolda 2 g\u00fcn \u00f6nce de Karaca&#8217;n\u0131n e\u015fine otomobilin \u00e7arpt\u0131\u011f\u0131 belirtildi.<\/p>\n<p> Kaza, saat 17.00 s\u0131ralar\u0131nda Saimbeyli Caddesi&#8217;nde meydana geldi. R.A. y\u00f6netimindeki 33 AFG 132 plakal\u0131 TIR, yolun kar\u015f\u0131s\u0131na ge\u00e7en Ahmet Karaca&#8217;ya \u00e7arpt\u0131. Kazay\u0131 g\u00f6renlerin ihbar\u0131yla kaza yerine sa\u011fl\u0131k ve polis ekipleri sevk edildi. Ekipler, Karaca&#8217;n\u0131n hayat\u0131n\u0131 kaybetti\u011fini belirledi. Karaca&#8217;n\u0131n cans\u0131z bedeni, kaza yerinde yap\u0131lan incelemenin ard\u0131ndan otopsi i\u00e7in Adana Adli T\u0131p Kurumu&#8217;nun morguna kald\u0131r\u0131ld\u0131. \u00d6te yandan, 2 g\u00fcn \u00f6nce de Karaca&#8217;n\u0131n e\u015fi Fatma Karaca&#8217;n\u0131n ayn\u0131 yolda otomobilin \u00e7arpmas\u0131 sonucu yatalak kald\u0131\u011f\u0131 belirtildi.<\/p>\n<p>TIR \u015fof\u00f6r\u00fcn\u00fc g\u00f6zalt\u0131na alan polis, kazayla ilgili soru\u015fturma ba\u015flatt\u0131. <\/p>\n","protected":false},"excerpt":{"rendered":"<p>Kozan&#8217;da TIR&#8217;\u0131n \u00e7arpt\u0131\u011f\u0131 86 ya\u015f\u0131ndaki Ahmet Karaca hayat\u0131n\u0131 kaybetti. E\u015finin de kazas\u0131 olmu\u015ftu.<\/p>\n","protected":false},"author":1,"featured_media":64412,"comment_status":"open","ping_status":"open","sticky":false,"template":"","format":"standard","meta":{"footnotes":""},"categories":[9,4,13],"tags":[725,283],"class_list":["post-64411","post","type-post","status-publish","format-standard","has-post-thumbnail","hentry","category-genel","category-gundem","category-son-dakika","tag-karaca","tag-kaza"],"_links":{"self":[{"href":"https:\/\/bihavadis.com\/index.php\/wp-json\/wp\/v2\/posts\/64411","targetHints":{"allow":["GET"]}}],"collection":[{"href":"https:\/\/bihavadis.com\/index.php\/wp-json\/wp\/v2\/posts"}],"about":[{"href":"https:\/\/bihavadis.com\/index.php\/wp-json\/wp\/v2\/types\/post"}],"author":[{"embeddable":true,"href":"https:\/\/bihavadis.com\/index.php\/wp-json\/wp\/v2\/users\/1"}],"replies":[{"embeddable":true,"href":"https:\/\/bihavadis.com\/index.php\/wp-json\/wp\/v2\/comments?post=64411"}],"version-history":[{"count":1,"href":"https:\/\/bihavadis.com\/index.php\/wp-json\/wp\/v2\/posts\/64411\/revisions"}],"predecessor-version":[{"id":64413,"href":"https:\/\/bihavadis.com\/index.php\/wp-json\/wp\/v2\/posts\/64411\/revisions\/64413"}],"wp:featuredmedia":[{"embeddable":true,"href":"https:\/\/bihavadis.com\/index.php\/wp-json\/wp\/v2\/media\/64412"}],"wp:attachment":[{"href":"https:\/\/bihavadis.com\/index.php\/wp-json\/wp\/v2\/media?parent=64411"}],"wp:term":[{"taxonomy":"category","embeddable":true,"href":"https:\/\/bihavadis.com\/index.php\/wp-json\/wp\/v2\/categories?post=64411"},{"taxonomy":"post_tag","embeddable":true,"href":"https:\/\/bihavadis.com\/index.php\/wp-json\/wp\/v2\/tags?post=64411"}],"curies":[{"name":"wp","href":"https:\/\/api.w.org\/{rel}","templated":true}]}}