{"id":64436,"date":"2026-03-07T12:36:08","date_gmt":"2026-03-07T12:36:08","guid":{"rendered":"https:\/\/bihavadis.com\/?p=64436"},"modified":"2026-03-07T12:36:08","modified_gmt":"2026-03-07T12:36:08","slug":"katilim-emeklilikten-cifte-guvence-2","status":"publish","type":"post","link":"https:\/\/bihavadis.com\/index.php\/2026\/03\/07\/katilim-emeklilikten-cifte-guvence-2\/","title":{"rendered":"Kat\u0131l\u0131m Emeklilik\u2019ten \u00e7ifte g\u00fcvence"},"content":{"rendered":"<p>Sekt\u00f6r\u00fcn \u00f6nc\u00fc ve yenilik\u00e7i \u015firketi Kat\u0131l\u0131m Emeklilik, bir ilke daha imza\u00a0att\u0131. Bireysel emeklilik sisteminde\u00a0emeklilik\u00a0gelir d\u00f6nemine ge\u00e7en kat\u0131l\u0131mc\u0131lar\u0131na y\u00f6nelik yeni bir ek fayda sa\u011flayan \u00fcr\u00fcn\u00fc\u00a0hayata\u00a0ge\u00e7irdi.<\/p>\n<p>Sa\u011fl\u0131kl\u0131 BES, kampanya kapsam\u0131nda, belirli \u015fartlar\u0131 sa\u011flayan Emeklilik Gelir Plan\u0131 kat\u0131l\u0131mc\u0131lar\u0131na\u00a0\u00fccretsiz\u00a0sa\u011fl\u0131k sigortas\u0131\u00a0sunuluyor.<\/p>\n<p><strong>EMEKL\u0130L\u0130KTE F\u0130NANSAL B\u0130R\u0130K\u0130ME SA\u011eLIK G\u00dcVENCES\u0130 EKLEND\u0130<\/strong><\/p>\n<p>Kat\u0131l\u0131m Emeklilik, mevcut bireysel emeklilik s\u00f6zle\u015fmesine sahip kat\u0131l\u0131mc\u0131lar\u0131 ile di\u011fer emeklilik \u015firketlerinden aktar\u0131m yoluyla sisteme d\u00e2hil olan kat\u0131l\u0131mc\u0131lar\u0131na y\u00f6nelik \u00f6nemli bir ek fayda sunuyor. Kat\u0131l\u0131m\u00a0Emeklilik\u2019e\u00a0ait emeklilik gelir plan\u0131na kat\u0131lan ve ilgili ko\u015fullar\u0131 sa\u011flayan kat\u0131l\u0131mc\u0131lar i\u00e7in, yaln\u0131zca kendilerini kapsayacak\u00a0\u015fekilde\u00a0sa\u011fl\u0131k sigortas\u0131 poli\u00e7esi olu\u015fturuluyor.\u00a0Kampanya kapsam\u0131nda sunulan sa\u011fl\u0131k sigortas\u0131n\u0131n prim \u00f6demesini\u00a0tamamen Kat\u0131l\u0131m Emeklilik\u00a0kar\u015f\u0131l\u0131yor.<\/p>\n<p>Sigorta kapsam\u0131, kat\u0131l\u0131mc\u0131n\u0131n emeklilik gelir plan\u0131na giri\u015f tarihindeki toplam fon b\u00fcy\u00fckl\u00fc\u011f\u00fcne g\u00f6re belirleniyor. Fon b\u00fcy\u00fckl\u00fc\u011f\u00fc hesaplamas\u0131nda devlet katk\u0131s\u0131 da dahil olmak \u00fczere toplam birikim esas al\u0131n\u0131yor.\u00a0Kat\u0131l\u0131mc\u0131lar, bireysel sa\u011fl\u0131k sigortalar\u0131nda ge\u00e7erli olan kazan\u0131lm\u0131\u015f haklar ile \u00f6m\u00fcr boyu yenileme garantisi gibi haklardan, genel ve \u00f6zel sigorta \u015fartlar\u0131 \u00e7er\u00e7evesinde yararlanmaya devam ederken, kampanya kapsam\u0131nda herhangi bir prim katk\u0131s\u0131 veya ek \u00f6deme talep edilmiyor.<\/p>\n<p><strong>\u201cEMEKL\u0130L\u0130KTE \u00c7\u0130FTE G\u00dcVENCE SUNARAK SEKT\u00d6RDE B\u0130R \u0130LKE \u0130MZA ATTIK\u201d<\/strong><\/p>\n<p>Kampanyaya ili\u015fkin de\u011ferlendirmede bulunan Kat\u0131l\u0131m Emeklilik Genel M\u00fcd\u00fcr\u00fc Ayhan\u00a0Sincek, \u015funlar\u0131 s\u00f6yledi:\u00a0<\/p>\n<p>Emeklilik, yaln\u0131zca birikimlerin devreye girdi\u011fi bir d\u00f6nem de\u011fil; ayn\u0131 zamanda ya\u015fam kalitesinin korunmas\u0131n\u0131n da b\u00fcy\u00fck \u00f6nem ta\u015f\u0131d\u0131\u011f\u0131 bir s\u00fcre\u00e7. Sekt\u00f6rde bir ilke imza att\u0131\u011f\u0131m\u0131z Sa\u011fl\u0131k Sigortas\u0131 hediyeli Faizsiz Emeklilik Gelir Plan\u0131 kampanyam\u0131zla, kat\u0131l\u0131mc\u0131lar\u0131m\u0131za emeklilik d\u00f6nemlerinde finansal g\u00fcvenceye ek olarak sa\u011fl\u0131k alan\u0131nda da destek sunmay\u0131 ama\u00e7l\u0131yoruz. Bireysel emeklilik sistemini, hayat\u0131n farkl\u0131 ihtiya\u00e7lar\u0131na cevap veren b\u00fct\u00fcnc\u00fcl bir yap\u0131 olarak ele al\u0131yoruz.<\/p>\n<p>Kampanyadan; Kat\u0131l\u0131m\u00a0Emeklilik\u2019te\u00a0bireysel emeklilik s\u00f6zle\u015fmesi bulunan ya da ba\u015fka bir emeklilik \u015firketinden aktar\u0131m yoluyla gelen ve Kat\u0131l\u0131m\u00a0Emeklilik\u2019e\u00a0ait Emeklilik Gelir Plan\u0131\u2019na ge\u00e7en kat\u0131l\u0131mc\u0131lar yararlanabiliyor. Emeklilik gelir plan\u0131na en fazla 64 ya\u015f\u0131nda kat\u0131lan kat\u0131l\u0131mc\u0131lar i\u00e7in sa\u011fl\u0131k sigortas\u0131, gerekli \u015fartlar\u0131n sa\u011flanmas\u0131 h\u00e2linde 75 ya\u015f\u0131na kadar her y\u0131l yenilenebiliyor.\u00a0Kampanya, 31 Aral\u0131k 2026 tarihine kadar devam edecek. Emeklilik gelir plan\u0131n\u0131n sona ermesi veya ba\u015fka bir emeklilik \u015firketine aktar\u0131lmas\u0131 durumunda, kampanya kapsam\u0131nda sunulan sa\u011fl\u0131k sigortas\u0131 da sonland\u0131r\u0131l\u0131yor.\u00a0Kat\u0131l\u0131m Emeklilik, bu uygulamayla emeklilik d\u00f6nemine giren kat\u0131l\u0131mc\u0131lar\u0131na yaln\u0131zca finansal birikim de\u011fil, sa\u011fl\u0131k g\u00fcvencesiyle desteklenen b\u00fct\u00fcnc\u00fcl bir emeklilik deneyimi sunmay\u0131 hedefliyor.<\/p>\n<div> <span><strong>Kaynak:<\/strong> Anadolu Ajans\u0131 (AA)<\/span> <\/div>\n","protected":false},"excerpt":{"rendered":"<p>Sekt\u00f6r\u00fcn \u00f6nc\u00fc ve yenilik\u00e7i \u015firketi Kat\u0131l\u0131m Emeklilik, bir ilke daha imza\u00a0att\u0131. Bireysel emeklilik sisteminde\u00a0emeklilik\u00a0gelir d\u00f6nemine ge\u00e7en kat\u0131l\u0131mc\u0131lar\u0131na y\u00f6nelik yeni bir ek fayda sa\u011flayan \u00fcr\u00fcn\u00fc\u00a0hayata\u00a0ge\u00e7irdi. Sa\u011fl\u0131kl\u0131 BES, kampanya kapsam\u0131nda &#8230;<\/p>\n","protected":false},"author":1,"featured_media":64437,"comment_status":"open","ping_status":"open","sticky":false,"template":"","format":"standard","meta":{"footnotes":""},"categories":[8],"tags":[1674,1147,1579,157,6116],"class_list":["post-64436","post","type-post","status-publish","format-standard","has-post-thumbnail","hentry","category-ekonomi","tag-emeklilik","tag-kampanya","tag-katilim","tag-saglik","tag-saglik-sigortasi"],"_links":{"self":[{"href":"https:\/\/bihavadis.com\/index.php\/wp-json\/wp\/v2\/posts\/64436","targetHints":{"allow":["GET"]}}],"collection":[{"href":"https:\/\/bihavadis.com\/index.php\/wp-json\/wp\/v2\/posts"}],"about":[{"href":"https:\/\/bihavadis.com\/index.php\/wp-json\/wp\/v2\/types\/post"}],"author":[{"embeddable":true,"href":"https:\/\/bihavadis.com\/index.php\/wp-json\/wp\/v2\/users\/1"}],"replies":[{"embeddable":true,"href":"https:\/\/bihavadis.com\/index.php\/wp-json\/wp\/v2\/comments?post=64436"}],"version-history":[{"count":1,"href":"https:\/\/bihavadis.com\/index.php\/wp-json\/wp\/v2\/posts\/64436\/revisions"}],"predecessor-version":[{"id":64438,"href":"https:\/\/bihavadis.com\/index.php\/wp-json\/wp\/v2\/posts\/64436\/revisions\/64438"}],"wp:featuredmedia":[{"embeddable":true,"href":"https:\/\/bihavadis.com\/index.php\/wp-json\/wp\/v2\/media\/64437"}],"wp:attachment":[{"href":"https:\/\/bihavadis.com\/index.php\/wp-json\/wp\/v2\/media?parent=64436"}],"wp:term":[{"taxonomy":"category","embeddable":true,"href":"https:\/\/bihavadis.com\/index.php\/wp-json\/wp\/v2\/categories?post=64436"},{"taxonomy":"post_tag","embeddable":true,"href":"https:\/\/bihavadis.com\/index.php\/wp-json\/wp\/v2\/tags?post=64436"}],"curies":[{"name":"wp","href":"https:\/\/api.w.org\/{rel}","templated":true}]}}