{"id":64458,"date":"2026-03-07T12:54:06","date_gmt":"2026-03-07T12:54:06","guid":{"rendered":"https:\/\/bihavadis.com\/?p=64458"},"modified":"2026-03-07T12:54:06","modified_gmt":"2026-03-07T12:54:06","slug":"baskan-koymen-kadin-dostu-kent-vizyonunu-anlatti","status":"publish","type":"post","link":"https:\/\/bihavadis.com\/index.php\/2026\/03\/07\/baskan-koymen-kadin-dostu-kent-vizyonunu-anlatti\/","title":{"rendered":"Ba\u015fkan K\u00f6ymen, kad\u0131n dostu kent vizyonunu anlatt\u0131"},"content":{"rendered":"<p>Maltepe Belediye Ba\u015fkan\u0131 Mimar Esin K\u00f6ymen, \u0130SK\u0130 taraf\u0131ndan 8 Mart D\u00fcnya Emek\u00e7i Kad\u0131nlar G\u00fcn\u00fc kapsam\u0131nda d\u00fczenlenen etkinlikte konu\u015ftu. Kad\u0131nlar\u0131n kent ya\u015fam\u0131ndaki yeri, e\u015fitlik politikalar\u0131 ve yerel y\u00f6netimlerin sorumluluklar\u0131n\u0131 hat\u0131rlatan Ba\u015fkan K\u00f6ymen, \u201cG\u00fcvenli kent dedi\u011fimiz \u015fey, kad\u0131nlar\u0131n korkmadan sokakta y\u00fcr\u00fcyebildi\u011fi, rahats\u0131z edilme endi\u015fesiyle rotas\u0131n\u0131 de\u011fi\u015ftirmedi\u011fi bir kenttir. G\u00fcvenlik yaln\u0131zca olay olduktan sonra m\u00fcdahale de\u011fildir. As\u0131l mesele, olay olmadan \u00f6nce riskleri azaltacak bir kentsel d\u00fczen kurmakt\u0131r\u201d diye konu\u015ftu.<\/p>\n<p>Maltepe Belediye Ba\u015fkan\u0131 Mimar Esin K\u00f6ymen, \u0130SK\u0130 taraf\u0131ndan 8 Mart D\u00fcnya Emek\u00e7i Kad\u0131nlar G\u00fcn\u00fc kapsam\u0131nda d\u00fczenlenen etkinli\u011fe kat\u0131larak bir konu\u015fma yapt\u0131. \u0130SK\u0130 E\u011fitim \u015eube M\u00fcd\u00fcr\u00fc \u00d6zlem Karaca\u2019n\u0131n a\u00e7\u0131l\u0131\u015f konu\u015fmas\u0131yla ba\u015flayan programda kat\u0131l\u0131mc\u0131lara hitap eden Maltepe Belediye Ba\u015fkan\u0131 Mimar Esin K\u00f6ymen, konu\u015fmas\u0131na \u201cHukuksuz s\u00fcrecin ard\u0131ndan aram\u0131za, bu kente hizmete d\u00f6nen de\u011ferli \u0130SK\u0130 Genel M\u00fcd\u00fcr\u00fcm\u00fcz Say\u0131n \u015eafak Ba\u015fa, genel m\u00fcd\u00fcr yard\u0131mc\u0131lar\u0131m\u0131z, daire ba\u015fkanlar\u0131m\u0131z ve \u0130SK\u0130\u2019nin k\u0131ymetli emek\u00e7ileri; hepinizi sayg\u0131yla, sevgiyle selaml\u0131yorum. \u0130stanbul B\u00fcy\u00fck\u015fehir Belediye Ba\u015fkan\u0131m\u0131z Say\u0131n Ekrem \u0130mamo\u011flu\u2019na ve \u0130stanbul\u2019un d\u00f6rt bir yan\u0131nda emek veren t\u00fcm belediye ba\u015fkan\u0131 arkada\u015flar\u0131m\u0131za da selamlar\u0131m\u0131 iletiyorum. Bug\u00fcn burada, kentlerimizi kad\u0131nlar i\u00e7in daha g\u00fcvenli, daha e\u015fit, daha adil hale getirme kararl\u0131l\u0131\u011f\u0131n\u0131 payla\u015fmak i\u00e7in bir araday\u0131z\u201d diyerek ba\u015flad\u0131.<\/p>\n<p><b>\u201cARTIK \u0130STANBUL\u2019UN Y\u00d6NET\u0130M S\u00dcREC\u0130NDE DAHA FAZLA KADIN VAR\u201d<\/b><\/p>\n<p>Kad\u0131n dostu kent anlay\u0131\u015f\u0131n\u0131n yaln\u0131zca fiziksel d\u00fczenlemelerle de\u011fil, y\u00f6netim anlay\u0131\u015f\u0131 ve sosyal politikalarla birlikte ele al\u0131nmas\u0131 gerekti\u011fini vurgulayan Ba\u015fkan K\u00f6ymen, \u201c\u0130stanbul B\u00fcy\u00fck\u015fehir Belediyesi y\u00f6netim kadrolar\u0131n\u0131 d\u00fc\u015f\u00fcnelim. 2019 y\u0131l\u0131nda Say\u0131n Ekrem \u0130mamo\u011flu Ba\u015fkan\u0131m\u0131z se\u00e7ilene kadar kad\u0131n y\u00f6netici say\u0131s\u0131 azken, 2019\u2019dan sonra \u0130BB\u2019nin ve i\u015ftiraklerinin \u00fcst y\u00f6netiminde kad\u0131nlar\u0131n say\u0131s\u0131 artt\u0131. Art\u0131k \u0130stanbul\u2019un y\u00f6netim s\u00fcrecinde daha fazla kad\u0131n var. Yeterli mi de\u011fil, 39 il\u00e7enin yaln\u0131zca \u00fc\u00e7\u00fcnde kad\u0131n belediye ba\u015fkanlar\u0131 var. Kad\u0131n dostu kent dedi\u011fimizde, asl\u0131nda bir \u015fehrin sadece fiziki ko\u015fullar\u0131n\u0131 de\u011fil; o \u015fehrin y\u00f6netim anlay\u0131\u015f\u0131n\u0131, \u00f6nceliklerini, b\u00fct\u00e7esini, planlamas\u0131n\u0131 ve en \u00f6nemlisi insan hayat\u0131na nas\u0131l dokundu\u011funu konu\u015fuyoruz. \u00c7\u00fcnk\u00fc kad\u0131nlar\u0131n kente e\u015fit kat\u0131l\u0131m\u0131 sa\u011flanmadan, kentte demokrasi de sosyal adalet de tamamlanm\u0131\u015f olmaz\u201d diye konu\u015ftu,<\/p>\n<p><b>G\u00dcVENL\u0130 KENT VURGUSU<\/b><\/p>\n<p>Kad\u0131nlar\u0131n kentte kendini g\u00fcvende hissetmemesinin yaln\u0131zca bir g\u00fcvenlik sorunu olmad\u0131\u011f\u0131n\u0131 belirten K\u00f6ymen, \u201cKad\u0131nlar sokakta, parkta, toplu ta\u015f\u0131mada, i\u015fyerinde ve evde kendini g\u00fcvende hissetmiyorsa; bu sadece bir \u2018g\u00fcvenlik\u2019 meselesi de\u011fil, bir e\u015fit yurtta\u015fl\u0131k meselesidir. G\u00fcvenli kent dedi\u011fimiz \u015fey, kad\u0131nlar\u0131n korkmadan sokakta y\u00fcr\u00fcyebildi\u011fi, rahats\u0131z edilme endi\u015fesiyle rotas\u0131n\u0131 de\u011fi\u015ftirmedi\u011fi bir kenttir. G\u00fcvenlik yaln\u0131zca olay olduktan sonra m\u00fcdahale de\u011fildir. As\u0131l mesele, olay olmadan \u00f6nce riskleri azaltacak bir kentsel d\u00fczen kurmakt\u0131r\u201d ifadelerini kulland\u0131.<\/p>\n<p><b>TOPLUMCU BELED\u0130YEC\u0130L\u0130K<\/b><\/p>\n<p>Maltepe Belediyesi\u2019nin kad\u0131n kooperatiflerini destekleyen projeler y\u00fcr\u00fctt\u00fc\u011f\u00fcn\u00fc belirten K\u00f6ymen, \u00f6zellikle Halk Marketler arac\u0131l\u0131\u011f\u0131yla kad\u0131n eme\u011fini g\u00f6r\u00fcn\u00fcr k\u0131ld\u0131klar\u0131n\u0131 ifade ederek \u201cBiz Maltepe \u00f6rne\u011finde kurdu\u011fumuz Halk Marketler ile Anadolu\u2019nun \u00e7e\u015fitli yerlerinden kad\u0131n kooperatiflerinin \u00fcretti\u011fi \u00fcr\u00fcnleri t\u00fcketiciye ula\u015ft\u0131r\u0131yoruz. Hem dayan\u0131\u015fmay\u0131 b\u00fcy\u00fct\u00fcyoruz hem eme\u011fi g\u00f6r\u00fcn\u00fcr k\u0131l\u0131yoruz hem de eme\u011fin kar\u015f\u0131l\u0131\u011f\u0131n\u0131 bulmas\u0131n\u0131 sa\u011fl\u0131yoruz\u201d \u015feklinde konu\u015ftu.<\/p>\n<p><b>\u201cE\u015e\u0130TL\u0130K POL\u0130T\u0130KALARI KURUMSALLA\u015eMALI\u201d<\/b><\/p>\n<p>Konu\u015fmas\u0131n\u0131n sonunda yerel y\u00f6netimlerde e\u015fitlik politikalar\u0131n\u0131n kal\u0131c\u0131 hale gelmesi gerekti\u011fini vurgulayan K\u00f6ymen, Yerel E\u015fitlik Eylem Plan\u0131\u2019n\u0131n bu a\u00e7\u0131dan \u00f6nemli bir ara\u00e7 oldu\u011funu s\u00f6yledi. K\u00f6ymen s\u00f6zlerini \u015fu ifadelerle tamamlad\u0131: Bu \u015fehir, kad\u0131nlar i\u00e7in g\u00fcvenli oldu\u011funda; \u00e7ocuklar i\u00e7in daha iyi, ya\u015fl\u0131lar i\u00e7in daha eri\u015filebilir, engelliler i\u00e7in daha adil, gen\u00e7ler i\u00e7in daha \u00f6zg\u00fcr olur. Hep birlikte korkusuz y\u00fcr\u00fcyen kad\u0131nlar\u0131n, \u00fcretime kat\u0131lan kad\u0131nlar\u0131n, karar s\u00fcre\u00e7lerinde s\u00f6z\u00fc olan kad\u0131nlar\u0131n kenti \u0130stanbul\u2019u kuraca\u011f\u0131z.<\/p>\n<p>\u00a0<\/p>\n<p>\u00a0<\/p>\n<p>\u00a0<\/p>\n<p>Kaynak: (BYZHA) Beyaz Haber Ajans\u0131<\/p>\n","protected":false},"excerpt":{"rendered":"<p>Maltepe Belediye Ba\u015fkan\u0131 Mimar Esin K\u00f6ymen, \u0130SK\u0130 taraf\u0131ndan 8 Mart D\u00fcnya Emek\u00e7i Kad\u0131nlar G\u00fcn\u00fc kapsam\u0131nda d\u00fczenlenen etkinlikte konu\u015ftu.<\/p>\n","protected":false},"author":1,"featured_media":64459,"comment_status":"open","ping_status":"open","sticky":false,"template":"","format":"standard","meta":{"footnotes":""},"categories":[4],"tags":[1271,380,1614,1380,369],"class_list":["post-64458","post","type-post","status-publish","format-standard","has-post-thumbnail","hentry","category-gundem","tag-guvenli","tag-kadin","tag-kadinlar","tag-kent","tag-yonetim"],"_links":{"self":[{"href":"https:\/\/bihavadis.com\/index.php\/wp-json\/wp\/v2\/posts\/64458","targetHints":{"allow":["GET"]}}],"collection":[{"href":"https:\/\/bihavadis.com\/index.php\/wp-json\/wp\/v2\/posts"}],"about":[{"href":"https:\/\/bihavadis.com\/index.php\/wp-json\/wp\/v2\/types\/post"}],"author":[{"embeddable":true,"href":"https:\/\/bihavadis.com\/index.php\/wp-json\/wp\/v2\/users\/1"}],"replies":[{"embeddable":true,"href":"https:\/\/bihavadis.com\/index.php\/wp-json\/wp\/v2\/comments?post=64458"}],"version-history":[{"count":1,"href":"https:\/\/bihavadis.com\/index.php\/wp-json\/wp\/v2\/posts\/64458\/revisions"}],"predecessor-version":[{"id":64460,"href":"https:\/\/bihavadis.com\/index.php\/wp-json\/wp\/v2\/posts\/64458\/revisions\/64460"}],"wp:featuredmedia":[{"embeddable":true,"href":"https:\/\/bihavadis.com\/index.php\/wp-json\/wp\/v2\/media\/64459"}],"wp:attachment":[{"href":"https:\/\/bihavadis.com\/index.php\/wp-json\/wp\/v2\/media?parent=64458"}],"wp:term":[{"taxonomy":"category","embeddable":true,"href":"https:\/\/bihavadis.com\/index.php\/wp-json\/wp\/v2\/categories?post=64458"},{"taxonomy":"post_tag","embeddable":true,"href":"https:\/\/bihavadis.com\/index.php\/wp-json\/wp\/v2\/tags?post=64458"}],"curies":[{"name":"wp","href":"https:\/\/api.w.org\/{rel}","templated":true}]}}