{"id":64494,"date":"2026-03-07T13:21:06","date_gmt":"2026-03-07T13:21:06","guid":{"rendered":"https:\/\/bihavadis.com\/?p=64494"},"modified":"2026-03-07T13:21:06","modified_gmt":"2026-03-07T13:21:06","slug":"pidelik-un-talebinde-yuzde-364luk-rekor-artis","status":"publish","type":"post","link":"https:\/\/bihavadis.com\/index.php\/2026\/03\/07\/pidelik-un-talebinde-yuzde-364luk-rekor-artis\/","title":{"rendered":"Pidelik un talebinde y\u00fczde 364\u2019l\u00fck rekor art\u0131\u015f"},"content":{"rendered":"<p>Eksun G\u0131da, Ramazan ay\u0131nda un t\u00fcketim al\u0131\u015fkanl\u0131klar\u0131na ili\u015fkin veriler payla\u015ft\u0131.<\/p>\n<p>Buna g\u00f6re Ramazan ay\u0131nda genel un talebi y\u00fczde 25 artarken, pidelik un talebi ise di\u011fer aylar\u0131n ayl\u0131k ortalamas\u0131na g\u00f6re y\u00fczde 364\u2019l\u00fck art\u0131\u015f g\u00f6sterdi.<\/p>\n<p>Bu rakam ge\u00e7en y\u0131l boyunca sat\u0131lan pidelik un talebinin y\u00fczde 65\u2019ini olu\u015fturdu<\/p>\n<p>Un \u00fcreticisi Eksun G\u0131da, Ramazan ay\u0131na ili\u015fkin un t\u00fcketimine ili\u015fkin verilerini a\u00e7\u0131klad\u0131.<\/p>\n<p><strong>P\u0130DEL\u0130K UN TALEB\u0130 Y\u00dcZDE 364 ARTTI<\/strong><\/p>\n<p>Buna g\u00f6re pidelik un talebi ise di\u011fer aylar\u0131n ayl\u0131k ortalamas\u0131na g\u00f6re y\u00fczde 364\u2019l\u00fck art\u0131\u015f g\u00f6sterirken, genel un talebinde ise y\u00fczde 25\u2019lik art\u0131\u015f g\u00f6r\u00fcld\u00fc.<\/p>\n<p>Ge\u00e7ti\u011fimiz y\u0131l boyunca talep edilen pidelik unun y\u00fczde 65\u2019ini Ramazan ay\u0131ndaki sat\u0131\u015flar olu\u015fturdu. Bereket ve payla\u015f\u0131m ay\u0131 olan Ramazan\u2019da \u00f6zellikle pidelik una y\u00f6nelik talep dikkat \u00e7ekici seviyelere ula\u015f\u0131rken, \u015firket \u00fcretim ve lojistik operasyonlar\u0131n\u0131 bu yo\u011funlu\u011fa g\u00f6re yeniden planlad\u0131 ve t\u00fcm talepleri eksiksiz bir \u015fekilde kar\u015f\u0131lad\u0131.<\/p>\n<p><img decoding=\"async\" src=\"https:\/\/bihavadis.com\/wp-content\/uploads\/2026\/03\/pidelik-un-talebinde-yuzde-364luk-rekor-artis-0-3yicL8aT.jpg\"\/><\/p>\n<p><strong>&#8220;\u0130FTAR SOFRALARININ VAZGE\u00c7\u0130LMEZ\u0130 RAMAZAN P\u0130DES\u0130&#8221;<\/strong><\/p>\n<p>Pidenin iftar sofralar\u0131n\u0131n vazge\u00e7ilmezi oldu\u011funu belirten Eksun G\u0131da Grubu Ba\u015fkan\u0131 ve CEO&#8217;su Hasan Abdullah \u00d6zkan \u015funlar\u0131 s\u00f6yledi:<\/p>\n<p>\u201cPidelik un talebinde bu y\u0131l rekor bir art\u0131\u015f ya\u015fand\u0131. G\u00fc\u00e7l\u00fc \u00fcretim altyap\u0131m\u0131z ve yayg\u0131n da\u011f\u0131t\u0131m a\u011f\u0131m\u0131zla gelen t\u00fcm sipari\u015fleri ba\u015far\u0131yla y\u00f6netmeyi ba\u015fard\u0131k. \u015eirket olarak Ramazan ay\u0131nda ortaya \u00e7\u0131kan yo\u011fun talebi kar\u015f\u0131layabilmek i\u00e7in \u00f6ncesinde \u00f6zel bir stratejik planlama yapt\u0131k. Konya ve Tekirda\u011f\u2019daki fabrikalar\u0131m\u0131zda kapasite art\u0131\u015f\u0131na kar\u015f\u0131n \u00fcretim bantlar\u0131ndaki haz\u0131rl\u0131klar\u0131m\u0131z\u0131 tamamlad\u0131k. Ard\u0131ndan fabrika \u00e7al\u0131\u015fma takvimlerimizi buna g\u00f6re organize ettik. Her Ramazan ay\u0131nda oldu\u011fu gibi bu y\u0131l da Eksun G\u0131da ve Sinangil markam\u0131zla iftar ve sahur sofralar\u0131nda yer alman\u0131n mutlulu\u011funu ya\u015f\u0131yoruz.\u201d<\/p>\n<p><strong>EN YO\u011eUN TALEP B\u00dcY\u00dcK \u015eEH\u0130RLERDEN GELD\u0130<\/strong><\/p>\n<p>\u015eirket verilerine g\u00f6re, Ramazan ay\u0131nda pidelik un talebinin en yo\u011fun oldu\u011fu iller de belli oldu. Bu iller aras\u0131nda \u00f6ne \u00e7\u0131kan ilk be\u015fi ise \u0130stanbul, Ankara, Kocaeli, Bursa ve Tekirda\u011f oldu. T\u00fcrkiye\u2019nin en b\u00fcy\u00fck metropolleri aras\u0131nda yer alan bu \u015fehirler, n\u00fcfuslar\u0131n\u0131n yan\u0131 s\u0131ra g\u00fc\u00e7l\u00fc f\u0131r\u0131nc\u0131l\u0131k k\u00fclt\u00fcrleriyle de \u00f6ne \u00e7\u0131k\u0131yor.<\/p>\n<div> <span><strong>Kaynak:<\/strong> Ensonhaber Haber Merkezi<\/span> <\/div>\n","protected":false},"excerpt":{"rendered":"<p>Eksun G\u0131da, Ramazan ay\u0131nda un t\u00fcketim al\u0131\u015fkanl\u0131klar\u0131na ili\u015fkin veriler payla\u015ft\u0131. Buna g\u00f6re Ramazan ay\u0131nda genel un talebi y\u00fczde 25 artarken, pidelik un talebi ise di\u011fer aylar\u0131n ayl\u0131k ortalamas\u0131na g\u00f6re y\u00fczde 364\u2019l\u00fck art\u0131\u015f g\u00f6sterdi. Bu rakam ge\u00e7en y\u0131l &#8230;<\/p>\n","protected":false},"author":1,"featured_media":64495,"comment_status":"open","ping_status":"open","sticky":false,"template":"","format":"standard","meta":{"footnotes":""},"categories":[8],"tags":[265,7444],"class_list":["post-64494","post","type-post","status-publish","format-standard","has-post-thumbnail","hentry","category-ekonomi","tag-artis","tag-ramazan-ayinda"],"_links":{"self":[{"href":"https:\/\/bihavadis.com\/index.php\/wp-json\/wp\/v2\/posts\/64494","targetHints":{"allow":["GET"]}}],"collection":[{"href":"https:\/\/bihavadis.com\/index.php\/wp-json\/wp\/v2\/posts"}],"about":[{"href":"https:\/\/bihavadis.com\/index.php\/wp-json\/wp\/v2\/types\/post"}],"author":[{"embeddable":true,"href":"https:\/\/bihavadis.com\/index.php\/wp-json\/wp\/v2\/users\/1"}],"replies":[{"embeddable":true,"href":"https:\/\/bihavadis.com\/index.php\/wp-json\/wp\/v2\/comments?post=64494"}],"version-history":[{"count":1,"href":"https:\/\/bihavadis.com\/index.php\/wp-json\/wp\/v2\/posts\/64494\/revisions"}],"predecessor-version":[{"id":64497,"href":"https:\/\/bihavadis.com\/index.php\/wp-json\/wp\/v2\/posts\/64494\/revisions\/64497"}],"wp:featuredmedia":[{"embeddable":true,"href":"https:\/\/bihavadis.com\/index.php\/wp-json\/wp\/v2\/media\/64495"}],"wp:attachment":[{"href":"https:\/\/bihavadis.com\/index.php\/wp-json\/wp\/v2\/media?parent=64494"}],"wp:term":[{"taxonomy":"category","embeddable":true,"href":"https:\/\/bihavadis.com\/index.php\/wp-json\/wp\/v2\/categories?post=64494"},{"taxonomy":"post_tag","embeddable":true,"href":"https:\/\/bihavadis.com\/index.php\/wp-json\/wp\/v2\/tags?post=64494"}],"curies":[{"name":"wp","href":"https:\/\/api.w.org\/{rel}","templated":true}]}}